{"id":100296,"date":"2015-06-03T23:50:48","date_gmt":"2015-06-03T23:50:48","guid":{"rendered":"http:\/\/www.mainstyle.org\/?p=100296"},"modified":"2015-06-03T23:51:41","modified_gmt":"2015-06-03T23:51:41","slug":"living-walls-graffiti-offenbach","status":"publish","type":"post","link":"https:\/\/mainstyle.org\/index.php\/2015\/06\/03\/living-walls-graffiti-offenbach\/","title":{"rendered":"Living Walls &#8211; Graffiti &#8211; Offenbach"},"content":{"rendered":"<p>Hallo zusammen,<\/p>\n<p>hat ein wenig gedauert, hier nun der Link zu allen &#8222;Living Walls&#8220; Bilder die ich bisher machen konnte.<a href=\"https:\/\/www.flickr.com\/photos\/mainstyle\/sets\/72157651652494713\" target=\"_blank\"><img data-recalc-dims=\"1\" loading=\"lazy\" decoding=\"async\" data-attachment-id=\"100297\" data-permalink=\"https:\/\/mainstyle.org\/index.php\/2015\/06\/03\/living-walls-graffiti-offenbach\/frankfurt_offenbach_living_walls_full-153-von-233\/\" data-orig-file=\"https:\/\/i0.wp.com\/mainstyle.org\/wp-content\/uploads\/Frankfurt_Offenbach_LIVING_WALLS_FULL-153-von-233.jpg?fit=2048%2C1360&amp;ssl=1\" data-orig-size=\"2048,1360\" data-comments-opened=\"1\" data-image-meta=\"{&quot;aperture&quot;:&quot;5&quot;,&quot;credit&quot;:&quot;&quot;,&quot;camera&quot;:&quot;NIKON D300S&quot;,&quot;caption&quot;:&quot;&quot;,&quot;created_timestamp&quot;:&quot;1379784818&quot;,&quot;copyright&quot;:&quot;&quot;,&quot;focal_length&quot;:&quot;100&quot;,&quot;iso&quot;:&quot;100&quot;,&quot;shutter_speed&quot;:&quot;0.01&quot;,&quot;title&quot;:&quot;&quot;,&quot;orientation&quot;:&quot;0&quot;}\" data-image-title=\"Frankfurt_Offenbach_LIVING_WALLS_FULL (153 von 233)\" data-image-description=\"\" data-image-caption=\"\" data-large-file=\"https:\/\/i0.wp.com\/mainstyle.org\/wp-content\/uploads\/Frankfurt_Offenbach_LIVING_WALLS_FULL-153-von-233.jpg?fit=584%2C388&amp;ssl=1\" class=\"alignnone size-large wp-image-100297\" src=\"https:\/\/i0.wp.com\/mainstyle.org\/wp-content\/uploads\/Frankfurt_Offenbach_LIVING_WALLS_FULL-153-von-233.jpg?resize=584%2C388&#038;ssl=1\" alt=\"Frankfurt_Offenbach_LIVING_WALLS_FULL (153 von 233)\" width=\"584\" height=\"388\" srcset=\"https:\/\/i0.wp.com\/mainstyle.org\/wp-content\/uploads\/Frankfurt_Offenbach_LIVING_WALLS_FULL-153-von-233.jpg?resize=1024%2C680&amp;ssl=1 1024w, https:\/\/i0.wp.com\/mainstyle.org\/wp-content\/uploads\/Frankfurt_Offenbach_LIVING_WALLS_FULL-153-von-233.jpg?resize=300%2C199&amp;ssl=1 300w, https:\/\/i0.wp.com\/mainstyle.org\/wp-content\/uploads\/Frankfurt_Offenbach_LIVING_WALLS_FULL-153-von-233.jpg?w=2048&amp;ssl=1 2048w, https:\/\/i0.wp.com\/mainstyle.org\/wp-content\/uploads\/Frankfurt_Offenbach_LIVING_WALLS_FULL-153-von-233.jpg?w=1168&amp;ssl=1 1168w, https:\/\/i0.wp.com\/mainstyle.org\/wp-content\/uploads\/Frankfurt_Offenbach_LIVING_WALLS_FULL-153-von-233.jpg?w=1752&amp;ssl=1 1752w\" sizes=\"auto, (max-width: 584px) 100vw, 584px\" \/><\/a><\/p>\n<p><a href=\"https:\/\/www.flickr.com\/photos\/mainstyle\/sets\/72157651652494713\" target=\"_blank\">https:\/\/www.flickr.com\/photos\/mainstyle\/sets\/72157651652494713<\/a><\/p>\n<p>Einige sind noch nachzuschie\u00dfen&#8230; Einige sind doppelt, egal&#8230;<\/p>\n<p>Have Phun &amp; Dank an Markus, das Offenbach viel bunter geworden ist!<\/p>\n","protected":false},"excerpt":{"rendered":"<p>Hallo zusammen, hat ein wenig gedauert, hier nun der Link zu allen &#8222;Living Walls&#8220; Bilder die ich bisher machen konnte. https:\/\/www.flickr.com\/photos\/mainstyle\/sets\/72157651652494713 Einige sind noch nachzuschie\u00dfen&#8230; Einige sind doppelt, egal&#8230; Have Phun &amp; Dank an Markus, das Offenbach viel bunter geworden &hellip; <a href=\"https:\/\/mainstyle.org\/index.php\/2015\/06\/03\/living-walls-graffiti-offenbach\/\">Weiterlesen <span class=\"meta-nav\">&rarr;<\/span><\/a><\/p>\n","protected":false},"author":360,"featured_media":0,"comment_status":"open","ping_status":"closed","sticky":false,"template":"","format":"standard","meta":{"jetpack_post_was_ever_published":false,"_jetpack_newsletter_access":"","_jetpack_dont_email_post_to_subs":false,"_jetpack_newsletter_tier_id":0,"_jetpack_memberships_contains_paywalled_content":false,"_jetpack_memberships_contains_paid_content":false,"footnotes":""},"categories":[3],"tags":[485,21,476,179,472,136,480,467,458,481,129,172,478,14,469,130,47,79,484,313,425,124,15,471,470,207,297,466,54,479,468,483,475,477,24,474,482,465,304,404,98,473,32],"class_list":["post-100296","post","type-post","status-publish","format-standard","hentry","category-frankfurt-graffiti","tag-485","tag-21","tag-476","tag-alpha","tag-alphajoe","tag-astro","tag-atom","tag-bfree","tag-bud","tag-can2","tag-city","tag-cor","tag-dase","tag-dbl","tag-frankfurtgraffiti","tag-ghost","tag-graffiti","tag-honsar","tag-iron","tag-joe","tag-kane","tag-karo","tag-kent","tag-mad-c","tag-madc","tag-mainstyle","tag-mainstylefrankfurt","tag-markus","tag-me","tag-mos","tag-offenbachgraffiti","tag-panik","tag-pixel-juice","tag-pixeljuice23","tag-rmc","tag-s2k","tag-smash","tag-sprayart","tag-spraycanart","tag-streetart","tag-tnb","tag-weazel","tag-zip"],"jetpack_featured_media_url":"","jetpack_shortlink":"https:\/\/wp.me\/p4RzNO-q5G","jetpack_likes_enabled":true,"jetpack_sharing_enabled":true,"jetpack-related-posts":[{"id":5499489,"url":"https:\/\/mainstyle.org\/index.php\/2022\/09\/25\/offenbach-hafen-2022\/","url_meta":{"origin":100296,"position":0},"title":"OFFENBACH HAFEN 2022","author":"admin","date":"2022-09-25","format":"gallery","excerpt":"Ich Rahmen des Riviera 2022 Festivals wurde m\u00f6glicherweise ein letztes mal am OF Hafen gegen\u00fcber von den G\u00e4rten gemalt.Anbei Fotos von den W\u00e4nden und auch ein paar alte Pieces, Tags, rundherum um die Wall.R.I.P. Sway, Fink. Danke an die K\u00fcnstler!","rel":"","context":"In &quot;OffenbachHafen&quot;","block_context":{"text":"OffenbachHafen","link":"https:\/\/mainstyle.org\/index.php\/category\/offenbachhafen\/"},"img":{"alt_text":"","src":"https:\/\/i0.wp.com\/mainstyle.org\/wp-content\/uploads\/OffenbachHafen2022_Header_1.jpg?fit=1200%2C388&ssl=1&resize=350%2C200","width":350,"height":200,"srcset":"https:\/\/i0.wp.com\/mainstyle.org\/wp-content\/uploads\/OffenbachHafen2022_Header_1.jpg?fit=1200%2C388&ssl=1&resize=350%2C200 1x, https:\/\/i0.wp.com\/mainstyle.org\/wp-content\/uploads\/OffenbachHafen2022_Header_1.jpg?fit=1200%2C388&ssl=1&resize=525%2C300 1.5x, https:\/\/i0.wp.com\/mainstyle.org\/wp-content\/uploads\/OffenbachHafen2022_Header_1.jpg?fit=1200%2C388&ssl=1&resize=700%2C400 2x, https:\/\/i0.wp.com\/mainstyle.org\/wp-content\/uploads\/OffenbachHafen2022_Header_1.jpg?fit=1200%2C388&ssl=1&resize=1050%2C600 3x"},"classes":[]},{"id":78368,"url":"https:\/\/mainstyle.org\/index.php\/2015\/03\/02\/heddernheimerlandstrasse-nordi-heute-und-vor-23-jahren\/","url_meta":{"origin":100296,"position":1},"title":"Heddernheimerlandstrasse Nordi heute und vor ~23 Jahren + EGU Tunnel Offenbach","author":"admin","date":"2015-03-02","format":false,"excerpt":"Das ist ja schon interessant, der Vergleich, fr\u00fcher, heute, deshalb gibt es ja den Blog. Graffiti aus 1989\/1990 und 2014 Frankfurt Heddernheim & EGU Tunnel Offenbach ! Foto von Steffen G. 2013 UND HEUTE ??? UND davor ??? SCH\u00d6N :D Alles UND, Offenbach der EGU Tunnel Offenbach von damals 1989.\u2026","rel":"","context":"In &quot;Frankfurt Graffiti&quot;","block_context":{"text":"Frankfurt Graffiti","link":"https:\/\/mainstyle.org\/index.php\/category\/frankfurt-graffiti\/"},"img":{"alt_text":"","src":"https:\/\/i0.wp.com\/mainstyle.org\/wp-content\/uploads\/EGU_Tunnel_OF_Steffen.g.jpg?resize=350%2C200&ssl=1","width":350,"height":200,"srcset":"https:\/\/i0.wp.com\/mainstyle.org\/wp-content\/uploads\/EGU_Tunnel_OF_Steffen.g.jpg?resize=350%2C200&ssl=1 1x, https:\/\/i0.wp.com\/mainstyle.org\/wp-content\/uploads\/EGU_Tunnel_OF_Steffen.g.jpg?resize=525%2C300&ssl=1 1.5x, https:\/\/i0.wp.com\/mainstyle.org\/wp-content\/uploads\/EGU_Tunnel_OF_Steffen.g.jpg?resize=700%2C400&ssl=1 2x, https:\/\/i0.wp.com\/mainstyle.org\/wp-content\/uploads\/EGU_Tunnel_OF_Steffen.g.jpg?resize=1050%2C600&ssl=1 3x, https:\/\/i0.wp.com\/mainstyle.org\/wp-content\/uploads\/EGU_Tunnel_OF_Steffen.g.jpg?resize=1400%2C800&ssl=1 4x"},"classes":[]},{"id":496926,"url":"https:\/\/mainstyle.org\/index.php\/2017\/04\/10\/das-dreckige-dutzend-breitenbachbruecke-part2\/","url_meta":{"origin":100296,"position":2},"title":"Das Dreckige Dutzend Breitenbachbr\u00fccke Part2","author":"admin","date":"2017-04-10","format":"gallery","excerpt":"Hallo zusammen, am Sonntag den 09.April.17 wurde die Wand an der Breitenbachbr\u00fccke unter dem Motto \"von Stadt zu Stadt\" nun fertig gemalt (bis auf ein Piece). Anbei die finalen Bilder. On da Wall: AMANDA, AMBER, BUD, CREIS, DAWO, ALPHA JOE, SMOE, RICO, STOKER und NAME. Have Phun!","rel":"","context":"In &quot;Das dreckige Dutzend&quot;","block_context":{"text":"Das dreckige Dutzend","link":"https:\/\/mainstyle.org\/index.php\/category\/das-dreckige-dutzend\/"},"img":{"alt_text":"","src":"https:\/\/i0.wp.com\/mainstyle.org\/wp-content\/uploads\/Das-dreckige-Dutzend-2017-1-3.jpg?fit=1024%2C681&ssl=1&resize=350%2C200","width":350,"height":200,"srcset":"https:\/\/i0.wp.com\/mainstyle.org\/wp-content\/uploads\/Das-dreckige-Dutzend-2017-1-3.jpg?fit=1024%2C681&ssl=1&resize=350%2C200 1x, https:\/\/i0.wp.com\/mainstyle.org\/wp-content\/uploads\/Das-dreckige-Dutzend-2017-1-3.jpg?fit=1024%2C681&ssl=1&resize=525%2C300 1.5x, https:\/\/i0.wp.com\/mainstyle.org\/wp-content\/uploads\/Das-dreckige-Dutzend-2017-1-3.jpg?fit=1024%2C681&ssl=1&resize=700%2C400 2x"},"classes":[]},{"id":492820,"url":"https:\/\/mainstyle.org\/index.php\/2017\/04\/08\/das-dreckige-dutzend-breitenbachbruecke-08-april-17-part1\/","url_meta":{"origin":100296,"position":3},"title":"Das Dreckige Dutzend Breitenbachbr\u00fccke 08.April.17 Part1","author":"admin","date":"2017-04-08","format":"gallery","excerpt":"Hallo zusammen, das Wetter war gut, zahlreiche Besucher kamen vorbei und die Damen und Herren an der Wall haben flei\u00dfig gemalt\/gespr\u00fcht, also wenn ich sie nicht mit meinem Gebabbel abgehalten habe :) On da Wall: AMANDA, AMBER, BUD, CREIS, DAWO, ALPHA JOE, SMOE, RICO, STOKER und NAME. Das Dreckige Dutzend\u2026","rel":"","context":"In &quot;Das dreckige Dutzend&quot;","block_context":{"text":"Das dreckige Dutzend","link":"https:\/\/mainstyle.org\/index.php\/category\/das-dreckige-dutzend\/"},"img":{"alt_text":"","src":"https:\/\/i0.wp.com\/mainstyle.org\/wp-content\/uploads\/Das_dreckige_Dutzend_I_2017-1.jpg?fit=1024%2C681&ssl=1&resize=350%2C200","width":350,"height":200,"srcset":"https:\/\/i0.wp.com\/mainstyle.org\/wp-content\/uploads\/Das_dreckige_Dutzend_I_2017-1.jpg?fit=1024%2C681&ssl=1&resize=350%2C200 1x, https:\/\/i0.wp.com\/mainstyle.org\/wp-content\/uploads\/Das_dreckige_Dutzend_I_2017-1.jpg?fit=1024%2C681&ssl=1&resize=525%2C300 1.5x, https:\/\/i0.wp.com\/mainstyle.org\/wp-content\/uploads\/Das_dreckige_Dutzend_I_2017-1.jpg?fit=1024%2C681&ssl=1&resize=700%2C400 2x"},"classes":[]},{"id":7718,"url":"https:\/\/mainstyle.org\/index.php\/2013\/06\/01\/character-jam-2013-jugendhaus-am-bugel-frankfurt-nieder-eschbach-bonames\/","url_meta":{"origin":100296,"position":4},"title":"Character Jam 2013 Jugendhaus am B\u00fcgel (Frankfurt Nieder-Eschbach) Part 1","author":"admin","date":"2013-06-01","format":false,"excerpt":"Am 25.ten und 26.ten Mai fand auf dem Gel\u00e4nde des Jugendhauses am B\u00fcgel (Evangelischer Verein f\u00fcr Jugendsozialarbeit in Frankfurt e.V.)\u00a0in Frankfurt-Nieder-Eschbach zum dritten Mal der\u00a0Character Jam, ein\u00a0Graffiti-Event mit dem Fokus auf Character's statt. Hier der Part 1. Mit dabei: NAXOS-Bande, CASE, KENT, ME, KEEN K, COR, MONKEY, CANZ 31, FUEGO,\u2026","rel":"","context":"In &quot;Frankfurt Graffiti&quot;","block_context":{"text":"Frankfurt Graffiti","link":"https:\/\/mainstyle.org\/index.php\/category\/frankfurt-graffiti\/"},"img":{"alt_text":"","src":"https:\/\/i0.wp.com\/mainstyle.org\/wp-content\/uploads\/Character_Jam_2013_Jugendhaus_Buegel_-12.jpg?fit=1200%2C797&ssl=1&resize=350%2C200","width":350,"height":200,"srcset":"https:\/\/i0.wp.com\/mainstyle.org\/wp-content\/uploads\/Character_Jam_2013_Jugendhaus_Buegel_-12.jpg?fit=1200%2C797&ssl=1&resize=350%2C200 1x, https:\/\/i0.wp.com\/mainstyle.org\/wp-content\/uploads\/Character_Jam_2013_Jugendhaus_Buegel_-12.jpg?fit=1200%2C797&ssl=1&resize=525%2C300 1.5x, https:\/\/i0.wp.com\/mainstyle.org\/wp-content\/uploads\/Character_Jam_2013_Jugendhaus_Buegel_-12.jpg?fit=1200%2C797&ssl=1&resize=700%2C400 2x, https:\/\/i0.wp.com\/mainstyle.org\/wp-content\/uploads\/Character_Jam_2013_Jugendhaus_Buegel_-12.jpg?fit=1200%2C797&ssl=1&resize=1050%2C600 3x"},"classes":[]},{"id":786,"url":"https:\/\/mainstyle.org\/index.php\/2012\/03\/25\/pieces-kaiserlei-riederhofe-frankfurt-offenbach-teil1\/","url_meta":{"origin":100296,"position":5},"title":"Pieces Kaiserlei Riederh\u00f6fe Frankfurt Offenbach Teil1 2012","author":"admin","date":"2012-03-25","format":"gallery","excerpt":"","rel":"","context":"In &quot;Frankfurt Graffiti&quot;","block_context":{"text":"Frankfurt Graffiti","link":"https:\/\/mainstyle.org\/index.php\/category\/frankfurt-graffiti\/"},"img":{"alt_text":"","src":"https:\/\/i0.wp.com\/mainstyle.org\/wp-content\/uploads\/Kaiserlei_Riederh%C3%B6fe_bis2012_Teil1_-1-von-73.jpg?resize=350%2C200","width":350,"height":200},"classes":[]}],"_links":{"self":[{"href":"https:\/\/mainstyle.org\/index.php\/wp-json\/wp\/v2\/posts\/100296","targetHints":{"allow":["GET"]}}],"collection":[{"href":"https:\/\/mainstyle.org\/index.php\/wp-json\/wp\/v2\/posts"}],"about":[{"href":"https:\/\/mainstyle.org\/index.php\/wp-json\/wp\/v2\/types\/post"}],"author":[{"embeddable":true,"href":"https:\/\/mainstyle.org\/index.php\/wp-json\/wp\/v2\/users\/360"}],"replies":[{"embeddable":true,"href":"https:\/\/mainstyle.org\/index.php\/wp-json\/wp\/v2\/comments?post=100296"}],"version-history":[{"count":2,"href":"https:\/\/mainstyle.org\/index.php\/wp-json\/wp\/v2\/posts\/100296\/revisions"}],"predecessor-version":[{"id":100304,"href":"https:\/\/mainstyle.org\/index.php\/wp-json\/wp\/v2\/posts\/100296\/revisions\/100304"}],"wp:attachment":[{"href":"https:\/\/mainstyle.org\/index.php\/wp-json\/wp\/v2\/media?parent=100296"}],"wp:term":[{"taxonomy":"category","embeddable":true,"href":"https:\/\/mainstyle.org\/index.php\/wp-json\/wp\/v2\/categories?post=100296"},{"taxonomy":"post_tag","embeddable":true,"href":"https:\/\/mainstyle.org\/index.php\/wp-json\/wp\/v2\/tags?post=100296"}],"curies":[{"name":"wp","href":"https:\/\/api.w.org\/{rel}","templated":true}]}}