{"id":1005796,"date":"2018-02-03T21:33:08","date_gmt":"2018-02-03T20:33:08","guid":{"rendered":"http:\/\/www.mainstyle.org\/?p=1005796"},"modified":"2018-02-12T22:37:12","modified_gmt":"2018-02-12T21:37:12","slug":"graffiti-special-mainz-am-gonsenheimer-sand-75-pix","status":"publish","type":"post","link":"https:\/\/mainstyle.org\/index.php\/2018\/02\/03\/graffiti-special-mainz-am-gonsenheimer-sand-75-pix\/","title":{"rendered":"Graffiti Special Mainz Am Gonsenheimer Sand &#8211; 75 PIX"},"content":{"rendered":"<p>Hallo zusammen,<\/p>\n<p>anbei ein kleine Auswahl von Graffiti aus Mainz aus den Jahren 2016-2018. Have Phun!<\/p>\n\n\t\t<style type=\"text\/css\">\n\t\t\t#gallery-1 {\n\t\t\t\tmargin: auto;\n\t\t\t}\n\t\t\t#gallery-1 .gallery-item {\n\t\t\t\tfloat: left;\n\t\t\t\tmargin-top: 10px;\n\t\t\t\ttext-align: center;\n\t\t\t\twidth: 33%;\n\t\t\t}\n\t\t\t#gallery-1 img {\n\t\t\t\tborder: 2px solid #cfcfcf;\n\t\t\t}\n\t\t\t#gallery-1 .gallery-caption {\n\t\t\t\tmargin-left: 0;\n\t\t\t}\n\t\t\t\/* see gallery_shortcode() in wp-includes\/media.php *\/\n\t\t<\/style>\n\t\t<div data-carousel-extra='{&quot;blog_id&quot;:1,&quot;permalink&quot;:&quot;https:\/\/mainstyle.org\/index.php\/2018\/02\/03\/graffiti-special-mainz-am-gonsenheimer-sand-75-pix\/&quot;}' id='gallery-1' class='gallery galleryid-1005796 gallery-columns-3 gallery-size-thumbnail'><dl class='gallery-item'>\n\t\t\t<dt class='gallery-icon landscape'>\n\t\t\t\t<a href='https:\/\/mainstyle.org\/index.php\/2018\/02\/03\/graffiti-special-mainz-am-gonsenheimer-sand-75-pix\/graffiti_mainz_hall_of_fame_2016-2018-1\/'><img loading=\"lazy\" decoding=\"async\" width=\"150\" height=\"150\" src=\"https:\/\/i0.wp.com\/mainstyle.org\/wp-content\/uploads\/Graffiti_Mainz_Hall_of_Fame_2016-2018-1.jpg?resize=150%2C150&amp;ssl=1\" class=\"attachment-thumbnail size-thumbnail\" alt=\"\" srcset=\"https:\/\/i0.wp.com\/mainstyle.org\/wp-content\/uploads\/Graffiti_Mainz_Hall_of_Fame_2016-2018-1.jpg?resize=150%2C150&amp;ssl=1 150w, https:\/\/i0.wp.com\/mainstyle.org\/wp-content\/uploads\/Graffiti_Mainz_Hall_of_Fame_2016-2018-1.jpg?zoom=2&amp;resize=150%2C150&amp;ssl=1 300w, https:\/\/i0.wp.com\/mainstyle.org\/wp-content\/uploads\/Graffiti_Mainz_Hall_of_Fame_2016-2018-1.jpg?zoom=3&amp;resize=150%2C150&amp;ssl=1 450w\" sizes=\"auto, (max-width: 150px) 100vw, 150px\" data-attachment-id=\"1005805\" data-permalink=\"https:\/\/mainstyle.org\/index.php\/2018\/02\/03\/graffiti-special-mainz-am-gonsenheimer-sand-75-pix\/graffiti_mainz_hall_of_fame_2016-2018-1\/\" data-orig-file=\"https:\/\/i0.wp.com\/mainstyle.org\/wp-content\/uploads\/Graffiti_Mainz_Hall_of_Fame_2016-2018-1.jpg?fit=1024%2C684&amp;ssl=1\" data-orig-size=\"1024,684\" data-comments-opened=\"1\" data-image-meta=\"{&quot;aperture&quot;:&quot;3.5&quot;,&quot;credit&quot;:&quot;JOERG KUBEREK&quot;,&quot;camera&quot;:&quot;NIKON D750&quot;,&quot;caption&quot;:&quot;&quot;,&quot;created_timestamp&quot;:&quot;1517070559&quot;,&quot;copyright&quot;:&quot;&quot;,&quot;focal_length&quot;:&quot;55&quot;,&quot;iso&quot;:&quot;5600&quot;,&quot;shutter_speed&quot;:&quot;0.016666666666667&quot;,&quot;title&quot;:&quot;&quot;,&quot;orientation&quot;:&quot;0&quot;}\" data-image-title=\"Graffiti_Mainz_Hall_of_Fame_2016-2018-1\" data-image-description=\"\" data-image-caption=\"\" data-large-file=\"https:\/\/i0.wp.com\/mainstyle.org\/wp-content\/uploads\/Graffiti_Mainz_Hall_of_Fame_2016-2018-1.jpg?fit=584%2C390&amp;ssl=1\" \/><\/a>\n\t\t\t<\/dt><\/dl><dl class='gallery-item'>\n\t\t\t<dt class='gallery-icon landscape'>\n\t\t\t\t<a href='https:\/\/mainstyle.org\/index.php\/2018\/02\/03\/graffiti-special-mainz-am-gonsenheimer-sand-75-pix\/graffiti_mainz_hall_of_fame_2016-2018-2\/'><img loading=\"lazy\" decoding=\"async\" width=\"150\" height=\"150\" src=\"https:\/\/i0.wp.com\/mainstyle.org\/wp-content\/uploads\/Graffiti_Mainz_Hall_of_Fame_2016-2018-2.jpg?resize=150%2C150&amp;ssl=1\" class=\"attachment-thumbnail size-thumbnail\" alt=\"\" srcset=\"https:\/\/i0.wp.com\/mainstyle.org\/wp-content\/uploads\/Graffiti_Mainz_Hall_of_Fame_2016-2018-2.jpg?resize=150%2C150&amp;ssl=1 150w, https:\/\/i0.wp.com\/mainstyle.org\/wp-content\/uploads\/Graffiti_Mainz_Hall_of_Fame_2016-2018-2.jpg?zoom=2&amp;resize=150%2C150&amp;ssl=1 300w, https:\/\/i0.wp.com\/mainstyle.org\/wp-content\/uploads\/Graffiti_Mainz_Hall_of_Fame_2016-2018-2.jpg?zoom=3&amp;resize=150%2C150&amp;ssl=1 450w\" sizes=\"auto, (max-width: 150px) 100vw, 150px\" data-attachment-id=\"1005807\" data-permalink=\"https:\/\/mainstyle.org\/index.php\/2018\/02\/03\/graffiti-special-mainz-am-gonsenheimer-sand-75-pix\/graffiti_mainz_hall_of_fame_2016-2018-2\/\" data-orig-file=\"https:\/\/i0.wp.com\/mainstyle.org\/wp-content\/uploads\/Graffiti_Mainz_Hall_of_Fame_2016-2018-2.jpg?fit=1024%2C684&amp;ssl=1\" data-orig-size=\"1024,684\" data-comments-opened=\"1\" data-image-meta=\"{&quot;aperture&quot;:&quot;3.5&quot;,&quot;credit&quot;:&quot;JOERG KUBEREK&quot;,&quot;camera&quot;:&quot;NIKON D750&quot;,&quot;caption&quot;:&quot;&quot;,&quot;created_timestamp&quot;:&quot;1517070303&quot;,&quot;copyright&quot;:&quot;&quot;,&quot;focal_length&quot;:&quot;55&quot;,&quot;iso&quot;:&quot;4000&quot;,&quot;shutter_speed&quot;:&quot;0.0125&quot;,&quot;title&quot;:&quot;&quot;,&quot;orientation&quot;:&quot;0&quot;}\" data-image-title=\"Graffiti_Mainz_Hall_of_Fame_2016-2018-2\" data-image-description=\"\" data-image-caption=\"\" data-large-file=\"https:\/\/i0.wp.com\/mainstyle.org\/wp-content\/uploads\/Graffiti_Mainz_Hall_of_Fame_2016-2018-2.jpg?fit=584%2C390&amp;ssl=1\" \/><\/a>\n\t\t\t<\/dt><\/dl><dl class='gallery-item'>\n\t\t\t<dt class='gallery-icon landscape'>\n\t\t\t\t<a href='https:\/\/mainstyle.org\/index.php\/2018\/02\/03\/graffiti-special-mainz-am-gonsenheimer-sand-75-pix\/graffiti_mainz_hall_of_fame_2016-2018-3\/'><img loading=\"lazy\" decoding=\"async\" width=\"150\" height=\"150\" src=\"https:\/\/i0.wp.com\/mainstyle.org\/wp-content\/uploads\/Graffiti_Mainz_Hall_of_Fame_2016-2018-3.jpg?resize=150%2C150&amp;ssl=1\" class=\"attachment-thumbnail size-thumbnail\" alt=\"\" srcset=\"https:\/\/i0.wp.com\/mainstyle.org\/wp-content\/uploads\/Graffiti_Mainz_Hall_of_Fame_2016-2018-3.jpg?resize=150%2C150&amp;ssl=1 150w, https:\/\/i0.wp.com\/mainstyle.org\/wp-content\/uploads\/Graffiti_Mainz_Hall_of_Fame_2016-2018-3.jpg?zoom=2&amp;resize=150%2C150&amp;ssl=1 300w, https:\/\/i0.wp.com\/mainstyle.org\/wp-content\/uploads\/Graffiti_Mainz_Hall_of_Fame_2016-2018-3.jpg?zoom=3&amp;resize=150%2C150&amp;ssl=1 450w\" sizes=\"auto, (max-width: 150px) 100vw, 150px\" data-attachment-id=\"1005809\" data-permalink=\"https:\/\/mainstyle.org\/index.php\/2018\/02\/03\/graffiti-special-mainz-am-gonsenheimer-sand-75-pix\/graffiti_mainz_hall_of_fame_2016-2018-3\/\" data-orig-file=\"https:\/\/i0.wp.com\/mainstyle.org\/wp-content\/uploads\/Graffiti_Mainz_Hall_of_Fame_2016-2018-3.jpg?fit=1024%2C684&amp;ssl=1\" data-orig-size=\"1024,684\" data-comments-opened=\"1\" data-image-meta=\"{&quot;aperture&quot;:&quot;4&quot;,&quot;credit&quot;:&quot;JOERG KUBEREK&quot;,&quot;camera&quot;:&quot;NIKON D750&quot;,&quot;caption&quot;:&quot;&quot;,&quot;created_timestamp&quot;:&quot;1469040701&quot;,&quot;copyright&quot;:&quot;&quot;,&quot;focal_length&quot;:&quot;32&quot;,&quot;iso&quot;:&quot;800&quot;,&quot;shutter_speed&quot;:&quot;0.033333333333333&quot;,&quot;title&quot;:&quot;&quot;,&quot;orientation&quot;:&quot;0&quot;}\" data-image-title=\"Graffiti_Mainz_Hall_of_Fame_2016-2018-3\" data-image-description=\"\" data-image-caption=\"\" data-large-file=\"https:\/\/i0.wp.com\/mainstyle.org\/wp-content\/uploads\/Graffiti_Mainz_Hall_of_Fame_2016-2018-3.jpg?fit=584%2C390&amp;ssl=1\" \/><\/a>\n\t\t\t<\/dt><\/dl><br style=\"clear: both\" \/><dl class='gallery-item'>\n\t\t\t<dt class='gallery-icon portrait'>\n\t\t\t\t<a href='https:\/\/mainstyle.org\/index.php\/2018\/02\/03\/graffiti-special-mainz-am-gonsenheimer-sand-75-pix\/graffiti_mainz_hall_of_fame_2016-2018-4\/'><img loading=\"lazy\" decoding=\"async\" width=\"150\" height=\"150\" src=\"https:\/\/i0.wp.com\/mainstyle.org\/wp-content\/uploads\/Graffiti_Mainz_Hall_of_Fame_2016-2018-4.jpg?resize=150%2C150&amp;ssl=1\" class=\"attachment-thumbnail size-thumbnail\" alt=\"\" srcset=\"https:\/\/i0.wp.com\/mainstyle.org\/wp-content\/uploads\/Graffiti_Mainz_Hall_of_Fame_2016-2018-4.jpg?resize=150%2C150&amp;ssl=1 150w, https:\/\/i0.wp.com\/mainstyle.org\/wp-content\/uploads\/Graffiti_Mainz_Hall_of_Fame_2016-2018-4.jpg?zoom=2&amp;resize=150%2C150&amp;ssl=1 300w, https:\/\/i0.wp.com\/mainstyle.org\/wp-content\/uploads\/Graffiti_Mainz_Hall_of_Fame_2016-2018-4.jpg?zoom=3&amp;resize=150%2C150&amp;ssl=1 450w\" sizes=\"auto, (max-width: 150px) 100vw, 150px\" data-attachment-id=\"1005811\" data-permalink=\"https:\/\/mainstyle.org\/index.php\/2018\/02\/03\/graffiti-special-mainz-am-gonsenheimer-sand-75-pix\/graffiti_mainz_hall_of_fame_2016-2018-4\/\" data-orig-file=\"https:\/\/i0.wp.com\/mainstyle.org\/wp-content\/uploads\/Graffiti_Mainz_Hall_of_Fame_2016-2018-4.jpg?fit=684%2C1024&amp;ssl=1\" data-orig-size=\"684,1024\" data-comments-opened=\"1\" data-image-meta=\"{&quot;aperture&quot;:&quot;4&quot;,&quot;credit&quot;:&quot;JOERG KUBEREK&quot;,&quot;camera&quot;:&quot;NIKON D750&quot;,&quot;caption&quot;:&quot;&quot;,&quot;created_timestamp&quot;:&quot;1469040711&quot;,&quot;copyright&quot;:&quot;&quot;,&quot;focal_length&quot;:&quot;32&quot;,&quot;iso&quot;:&quot;400&quot;,&quot;shutter_speed&quot;:&quot;0.033333333333333&quot;,&quot;title&quot;:&quot;&quot;,&quot;orientation&quot;:&quot;0&quot;}\" data-image-title=\"Graffiti_Mainz_Hall_of_Fame_2016-2018-4\" data-image-description=\"\" data-image-caption=\"\" data-large-file=\"https:\/\/i0.wp.com\/mainstyle.org\/wp-content\/uploads\/Graffiti_Mainz_Hall_of_Fame_2016-2018-4.jpg?fit=584%2C874&amp;ssl=1\" \/><\/a>\n\t\t\t<\/dt><\/dl><dl class='gallery-item'>\n\t\t\t<dt class='gallery-icon landscape'>\n\t\t\t\t<a href='https:\/\/mainstyle.org\/index.php\/2018\/02\/03\/graffiti-special-mainz-am-gonsenheimer-sand-75-pix\/graffiti_mainz_hall_of_fame_2016-2018-5\/'><img loading=\"lazy\" decoding=\"async\" width=\"150\" height=\"150\" src=\"https:\/\/i0.wp.com\/mainstyle.org\/wp-content\/uploads\/Graffiti_Mainz_Hall_of_Fame_2016-2018-5.jpg?resize=150%2C150&amp;ssl=1\" class=\"attachment-thumbnail size-thumbnail\" alt=\"\" srcset=\"https:\/\/i0.wp.com\/mainstyle.org\/wp-content\/uploads\/Graffiti_Mainz_Hall_of_Fame_2016-2018-5.jpg?resize=150%2C150&amp;ssl=1 150w, https:\/\/i0.wp.com\/mainstyle.org\/wp-content\/uploads\/Graffiti_Mainz_Hall_of_Fame_2016-2018-5.jpg?zoom=2&amp;resize=150%2C150&amp;ssl=1 300w, https:\/\/i0.wp.com\/mainstyle.org\/wp-content\/uploads\/Graffiti_Mainz_Hall_of_Fame_2016-2018-5.jpg?zoom=3&amp;resize=150%2C150&amp;ssl=1 450w\" sizes=\"auto, (max-width: 150px) 100vw, 150px\" data-attachment-id=\"1005813\" data-permalink=\"https:\/\/mainstyle.org\/index.php\/2018\/02\/03\/graffiti-special-mainz-am-gonsenheimer-sand-75-pix\/graffiti_mainz_hall_of_fame_2016-2018-5\/\" data-orig-file=\"https:\/\/i0.wp.com\/mainstyle.org\/wp-content\/uploads\/Graffiti_Mainz_Hall_of_Fame_2016-2018-5.jpg?fit=1024%2C684&amp;ssl=1\" data-orig-size=\"1024,684\" data-comments-opened=\"1\" data-image-meta=\"{&quot;aperture&quot;:&quot;4&quot;,&quot;credit&quot;:&quot;JOERG KUBEREK&quot;,&quot;camera&quot;:&quot;NIKON D750&quot;,&quot;caption&quot;:&quot;&quot;,&quot;created_timestamp&quot;:&quot;1469040739&quot;,&quot;copyright&quot;:&quot;&quot;,&quot;focal_length&quot;:&quot;38&quot;,&quot;iso&quot;:&quot;720&quot;,&quot;shutter_speed&quot;:&quot;0.016666666666667&quot;,&quot;title&quot;:&quot;&quot;,&quot;orientation&quot;:&quot;0&quot;}\" data-image-title=\"Graffiti_Mainz_Hall_of_Fame_2016-2018-5\" data-image-description=\"\" data-image-caption=\"\" data-large-file=\"https:\/\/i0.wp.com\/mainstyle.org\/wp-content\/uploads\/Graffiti_Mainz_Hall_of_Fame_2016-2018-5.jpg?fit=584%2C390&amp;ssl=1\" \/><\/a>\n\t\t\t<\/dt><\/dl><dl class='gallery-item'>\n\t\t\t<dt class='gallery-icon portrait'>\n\t\t\t\t<a href='https:\/\/mainstyle.org\/index.php\/2018\/02\/03\/graffiti-special-mainz-am-gonsenheimer-sand-75-pix\/graffiti_mainz_hall_of_fame_2016-2018-6\/'><img loading=\"lazy\" decoding=\"async\" width=\"150\" height=\"150\" src=\"https:\/\/i0.wp.com\/mainstyle.org\/wp-content\/uploads\/Graffiti_Mainz_Hall_of_Fame_2016-2018-6.jpg?resize=150%2C150&amp;ssl=1\" class=\"attachment-thumbnail size-thumbnail\" alt=\"\" srcset=\"https:\/\/i0.wp.com\/mainstyle.org\/wp-content\/uploads\/Graffiti_Mainz_Hall_of_Fame_2016-2018-6.jpg?resize=150%2C150&amp;ssl=1 150w, https:\/\/i0.wp.com\/mainstyle.org\/wp-content\/uploads\/Graffiti_Mainz_Hall_of_Fame_2016-2018-6.jpg?zoom=2&amp;resize=150%2C150&amp;ssl=1 300w, https:\/\/i0.wp.com\/mainstyle.org\/wp-content\/uploads\/Graffiti_Mainz_Hall_of_Fame_2016-2018-6.jpg?zoom=3&amp;resize=150%2C150&amp;ssl=1 450w\" sizes=\"auto, (max-width: 150px) 100vw, 150px\" data-attachment-id=\"1005815\" data-permalink=\"https:\/\/mainstyle.org\/index.php\/2018\/02\/03\/graffiti-special-mainz-am-gonsenheimer-sand-75-pix\/graffiti_mainz_hall_of_fame_2016-2018-6\/\" data-orig-file=\"https:\/\/i0.wp.com\/mainstyle.org\/wp-content\/uploads\/Graffiti_Mainz_Hall_of_Fame_2016-2018-6.jpg?fit=684%2C1024&amp;ssl=1\" data-orig-size=\"684,1024\" data-comments-opened=\"1\" data-image-meta=\"{&quot;aperture&quot;:&quot;4&quot;,&quot;credit&quot;:&quot;JOERG KUBEREK&quot;,&quot;camera&quot;:&quot;NIKON D750&quot;,&quot;caption&quot;:&quot;&quot;,&quot;created_timestamp&quot;:&quot;1469040754&quot;,&quot;copyright&quot;:&quot;&quot;,&quot;focal_length&quot;:&quot;35&quot;,&quot;iso&quot;:&quot;180&quot;,&quot;shutter_speed&quot;:&quot;0.016666666666667&quot;,&quot;title&quot;:&quot;&quot;,&quot;orientation&quot;:&quot;0&quot;}\" data-image-title=\"Graffiti_Mainz_Hall_of_Fame_2016-2018-6\" data-image-description=\"\" data-image-caption=\"\" data-large-file=\"https:\/\/i0.wp.com\/mainstyle.org\/wp-content\/uploads\/Graffiti_Mainz_Hall_of_Fame_2016-2018-6.jpg?fit=584%2C874&amp;ssl=1\" \/><\/a>\n\t\t\t<\/dt><\/dl><br style=\"clear: both\" \/><dl class='gallery-item'>\n\t\t\t<dt class='gallery-icon landscape'>\n\t\t\t\t<a href='https:\/\/mainstyle.org\/index.php\/2018\/02\/03\/graffiti-special-mainz-am-gonsenheimer-sand-75-pix\/graffiti_mainz_hall_of_fame_2016-2018-7\/'><img loading=\"lazy\" decoding=\"async\" width=\"150\" height=\"150\" src=\"https:\/\/i0.wp.com\/mainstyle.org\/wp-content\/uploads\/Graffiti_Mainz_Hall_of_Fame_2016-2018-7.jpg?resize=150%2C150&amp;ssl=1\" class=\"attachment-thumbnail size-thumbnail\" alt=\"\" srcset=\"https:\/\/i0.wp.com\/mainstyle.org\/wp-content\/uploads\/Graffiti_Mainz_Hall_of_Fame_2016-2018-7.jpg?resize=150%2C150&amp;ssl=1 150w, https:\/\/i0.wp.com\/mainstyle.org\/wp-content\/uploads\/Graffiti_Mainz_Hall_of_Fame_2016-2018-7.jpg?zoom=2&amp;resize=150%2C150&amp;ssl=1 300w, https:\/\/i0.wp.com\/mainstyle.org\/wp-content\/uploads\/Graffiti_Mainz_Hall_of_Fame_2016-2018-7.jpg?zoom=3&amp;resize=150%2C150&amp;ssl=1 450w\" sizes=\"auto, (max-width: 150px) 100vw, 150px\" data-attachment-id=\"1005817\" data-permalink=\"https:\/\/mainstyle.org\/index.php\/2018\/02\/03\/graffiti-special-mainz-am-gonsenheimer-sand-75-pix\/graffiti_mainz_hall_of_fame_2016-2018-7\/\" data-orig-file=\"https:\/\/i0.wp.com\/mainstyle.org\/wp-content\/uploads\/Graffiti_Mainz_Hall_of_Fame_2016-2018-7.jpg?fit=1024%2C684&amp;ssl=1\" data-orig-size=\"1024,684\" data-comments-opened=\"1\" data-image-meta=\"{&quot;aperture&quot;:&quot;2.8&quot;,&quot;credit&quot;:&quot;JOERG KUBEREK&quot;,&quot;camera&quot;:&quot;NIKON D750&quot;,&quot;caption&quot;:&quot;&quot;,&quot;created_timestamp&quot;:&quot;1455473671&quot;,&quot;copyright&quot;:&quot;&quot;,&quot;focal_length&quot;:&quot;20&quot;,&quot;iso&quot;:&quot;2500&quot;,&quot;shutter_speed&quot;:&quot;0.016666666666667&quot;,&quot;title&quot;:&quot;&quot;,&quot;orientation&quot;:&quot;0&quot;}\" data-image-title=\"Graffiti_Mainz_Hall_of_Fame_2016-2018-7\" data-image-description=\"\" data-image-caption=\"\" data-large-file=\"https:\/\/i0.wp.com\/mainstyle.org\/wp-content\/uploads\/Graffiti_Mainz_Hall_of_Fame_2016-2018-7.jpg?fit=584%2C390&amp;ssl=1\" \/><\/a>\n\t\t\t<\/dt><\/dl><dl class='gallery-item'>\n\t\t\t<dt class='gallery-icon landscape'>\n\t\t\t\t<a href='https:\/\/mainstyle.org\/index.php\/2018\/02\/03\/graffiti-special-mainz-am-gonsenheimer-sand-75-pix\/graffiti_mainz_hall_of_fame_2016-2018-8\/'><img loading=\"lazy\" decoding=\"async\" width=\"150\" height=\"150\" src=\"https:\/\/i0.wp.com\/mainstyle.org\/wp-content\/uploads\/Graffiti_Mainz_Hall_of_Fame_2016-2018-8.jpg?resize=150%2C150&amp;ssl=1\" class=\"attachment-thumbnail size-thumbnail\" alt=\"\" srcset=\"https:\/\/i0.wp.com\/mainstyle.org\/wp-content\/uploads\/Graffiti_Mainz_Hall_of_Fame_2016-2018-8.jpg?resize=150%2C150&amp;ssl=1 150w, https:\/\/i0.wp.com\/mainstyle.org\/wp-content\/uploads\/Graffiti_Mainz_Hall_of_Fame_2016-2018-8.jpg?zoom=2&amp;resize=150%2C150&amp;ssl=1 300w, https:\/\/i0.wp.com\/mainstyle.org\/wp-content\/uploads\/Graffiti_Mainz_Hall_of_Fame_2016-2018-8.jpg?zoom=3&amp;resize=150%2C150&amp;ssl=1 450w\" sizes=\"auto, (max-width: 150px) 100vw, 150px\" data-attachment-id=\"1005819\" data-permalink=\"https:\/\/mainstyle.org\/index.php\/2018\/02\/03\/graffiti-special-mainz-am-gonsenheimer-sand-75-pix\/graffiti_mainz_hall_of_fame_2016-2018-8\/\" data-orig-file=\"https:\/\/i0.wp.com\/mainstyle.org\/wp-content\/uploads\/Graffiti_Mainz_Hall_of_Fame_2016-2018-8.jpg?fit=1024%2C684&amp;ssl=1\" data-orig-size=\"1024,684\" data-comments-opened=\"1\" data-image-meta=\"{&quot;aperture&quot;:&quot;2.8&quot;,&quot;credit&quot;:&quot;JOERG KUBEREK&quot;,&quot;camera&quot;:&quot;NIKON D750&quot;,&quot;caption&quot;:&quot;&quot;,&quot;created_timestamp&quot;:&quot;1455473679&quot;,&quot;copyright&quot;:&quot;&quot;,&quot;focal_length&quot;:&quot;20&quot;,&quot;iso&quot;:&quot;9000&quot;,&quot;shutter_speed&quot;:&quot;0.016666666666667&quot;,&quot;title&quot;:&quot;&quot;,&quot;orientation&quot;:&quot;0&quot;}\" data-image-title=\"Graffiti_Mainz_Hall_of_Fame_2016-2018-8\" data-image-description=\"\" data-image-caption=\"\" data-large-file=\"https:\/\/i0.wp.com\/mainstyle.org\/wp-content\/uploads\/Graffiti_Mainz_Hall_of_Fame_2016-2018-8.jpg?fit=584%2C390&amp;ssl=1\" \/><\/a>\n\t\t\t<\/dt><\/dl><dl class='gallery-item'>\n\t\t\t<dt class='gallery-icon landscape'>\n\t\t\t\t<a href='https:\/\/mainstyle.org\/index.php\/2018\/02\/03\/graffiti-special-mainz-am-gonsenheimer-sand-75-pix\/graffiti_mainz_hall_of_fame_2016-2018-9\/'><img loading=\"lazy\" decoding=\"async\" width=\"150\" height=\"150\" src=\"https:\/\/i0.wp.com\/mainstyle.org\/wp-content\/uploads\/Graffiti_Mainz_Hall_of_Fame_2016-2018-9.jpg?resize=150%2C150&amp;ssl=1\" class=\"attachment-thumbnail size-thumbnail\" alt=\"\" srcset=\"https:\/\/i0.wp.com\/mainstyle.org\/wp-content\/uploads\/Graffiti_Mainz_Hall_of_Fame_2016-2018-9.jpg?resize=150%2C150&amp;ssl=1 150w, https:\/\/i0.wp.com\/mainstyle.org\/wp-content\/uploads\/Graffiti_Mainz_Hall_of_Fame_2016-2018-9.jpg?zoom=2&amp;resize=150%2C150&amp;ssl=1 300w, https:\/\/i0.wp.com\/mainstyle.org\/wp-content\/uploads\/Graffiti_Mainz_Hall_of_Fame_2016-2018-9.jpg?zoom=3&amp;resize=150%2C150&amp;ssl=1 450w\" sizes=\"auto, (max-width: 150px) 100vw, 150px\" data-attachment-id=\"1005821\" data-permalink=\"https:\/\/mainstyle.org\/index.php\/2018\/02\/03\/graffiti-special-mainz-am-gonsenheimer-sand-75-pix\/graffiti_mainz_hall_of_fame_2016-2018-9\/\" data-orig-file=\"https:\/\/i0.wp.com\/mainstyle.org\/wp-content\/uploads\/Graffiti_Mainz_Hall_of_Fame_2016-2018-9.jpg?fit=1024%2C684&amp;ssl=1\" data-orig-size=\"1024,684\" data-comments-opened=\"1\" data-image-meta=\"{&quot;aperture&quot;:&quot;2.8&quot;,&quot;credit&quot;:&quot;JOERG KUBEREK&quot;,&quot;camera&quot;:&quot;NIKON D750&quot;,&quot;caption&quot;:&quot;&quot;,&quot;created_timestamp&quot;:&quot;1455473720&quot;,&quot;copyright&quot;:&quot;&quot;,&quot;focal_length&quot;:&quot;20&quot;,&quot;iso&quot;:&quot;1000&quot;,&quot;shutter_speed&quot;:&quot;0.016666666666667&quot;,&quot;title&quot;:&quot;&quot;,&quot;orientation&quot;:&quot;0&quot;}\" data-image-title=\"Graffiti_Mainz_Hall_of_Fame_2016-2018-9\" data-image-description=\"\" data-image-caption=\"\" data-large-file=\"https:\/\/i0.wp.com\/mainstyle.org\/wp-content\/uploads\/Graffiti_Mainz_Hall_of_Fame_2016-2018-9.jpg?fit=584%2C390&amp;ssl=1\" \/><\/a>\n\t\t\t<\/dt><\/dl><br style=\"clear: both\" \/><dl class='gallery-item'>\n\t\t\t<dt class='gallery-icon landscape'>\n\t\t\t\t<a href='https:\/\/mainstyle.org\/index.php\/2018\/02\/03\/graffiti-special-mainz-am-gonsenheimer-sand-75-pix\/graffiti_mainz_hall_of_fame_2016-2018-10\/'><img loading=\"lazy\" decoding=\"async\" width=\"150\" height=\"150\" src=\"https:\/\/i0.wp.com\/mainstyle.org\/wp-content\/uploads\/Graffiti_Mainz_Hall_of_Fame_2016-2018-10.jpg?resize=150%2C150&amp;ssl=1\" class=\"attachment-thumbnail size-thumbnail\" alt=\"\" srcset=\"https:\/\/i0.wp.com\/mainstyle.org\/wp-content\/uploads\/Graffiti_Mainz_Hall_of_Fame_2016-2018-10.jpg?resize=150%2C150&amp;ssl=1 150w, https:\/\/i0.wp.com\/mainstyle.org\/wp-content\/uploads\/Graffiti_Mainz_Hall_of_Fame_2016-2018-10.jpg?zoom=2&amp;resize=150%2C150&amp;ssl=1 300w, https:\/\/i0.wp.com\/mainstyle.org\/wp-content\/uploads\/Graffiti_Mainz_Hall_of_Fame_2016-2018-10.jpg?zoom=3&amp;resize=150%2C150&amp;ssl=1 450w\" sizes=\"auto, (max-width: 150px) 100vw, 150px\" data-attachment-id=\"1005823\" data-permalink=\"https:\/\/mainstyle.org\/index.php\/2018\/02\/03\/graffiti-special-mainz-am-gonsenheimer-sand-75-pix\/graffiti_mainz_hall_of_fame_2016-2018-10\/\" data-orig-file=\"https:\/\/i0.wp.com\/mainstyle.org\/wp-content\/uploads\/Graffiti_Mainz_Hall_of_Fame_2016-2018-10.jpg?fit=1024%2C684&amp;ssl=1\" data-orig-size=\"1024,684\" data-comments-opened=\"1\" data-image-meta=\"{&quot;aperture&quot;:&quot;2.8&quot;,&quot;credit&quot;:&quot;JOERG KUBEREK&quot;,&quot;camera&quot;:&quot;NIKON D750&quot;,&quot;caption&quot;:&quot;&quot;,&quot;created_timestamp&quot;:&quot;1455473703&quot;,&quot;copyright&quot;:&quot;&quot;,&quot;focal_length&quot;:&quot;20&quot;,&quot;iso&quot;:&quot;2800&quot;,&quot;shutter_speed&quot;:&quot;0.016666666666667&quot;,&quot;title&quot;:&quot;&quot;,&quot;orientation&quot;:&quot;0&quot;}\" data-image-title=\"Graffiti_Mainz_Hall_of_Fame_2016-2018-10\" data-image-description=\"\" data-image-caption=\"\" data-large-file=\"https:\/\/i0.wp.com\/mainstyle.org\/wp-content\/uploads\/Graffiti_Mainz_Hall_of_Fame_2016-2018-10.jpg?fit=584%2C390&amp;ssl=1\" \/><\/a>\n\t\t\t<\/dt><\/dl><dl class='gallery-item'>\n\t\t\t<dt class='gallery-icon landscape'>\n\t\t\t\t<a href='https:\/\/mainstyle.org\/index.php\/2018\/02\/03\/graffiti-special-mainz-am-gonsenheimer-sand-75-pix\/graffiti_mainz_hall_of_fame_2016-2018-11\/'><img loading=\"lazy\" decoding=\"async\" width=\"150\" height=\"150\" src=\"https:\/\/i0.wp.com\/mainstyle.org\/wp-content\/uploads\/Graffiti_Mainz_Hall_of_Fame_2016-2018-11.jpg?resize=150%2C150&amp;ssl=1\" class=\"attachment-thumbnail size-thumbnail\" alt=\"\" srcset=\"https:\/\/i0.wp.com\/mainstyle.org\/wp-content\/uploads\/Graffiti_Mainz_Hall_of_Fame_2016-2018-11.jpg?resize=150%2C150&amp;ssl=1 150w, https:\/\/i0.wp.com\/mainstyle.org\/wp-content\/uploads\/Graffiti_Mainz_Hall_of_Fame_2016-2018-11.jpg?zoom=2&amp;resize=150%2C150&amp;ssl=1 300w, https:\/\/i0.wp.com\/mainstyle.org\/wp-content\/uploads\/Graffiti_Mainz_Hall_of_Fame_2016-2018-11.jpg?zoom=3&amp;resize=150%2C150&amp;ssl=1 450w\" sizes=\"auto, (max-width: 150px) 100vw, 150px\" data-attachment-id=\"1005825\" data-permalink=\"https:\/\/mainstyle.org\/index.php\/2018\/02\/03\/graffiti-special-mainz-am-gonsenheimer-sand-75-pix\/graffiti_mainz_hall_of_fame_2016-2018-11\/\" data-orig-file=\"https:\/\/i0.wp.com\/mainstyle.org\/wp-content\/uploads\/Graffiti_Mainz_Hall_of_Fame_2016-2018-11.jpg?fit=1024%2C684&amp;ssl=1\" data-orig-size=\"1024,684\" data-comments-opened=\"1\" data-image-meta=\"{&quot;aperture&quot;:&quot;4&quot;,&quot;credit&quot;:&quot;JOERG KUBEREK&quot;,&quot;camera&quot;:&quot;NIKON D750&quot;,&quot;caption&quot;:&quot;&quot;,&quot;created_timestamp&quot;:&quot;1469040930&quot;,&quot;copyright&quot;:&quot;&quot;,&quot;focal_length&quot;:&quot;35&quot;,&quot;iso&quot;:&quot;400&quot;,&quot;shutter_speed&quot;:&quot;0.016666666666667&quot;,&quot;title&quot;:&quot;&quot;,&quot;orientation&quot;:&quot;0&quot;}\" data-image-title=\"Graffiti_Mainz_Hall_of_Fame_2016-2018-11\" data-image-description=\"\" data-image-caption=\"\" data-large-file=\"https:\/\/i0.wp.com\/mainstyle.org\/wp-content\/uploads\/Graffiti_Mainz_Hall_of_Fame_2016-2018-11.jpg?fit=584%2C390&amp;ssl=1\" \/><\/a>\n\t\t\t<\/dt><\/dl><dl class='gallery-item'>\n\t\t\t<dt class='gallery-icon landscape'>\n\t\t\t\t<a href='https:\/\/mainstyle.org\/index.php\/2018\/02\/03\/graffiti-special-mainz-am-gonsenheimer-sand-75-pix\/graffiti_mainz_hall_of_fame_2016-2018-12\/'><img loading=\"lazy\" decoding=\"async\" width=\"150\" height=\"150\" src=\"https:\/\/i0.wp.com\/mainstyle.org\/wp-content\/uploads\/Graffiti_Mainz_Hall_of_Fame_2016-2018-12.jpg?resize=150%2C150&amp;ssl=1\" class=\"attachment-thumbnail size-thumbnail\" alt=\"\" srcset=\"https:\/\/i0.wp.com\/mainstyle.org\/wp-content\/uploads\/Graffiti_Mainz_Hall_of_Fame_2016-2018-12.jpg?resize=150%2C150&amp;ssl=1 150w, https:\/\/i0.wp.com\/mainstyle.org\/wp-content\/uploads\/Graffiti_Mainz_Hall_of_Fame_2016-2018-12.jpg?zoom=2&amp;resize=150%2C150&amp;ssl=1 300w, https:\/\/i0.wp.com\/mainstyle.org\/wp-content\/uploads\/Graffiti_Mainz_Hall_of_Fame_2016-2018-12.jpg?zoom=3&amp;resize=150%2C150&amp;ssl=1 450w\" sizes=\"auto, (max-width: 150px) 100vw, 150px\" data-attachment-id=\"1005827\" data-permalink=\"https:\/\/mainstyle.org\/index.php\/2018\/02\/03\/graffiti-special-mainz-am-gonsenheimer-sand-75-pix\/graffiti_mainz_hall_of_fame_2016-2018-12\/\" data-orig-file=\"https:\/\/i0.wp.com\/mainstyle.org\/wp-content\/uploads\/Graffiti_Mainz_Hall_of_Fame_2016-2018-12.jpg?fit=1024%2C684&amp;ssl=1\" data-orig-size=\"1024,684\" data-comments-opened=\"1\" data-image-meta=\"{&quot;aperture&quot;:&quot;4&quot;,&quot;credit&quot;:&quot;JOERG KUBEREK&quot;,&quot;camera&quot;:&quot;NIKON D750&quot;,&quot;caption&quot;:&quot;&quot;,&quot;created_timestamp&quot;:&quot;1498063007&quot;,&quot;copyright&quot;:&quot;&quot;,&quot;focal_length&quot;:&quot;24&quot;,&quot;iso&quot;:&quot;100&quot;,&quot;shutter_speed&quot;:&quot;0.0125&quot;,&quot;title&quot;:&quot;&quot;,&quot;orientation&quot;:&quot;0&quot;}\" data-image-title=\"Graffiti_Mainz_Hall_of_Fame_2016-2018-12\" data-image-description=\"\" data-image-caption=\"\" data-large-file=\"https:\/\/i0.wp.com\/mainstyle.org\/wp-content\/uploads\/Graffiti_Mainz_Hall_of_Fame_2016-2018-12.jpg?fit=584%2C390&amp;ssl=1\" \/><\/a>\n\t\t\t<\/dt><\/dl><br style=\"clear: both\" \/><dl class='gallery-item'>\n\t\t\t<dt class='gallery-icon landscape'>\n\t\t\t\t<a href='https:\/\/mainstyle.org\/index.php\/2018\/02\/03\/graffiti-special-mainz-am-gonsenheimer-sand-75-pix\/graffiti_mainz_hall_of_fame_2016-2018-13\/'><img loading=\"lazy\" decoding=\"async\" width=\"150\" height=\"150\" src=\"https:\/\/i0.wp.com\/mainstyle.org\/wp-content\/uploads\/Graffiti_Mainz_Hall_of_Fame_2016-2018-13.jpg?resize=150%2C150&amp;ssl=1\" class=\"attachment-thumbnail size-thumbnail\" alt=\"\" srcset=\"https:\/\/i0.wp.com\/mainstyle.org\/wp-content\/uploads\/Graffiti_Mainz_Hall_of_Fame_2016-2018-13.jpg?resize=150%2C150&amp;ssl=1 150w, https:\/\/i0.wp.com\/mainstyle.org\/wp-content\/uploads\/Graffiti_Mainz_Hall_of_Fame_2016-2018-13.jpg?zoom=2&amp;resize=150%2C150&amp;ssl=1 300w, https:\/\/i0.wp.com\/mainstyle.org\/wp-content\/uploads\/Graffiti_Mainz_Hall_of_Fame_2016-2018-13.jpg?zoom=3&amp;resize=150%2C150&amp;ssl=1 450w\" sizes=\"auto, (max-width: 150px) 100vw, 150px\" data-attachment-id=\"1005829\" data-permalink=\"https:\/\/mainstyle.org\/index.php\/2018\/02\/03\/graffiti-special-mainz-am-gonsenheimer-sand-75-pix\/graffiti_mainz_hall_of_fame_2016-2018-13\/\" data-orig-file=\"https:\/\/i0.wp.com\/mainstyle.org\/wp-content\/uploads\/Graffiti_Mainz_Hall_of_Fame_2016-2018-13.jpg?fit=1024%2C684&amp;ssl=1\" data-orig-size=\"1024,684\" data-comments-opened=\"1\" data-image-meta=\"{&quot;aperture&quot;:&quot;4&quot;,&quot;credit&quot;:&quot;JOERG KUBEREK&quot;,&quot;camera&quot;:&quot;NIKON D750&quot;,&quot;caption&quot;:&quot;&quot;,&quot;created_timestamp&quot;:&quot;1498063013&quot;,&quot;copyright&quot;:&quot;&quot;,&quot;focal_length&quot;:&quot;48&quot;,&quot;iso&quot;:&quot;100&quot;,&quot;shutter_speed&quot;:&quot;0.0125&quot;,&quot;title&quot;:&quot;&quot;,&quot;orientation&quot;:&quot;0&quot;}\" data-image-title=\"Graffiti_Mainz_Hall_of_Fame_2016-2018-13\" data-image-description=\"\" data-image-caption=\"\" data-large-file=\"https:\/\/i0.wp.com\/mainstyle.org\/wp-content\/uploads\/Graffiti_Mainz_Hall_of_Fame_2016-2018-13.jpg?fit=584%2C390&amp;ssl=1\" \/><\/a>\n\t\t\t<\/dt><\/dl><dl class='gallery-item'>\n\t\t\t<dt class='gallery-icon landscape'>\n\t\t\t\t<a href='https:\/\/mainstyle.org\/index.php\/2018\/02\/03\/graffiti-special-mainz-am-gonsenheimer-sand-75-pix\/graffiti_mainz_hall_of_fame_2016-2018-14\/'><img loading=\"lazy\" decoding=\"async\" width=\"150\" height=\"150\" src=\"https:\/\/i0.wp.com\/mainstyle.org\/wp-content\/uploads\/Graffiti_Mainz_Hall_of_Fame_2016-2018-14.jpg?resize=150%2C150&amp;ssl=1\" class=\"attachment-thumbnail size-thumbnail\" alt=\"\" srcset=\"https:\/\/i0.wp.com\/mainstyle.org\/wp-content\/uploads\/Graffiti_Mainz_Hall_of_Fame_2016-2018-14.jpg?resize=150%2C150&amp;ssl=1 150w, https:\/\/i0.wp.com\/mainstyle.org\/wp-content\/uploads\/Graffiti_Mainz_Hall_of_Fame_2016-2018-14.jpg?zoom=2&amp;resize=150%2C150&amp;ssl=1 300w, https:\/\/i0.wp.com\/mainstyle.org\/wp-content\/uploads\/Graffiti_Mainz_Hall_of_Fame_2016-2018-14.jpg?zoom=3&amp;resize=150%2C150&amp;ssl=1 450w\" sizes=\"auto, (max-width: 150px) 100vw, 150px\" data-attachment-id=\"1005831\" data-permalink=\"https:\/\/mainstyle.org\/index.php\/2018\/02\/03\/graffiti-special-mainz-am-gonsenheimer-sand-75-pix\/graffiti_mainz_hall_of_fame_2016-2018-14\/\" data-orig-file=\"https:\/\/i0.wp.com\/mainstyle.org\/wp-content\/uploads\/Graffiti_Mainz_Hall_of_Fame_2016-2018-14.jpg?fit=1024%2C684&amp;ssl=1\" data-orig-size=\"1024,684\" data-comments-opened=\"1\" data-image-meta=\"{&quot;aperture&quot;:&quot;3.5&quot;,&quot;credit&quot;:&quot;JOERG KUBEREK&quot;,&quot;camera&quot;:&quot;NIKON D750&quot;,&quot;caption&quot;:&quot;&quot;,&quot;created_timestamp&quot;:&quot;1517070314&quot;,&quot;copyright&quot;:&quot;&quot;,&quot;focal_length&quot;:&quot;55&quot;,&quot;iso&quot;:&quot;6400&quot;,&quot;shutter_speed&quot;:&quot;0.0125&quot;,&quot;title&quot;:&quot;&quot;,&quot;orientation&quot;:&quot;0&quot;}\" data-image-title=\"Graffiti_Mainz_Hall_of_Fame_2016-2018-14\" data-image-description=\"\" data-image-caption=\"\" data-large-file=\"https:\/\/i0.wp.com\/mainstyle.org\/wp-content\/uploads\/Graffiti_Mainz_Hall_of_Fame_2016-2018-14.jpg?fit=584%2C390&amp;ssl=1\" \/><\/a>\n\t\t\t<\/dt><\/dl><dl class='gallery-item'>\n\t\t\t<dt class='gallery-icon landscape'>\n\t\t\t\t<a href='https:\/\/mainstyle.org\/index.php\/2018\/02\/03\/graffiti-special-mainz-am-gonsenheimer-sand-75-pix\/graffiti_mainz_hall_of_fame_2016-2018-15\/'><img loading=\"lazy\" decoding=\"async\" width=\"150\" height=\"150\" src=\"https:\/\/i0.wp.com\/mainstyle.org\/wp-content\/uploads\/Graffiti_Mainz_Hall_of_Fame_2016-2018-15.jpg?resize=150%2C150&amp;ssl=1\" class=\"attachment-thumbnail size-thumbnail\" alt=\"\" srcset=\"https:\/\/i0.wp.com\/mainstyle.org\/wp-content\/uploads\/Graffiti_Mainz_Hall_of_Fame_2016-2018-15.jpg?resize=150%2C150&amp;ssl=1 150w, https:\/\/i0.wp.com\/mainstyle.org\/wp-content\/uploads\/Graffiti_Mainz_Hall_of_Fame_2016-2018-15.jpg?zoom=2&amp;resize=150%2C150&amp;ssl=1 300w, https:\/\/i0.wp.com\/mainstyle.org\/wp-content\/uploads\/Graffiti_Mainz_Hall_of_Fame_2016-2018-15.jpg?zoom=3&amp;resize=150%2C150&amp;ssl=1 450w\" sizes=\"auto, (max-width: 150px) 100vw, 150px\" data-attachment-id=\"1005833\" data-permalink=\"https:\/\/mainstyle.org\/index.php\/2018\/02\/03\/graffiti-special-mainz-am-gonsenheimer-sand-75-pix\/graffiti_mainz_hall_of_fame_2016-2018-15\/\" data-orig-file=\"https:\/\/i0.wp.com\/mainstyle.org\/wp-content\/uploads\/Graffiti_Mainz_Hall_of_Fame_2016-2018-15.jpg?fit=1024%2C684&amp;ssl=1\" data-orig-size=\"1024,684\" data-comments-opened=\"1\" data-image-meta=\"{&quot;aperture&quot;:&quot;3.5&quot;,&quot;credit&quot;:&quot;JOERG KUBEREK&quot;,&quot;camera&quot;:&quot;NIKON D750&quot;,&quot;caption&quot;:&quot;&quot;,&quot;created_timestamp&quot;:&quot;1517070321&quot;,&quot;copyright&quot;:&quot;&quot;,&quot;focal_length&quot;:&quot;55&quot;,&quot;iso&quot;:&quot;6400&quot;,&quot;shutter_speed&quot;:&quot;0.0125&quot;,&quot;title&quot;:&quot;&quot;,&quot;orientation&quot;:&quot;0&quot;}\" data-image-title=\"Graffiti_Mainz_Hall_of_Fame_2016-2018-15\" data-image-description=\"\" data-image-caption=\"\" data-large-file=\"https:\/\/i0.wp.com\/mainstyle.org\/wp-content\/uploads\/Graffiti_Mainz_Hall_of_Fame_2016-2018-15.jpg?fit=584%2C390&amp;ssl=1\" \/><\/a>\n\t\t\t<\/dt><\/dl><br style=\"clear: both\" \/><dl class='gallery-item'>\n\t\t\t<dt class='gallery-icon landscape'>\n\t\t\t\t<a href='https:\/\/mainstyle.org\/index.php\/2018\/02\/03\/graffiti-special-mainz-am-gonsenheimer-sand-75-pix\/graffiti_mainz_hall_of_fame_2016-2018-16\/'><img loading=\"lazy\" decoding=\"async\" width=\"150\" height=\"150\" src=\"https:\/\/i0.wp.com\/mainstyle.org\/wp-content\/uploads\/Graffiti_Mainz_Hall_of_Fame_2016-2018-16.jpg?resize=150%2C150&amp;ssl=1\" class=\"attachment-thumbnail size-thumbnail\" alt=\"\" srcset=\"https:\/\/i0.wp.com\/mainstyle.org\/wp-content\/uploads\/Graffiti_Mainz_Hall_of_Fame_2016-2018-16.jpg?resize=150%2C150&amp;ssl=1 150w, https:\/\/i0.wp.com\/mainstyle.org\/wp-content\/uploads\/Graffiti_Mainz_Hall_of_Fame_2016-2018-16.jpg?zoom=2&amp;resize=150%2C150&amp;ssl=1 300w, https:\/\/i0.wp.com\/mainstyle.org\/wp-content\/uploads\/Graffiti_Mainz_Hall_of_Fame_2016-2018-16.jpg?zoom=3&amp;resize=150%2C150&amp;ssl=1 450w\" sizes=\"auto, (max-width: 150px) 100vw, 150px\" data-attachment-id=\"1005835\" data-permalink=\"https:\/\/mainstyle.org\/index.php\/2018\/02\/03\/graffiti-special-mainz-am-gonsenheimer-sand-75-pix\/graffiti_mainz_hall_of_fame_2016-2018-16\/\" data-orig-file=\"https:\/\/i0.wp.com\/mainstyle.org\/wp-content\/uploads\/Graffiti_Mainz_Hall_of_Fame_2016-2018-16.jpg?fit=1024%2C684&amp;ssl=1\" data-orig-size=\"1024,684\" data-comments-opened=\"1\" data-image-meta=\"{&quot;aperture&quot;:&quot;2.8&quot;,&quot;credit&quot;:&quot;JOERG KUBEREK&quot;,&quot;camera&quot;:&quot;NIKON D750&quot;,&quot;caption&quot;:&quot;&quot;,&quot;created_timestamp&quot;:&quot;1517070336&quot;,&quot;copyright&quot;:&quot;&quot;,&quot;focal_length&quot;:&quot;55&quot;,&quot;iso&quot;:&quot;6400&quot;,&quot;shutter_speed&quot;:&quot;0.016666666666667&quot;,&quot;title&quot;:&quot;&quot;,&quot;orientation&quot;:&quot;0&quot;}\" data-image-title=\"Graffiti_Mainz_Hall_of_Fame_2016-2018-16\" data-image-description=\"\" data-image-caption=\"\" data-large-file=\"https:\/\/i0.wp.com\/mainstyle.org\/wp-content\/uploads\/Graffiti_Mainz_Hall_of_Fame_2016-2018-16.jpg?fit=584%2C390&amp;ssl=1\" \/><\/a>\n\t\t\t<\/dt><\/dl><dl class='gallery-item'>\n\t\t\t<dt class='gallery-icon landscape'>\n\t\t\t\t<a href='https:\/\/mainstyle.org\/index.php\/2018\/02\/03\/graffiti-special-mainz-am-gonsenheimer-sand-75-pix\/graffiti_mainz_hall_of_fame_2016-2018-17\/'><img loading=\"lazy\" decoding=\"async\" width=\"150\" height=\"150\" src=\"https:\/\/i0.wp.com\/mainstyle.org\/wp-content\/uploads\/Graffiti_Mainz_Hall_of_Fame_2016-2018-17.jpg?resize=150%2C150&amp;ssl=1\" class=\"attachment-thumbnail size-thumbnail\" alt=\"\" srcset=\"https:\/\/i0.wp.com\/mainstyle.org\/wp-content\/uploads\/Graffiti_Mainz_Hall_of_Fame_2016-2018-17.jpg?resize=150%2C150&amp;ssl=1 150w, https:\/\/i0.wp.com\/mainstyle.org\/wp-content\/uploads\/Graffiti_Mainz_Hall_of_Fame_2016-2018-17.jpg?zoom=2&amp;resize=150%2C150&amp;ssl=1 300w, https:\/\/i0.wp.com\/mainstyle.org\/wp-content\/uploads\/Graffiti_Mainz_Hall_of_Fame_2016-2018-17.jpg?zoom=3&amp;resize=150%2C150&amp;ssl=1 450w\" sizes=\"auto, (max-width: 150px) 100vw, 150px\" data-attachment-id=\"1005837\" data-permalink=\"https:\/\/mainstyle.org\/index.php\/2018\/02\/03\/graffiti-special-mainz-am-gonsenheimer-sand-75-pix\/graffiti_mainz_hall_of_fame_2016-2018-17\/\" data-orig-file=\"https:\/\/i0.wp.com\/mainstyle.org\/wp-content\/uploads\/Graffiti_Mainz_Hall_of_Fame_2016-2018-17.jpg?fit=1024%2C684&amp;ssl=1\" data-orig-size=\"1024,684\" data-comments-opened=\"1\" data-image-meta=\"{&quot;aperture&quot;:&quot;2.8&quot;,&quot;credit&quot;:&quot;JOERG KUBEREK&quot;,&quot;camera&quot;:&quot;NIKON D750&quot;,&quot;caption&quot;:&quot;&quot;,&quot;created_timestamp&quot;:&quot;1517070350&quot;,&quot;copyright&quot;:&quot;&quot;,&quot;focal_length&quot;:&quot;55&quot;,&quot;iso&quot;:&quot;6400&quot;,&quot;shutter_speed&quot;:&quot;0.016666666666667&quot;,&quot;title&quot;:&quot;&quot;,&quot;orientation&quot;:&quot;0&quot;}\" data-image-title=\"Graffiti_Mainz_Hall_of_Fame_2016-2018-17\" data-image-description=\"\" data-image-caption=\"\" data-large-file=\"https:\/\/i0.wp.com\/mainstyle.org\/wp-content\/uploads\/Graffiti_Mainz_Hall_of_Fame_2016-2018-17.jpg?fit=584%2C390&amp;ssl=1\" \/><\/a>\n\t\t\t<\/dt><\/dl><dl class='gallery-item'>\n\t\t\t<dt class='gallery-icon landscape'>\n\t\t\t\t<a href='https:\/\/mainstyle.org\/index.php\/2018\/02\/03\/graffiti-special-mainz-am-gonsenheimer-sand-75-pix\/graffiti_mainz_hall_of_fame_2016-2018-18\/'><img loading=\"lazy\" decoding=\"async\" width=\"150\" height=\"150\" src=\"https:\/\/i0.wp.com\/mainstyle.org\/wp-content\/uploads\/Graffiti_Mainz_Hall_of_Fame_2016-2018-18.jpg?resize=150%2C150&amp;ssl=1\" class=\"attachment-thumbnail size-thumbnail\" alt=\"\" srcset=\"https:\/\/i0.wp.com\/mainstyle.org\/wp-content\/uploads\/Graffiti_Mainz_Hall_of_Fame_2016-2018-18.jpg?resize=150%2C150&amp;ssl=1 150w, https:\/\/i0.wp.com\/mainstyle.org\/wp-content\/uploads\/Graffiti_Mainz_Hall_of_Fame_2016-2018-18.jpg?zoom=2&amp;resize=150%2C150&amp;ssl=1 300w, https:\/\/i0.wp.com\/mainstyle.org\/wp-content\/uploads\/Graffiti_Mainz_Hall_of_Fame_2016-2018-18.jpg?zoom=3&amp;resize=150%2C150&amp;ssl=1 450w\" sizes=\"auto, (max-width: 150px) 100vw, 150px\" data-attachment-id=\"1005839\" data-permalink=\"https:\/\/mainstyle.org\/index.php\/2018\/02\/03\/graffiti-special-mainz-am-gonsenheimer-sand-75-pix\/graffiti_mainz_hall_of_fame_2016-2018-18\/\" data-orig-file=\"https:\/\/i0.wp.com\/mainstyle.org\/wp-content\/uploads\/Graffiti_Mainz_Hall_of_Fame_2016-2018-18.jpg?fit=1024%2C684&amp;ssl=1\" data-orig-size=\"1024,684\" data-comments-opened=\"1\" data-image-meta=\"{&quot;aperture&quot;:&quot;2.8&quot;,&quot;credit&quot;:&quot;JOERG KUBEREK&quot;,&quot;camera&quot;:&quot;NIKON D750&quot;,&quot;caption&quot;:&quot;&quot;,&quot;created_timestamp&quot;:&quot;1517070359&quot;,&quot;copyright&quot;:&quot;&quot;,&quot;focal_length&quot;:&quot;55&quot;,&quot;iso&quot;:&quot;6400&quot;,&quot;shutter_speed&quot;:&quot;0.016666666666667&quot;,&quot;title&quot;:&quot;&quot;,&quot;orientation&quot;:&quot;0&quot;}\" data-image-title=\"Graffiti_Mainz_Hall_of_Fame_2016-2018-18\" data-image-description=\"\" data-image-caption=\"\" data-large-file=\"https:\/\/i0.wp.com\/mainstyle.org\/wp-content\/uploads\/Graffiti_Mainz_Hall_of_Fame_2016-2018-18.jpg?fit=584%2C390&amp;ssl=1\" \/><\/a>\n\t\t\t<\/dt><\/dl><br style=\"clear: both\" \/><dl class='gallery-item'>\n\t\t\t<dt class='gallery-icon landscape'>\n\t\t\t\t<a href='https:\/\/mainstyle.org\/index.php\/2018\/02\/03\/graffiti-special-mainz-am-gonsenheimer-sand-75-pix\/graffiti_mainz_hall_of_fame_2016-2018-19\/'><img loading=\"lazy\" decoding=\"async\" width=\"150\" height=\"150\" src=\"https:\/\/i0.wp.com\/mainstyle.org\/wp-content\/uploads\/Graffiti_Mainz_Hall_of_Fame_2016-2018-19.jpg?resize=150%2C150&amp;ssl=1\" class=\"attachment-thumbnail size-thumbnail\" alt=\"\" srcset=\"https:\/\/i0.wp.com\/mainstyle.org\/wp-content\/uploads\/Graffiti_Mainz_Hall_of_Fame_2016-2018-19.jpg?resize=150%2C150&amp;ssl=1 150w, https:\/\/i0.wp.com\/mainstyle.org\/wp-content\/uploads\/Graffiti_Mainz_Hall_of_Fame_2016-2018-19.jpg?zoom=2&amp;resize=150%2C150&amp;ssl=1 300w, https:\/\/i0.wp.com\/mainstyle.org\/wp-content\/uploads\/Graffiti_Mainz_Hall_of_Fame_2016-2018-19.jpg?zoom=3&amp;resize=150%2C150&amp;ssl=1 450w\" sizes=\"auto, (max-width: 150px) 100vw, 150px\" data-attachment-id=\"1005841\" data-permalink=\"https:\/\/mainstyle.org\/index.php\/2018\/02\/03\/graffiti-special-mainz-am-gonsenheimer-sand-75-pix\/graffiti_mainz_hall_of_fame_2016-2018-19\/\" data-orig-file=\"https:\/\/i0.wp.com\/mainstyle.org\/wp-content\/uploads\/Graffiti_Mainz_Hall_of_Fame_2016-2018-19.jpg?fit=1024%2C684&amp;ssl=1\" data-orig-size=\"1024,684\" data-comments-opened=\"1\" data-image-meta=\"{&quot;aperture&quot;:&quot;2.8&quot;,&quot;credit&quot;:&quot;JOERG KUBEREK&quot;,&quot;camera&quot;:&quot;NIKON D750&quot;,&quot;caption&quot;:&quot;&quot;,&quot;created_timestamp&quot;:&quot;1517070367&quot;,&quot;copyright&quot;:&quot;&quot;,&quot;focal_length&quot;:&quot;55&quot;,&quot;iso&quot;:&quot;6400&quot;,&quot;shutter_speed&quot;:&quot;0.016666666666667&quot;,&quot;title&quot;:&quot;&quot;,&quot;orientation&quot;:&quot;0&quot;}\" data-image-title=\"Graffiti_Mainz_Hall_of_Fame_2016-2018-19\" data-image-description=\"\" data-image-caption=\"\" data-large-file=\"https:\/\/i0.wp.com\/mainstyle.org\/wp-content\/uploads\/Graffiti_Mainz_Hall_of_Fame_2016-2018-19.jpg?fit=584%2C390&amp;ssl=1\" \/><\/a>\n\t\t\t<\/dt><\/dl><dl class='gallery-item'>\n\t\t\t<dt class='gallery-icon landscape'>\n\t\t\t\t<a href='https:\/\/mainstyle.org\/index.php\/2018\/02\/03\/graffiti-special-mainz-am-gonsenheimer-sand-75-pix\/graffiti_mainz_hall_of_fame_2016-2018-20\/'><img loading=\"lazy\" decoding=\"async\" width=\"150\" height=\"150\" src=\"https:\/\/i0.wp.com\/mainstyle.org\/wp-content\/uploads\/Graffiti_Mainz_Hall_of_Fame_2016-2018-20.jpg?resize=150%2C150&amp;ssl=1\" class=\"attachment-thumbnail size-thumbnail\" alt=\"\" srcset=\"https:\/\/i0.wp.com\/mainstyle.org\/wp-content\/uploads\/Graffiti_Mainz_Hall_of_Fame_2016-2018-20.jpg?resize=150%2C150&amp;ssl=1 150w, https:\/\/i0.wp.com\/mainstyle.org\/wp-content\/uploads\/Graffiti_Mainz_Hall_of_Fame_2016-2018-20.jpg?zoom=2&amp;resize=150%2C150&amp;ssl=1 300w, https:\/\/i0.wp.com\/mainstyle.org\/wp-content\/uploads\/Graffiti_Mainz_Hall_of_Fame_2016-2018-20.jpg?zoom=3&amp;resize=150%2C150&amp;ssl=1 450w\" sizes=\"auto, (max-width: 150px) 100vw, 150px\" data-attachment-id=\"1005843\" data-permalink=\"https:\/\/mainstyle.org\/index.php\/2018\/02\/03\/graffiti-special-mainz-am-gonsenheimer-sand-75-pix\/graffiti_mainz_hall_of_fame_2016-2018-20\/\" data-orig-file=\"https:\/\/i0.wp.com\/mainstyle.org\/wp-content\/uploads\/Graffiti_Mainz_Hall_of_Fame_2016-2018-20.jpg?fit=1024%2C684&amp;ssl=1\" data-orig-size=\"1024,684\" data-comments-opened=\"1\" data-image-meta=\"{&quot;aperture&quot;:&quot;2.8&quot;,&quot;credit&quot;:&quot;JOERG KUBEREK&quot;,&quot;camera&quot;:&quot;NIKON D750&quot;,&quot;caption&quot;:&quot;&quot;,&quot;created_timestamp&quot;:&quot;1517070380&quot;,&quot;copyright&quot;:&quot;&quot;,&quot;focal_length&quot;:&quot;55&quot;,&quot;iso&quot;:&quot;4500&quot;,&quot;shutter_speed&quot;:&quot;0.016666666666667&quot;,&quot;title&quot;:&quot;&quot;,&quot;orientation&quot;:&quot;0&quot;}\" data-image-title=\"Graffiti_Mainz_Hall_of_Fame_2016-2018-20\" data-image-description=\"\" data-image-caption=\"\" data-large-file=\"https:\/\/i0.wp.com\/mainstyle.org\/wp-content\/uploads\/Graffiti_Mainz_Hall_of_Fame_2016-2018-20.jpg?fit=584%2C390&amp;ssl=1\" \/><\/a>\n\t\t\t<\/dt><\/dl><dl class='gallery-item'>\n\t\t\t<dt class='gallery-icon landscape'>\n\t\t\t\t<a href='https:\/\/mainstyle.org\/index.php\/2018\/02\/03\/graffiti-special-mainz-am-gonsenheimer-sand-75-pix\/graffiti_mainz_hall_of_fame_2016-2018-21\/'><img loading=\"lazy\" decoding=\"async\" width=\"150\" height=\"150\" src=\"https:\/\/i0.wp.com\/mainstyle.org\/wp-content\/uploads\/Graffiti_Mainz_Hall_of_Fame_2016-2018-21.jpg?resize=150%2C150&amp;ssl=1\" class=\"attachment-thumbnail size-thumbnail\" alt=\"\" srcset=\"https:\/\/i0.wp.com\/mainstyle.org\/wp-content\/uploads\/Graffiti_Mainz_Hall_of_Fame_2016-2018-21.jpg?resize=150%2C150&amp;ssl=1 150w, https:\/\/i0.wp.com\/mainstyle.org\/wp-content\/uploads\/Graffiti_Mainz_Hall_of_Fame_2016-2018-21.jpg?zoom=2&amp;resize=150%2C150&amp;ssl=1 300w, https:\/\/i0.wp.com\/mainstyle.org\/wp-content\/uploads\/Graffiti_Mainz_Hall_of_Fame_2016-2018-21.jpg?zoom=3&amp;resize=150%2C150&amp;ssl=1 450w\" sizes=\"auto, (max-width: 150px) 100vw, 150px\" data-attachment-id=\"1005845\" data-permalink=\"https:\/\/mainstyle.org\/index.php\/2018\/02\/03\/graffiti-special-mainz-am-gonsenheimer-sand-75-pix\/graffiti_mainz_hall_of_fame_2016-2018-21\/\" data-orig-file=\"https:\/\/i0.wp.com\/mainstyle.org\/wp-content\/uploads\/Graffiti_Mainz_Hall_of_Fame_2016-2018-21.jpg?fit=1024%2C684&amp;ssl=1\" data-orig-size=\"1024,684\" data-comments-opened=\"1\" data-image-meta=\"{&quot;aperture&quot;:&quot;2.8&quot;,&quot;credit&quot;:&quot;JOERG KUBEREK&quot;,&quot;camera&quot;:&quot;NIKON D750&quot;,&quot;caption&quot;:&quot;&quot;,&quot;created_timestamp&quot;:&quot;1517070394&quot;,&quot;copyright&quot;:&quot;&quot;,&quot;focal_length&quot;:&quot;55&quot;,&quot;iso&quot;:&quot;1800&quot;,&quot;shutter_speed&quot;:&quot;0.016666666666667&quot;,&quot;title&quot;:&quot;&quot;,&quot;orientation&quot;:&quot;0&quot;}\" data-image-title=\"Graffiti_Mainz_Hall_of_Fame_2016-2018-21\" data-image-description=\"\" data-image-caption=\"\" data-large-file=\"https:\/\/i0.wp.com\/mainstyle.org\/wp-content\/uploads\/Graffiti_Mainz_Hall_of_Fame_2016-2018-21.jpg?fit=584%2C390&amp;ssl=1\" \/><\/a>\n\t\t\t<\/dt><\/dl><br style=\"clear: both\" \/><dl class='gallery-item'>\n\t\t\t<dt class='gallery-icon landscape'>\n\t\t\t\t<a href='https:\/\/mainstyle.org\/index.php\/2018\/02\/03\/graffiti-special-mainz-am-gonsenheimer-sand-75-pix\/graffiti_mainz_hall_of_fame_2016-2018-22\/'><img loading=\"lazy\" decoding=\"async\" width=\"150\" height=\"150\" src=\"https:\/\/i0.wp.com\/mainstyle.org\/wp-content\/uploads\/Graffiti_Mainz_Hall_of_Fame_2016-2018-22.jpg?resize=150%2C150&amp;ssl=1\" class=\"attachment-thumbnail size-thumbnail\" alt=\"\" srcset=\"https:\/\/i0.wp.com\/mainstyle.org\/wp-content\/uploads\/Graffiti_Mainz_Hall_of_Fame_2016-2018-22.jpg?resize=150%2C150&amp;ssl=1 150w, https:\/\/i0.wp.com\/mainstyle.org\/wp-content\/uploads\/Graffiti_Mainz_Hall_of_Fame_2016-2018-22.jpg?zoom=2&amp;resize=150%2C150&amp;ssl=1 300w, https:\/\/i0.wp.com\/mainstyle.org\/wp-content\/uploads\/Graffiti_Mainz_Hall_of_Fame_2016-2018-22.jpg?zoom=3&amp;resize=150%2C150&amp;ssl=1 450w\" sizes=\"auto, (max-width: 150px) 100vw, 150px\" data-attachment-id=\"1005847\" data-permalink=\"https:\/\/mainstyle.org\/index.php\/2018\/02\/03\/graffiti-special-mainz-am-gonsenheimer-sand-75-pix\/graffiti_mainz_hall_of_fame_2016-2018-22\/\" data-orig-file=\"https:\/\/i0.wp.com\/mainstyle.org\/wp-content\/uploads\/Graffiti_Mainz_Hall_of_Fame_2016-2018-22.jpg?fit=1024%2C684&amp;ssl=1\" data-orig-size=\"1024,684\" data-comments-opened=\"1\" data-image-meta=\"{&quot;aperture&quot;:&quot;2.8&quot;,&quot;credit&quot;:&quot;JOERG KUBEREK&quot;,&quot;camera&quot;:&quot;NIKON D750&quot;,&quot;caption&quot;:&quot;&quot;,&quot;created_timestamp&quot;:&quot;1517070404&quot;,&quot;copyright&quot;:&quot;&quot;,&quot;focal_length&quot;:&quot;55&quot;,&quot;iso&quot;:&quot;640&quot;,&quot;shutter_speed&quot;:&quot;0.016666666666667&quot;,&quot;title&quot;:&quot;&quot;,&quot;orientation&quot;:&quot;0&quot;}\" data-image-title=\"Graffiti_Mainz_Hall_of_Fame_2016-2018-22\" data-image-description=\"\" data-image-caption=\"\" data-large-file=\"https:\/\/i0.wp.com\/mainstyle.org\/wp-content\/uploads\/Graffiti_Mainz_Hall_of_Fame_2016-2018-22.jpg?fit=584%2C390&amp;ssl=1\" \/><\/a>\n\t\t\t<\/dt><\/dl><dl class='gallery-item'>\n\t\t\t<dt class='gallery-icon landscape'>\n\t\t\t\t<a href='https:\/\/mainstyle.org\/index.php\/2018\/02\/03\/graffiti-special-mainz-am-gonsenheimer-sand-75-pix\/graffiti_mainz_hall_of_fame_2016-2018-23\/'><img loading=\"lazy\" decoding=\"async\" width=\"150\" height=\"150\" src=\"https:\/\/i0.wp.com\/mainstyle.org\/wp-content\/uploads\/Graffiti_Mainz_Hall_of_Fame_2016-2018-23.jpg?resize=150%2C150&amp;ssl=1\" class=\"attachment-thumbnail size-thumbnail\" alt=\"\" srcset=\"https:\/\/i0.wp.com\/mainstyle.org\/wp-content\/uploads\/Graffiti_Mainz_Hall_of_Fame_2016-2018-23.jpg?resize=150%2C150&amp;ssl=1 150w, https:\/\/i0.wp.com\/mainstyle.org\/wp-content\/uploads\/Graffiti_Mainz_Hall_of_Fame_2016-2018-23.jpg?zoom=2&amp;resize=150%2C150&amp;ssl=1 300w, https:\/\/i0.wp.com\/mainstyle.org\/wp-content\/uploads\/Graffiti_Mainz_Hall_of_Fame_2016-2018-23.jpg?zoom=3&amp;resize=150%2C150&amp;ssl=1 450w\" sizes=\"auto, (max-width: 150px) 100vw, 150px\" data-attachment-id=\"1005849\" data-permalink=\"https:\/\/mainstyle.org\/index.php\/2018\/02\/03\/graffiti-special-mainz-am-gonsenheimer-sand-75-pix\/graffiti_mainz_hall_of_fame_2016-2018-23\/\" data-orig-file=\"https:\/\/i0.wp.com\/mainstyle.org\/wp-content\/uploads\/Graffiti_Mainz_Hall_of_Fame_2016-2018-23.jpg?fit=1024%2C684&amp;ssl=1\" data-orig-size=\"1024,684\" data-comments-opened=\"1\" data-image-meta=\"{&quot;aperture&quot;:&quot;3.2&quot;,&quot;credit&quot;:&quot;JOERG KUBEREK&quot;,&quot;camera&quot;:&quot;NIKON D750&quot;,&quot;caption&quot;:&quot;&quot;,&quot;created_timestamp&quot;:&quot;1517070414&quot;,&quot;copyright&quot;:&quot;&quot;,&quot;focal_length&quot;:&quot;55&quot;,&quot;iso&quot;:&quot;1100&quot;,&quot;shutter_speed&quot;:&quot;0.016666666666667&quot;,&quot;title&quot;:&quot;&quot;,&quot;orientation&quot;:&quot;0&quot;}\" data-image-title=\"Graffiti_Mainz_Hall_of_Fame_2016-2018-23\" data-image-description=\"\" data-image-caption=\"\" data-large-file=\"https:\/\/i0.wp.com\/mainstyle.org\/wp-content\/uploads\/Graffiti_Mainz_Hall_of_Fame_2016-2018-23.jpg?fit=584%2C390&amp;ssl=1\" \/><\/a>\n\t\t\t<\/dt><\/dl><dl class='gallery-item'>\n\t\t\t<dt class='gallery-icon landscape'>\n\t\t\t\t<a href='https:\/\/mainstyle.org\/index.php\/2018\/02\/03\/graffiti-special-mainz-am-gonsenheimer-sand-75-pix\/graffiti_mainz_hall_of_fame_2016-2018-24\/'><img loading=\"lazy\" decoding=\"async\" width=\"150\" height=\"150\" src=\"https:\/\/i0.wp.com\/mainstyle.org\/wp-content\/uploads\/Graffiti_Mainz_Hall_of_Fame_2016-2018-24.jpg?resize=150%2C150&amp;ssl=1\" class=\"attachment-thumbnail size-thumbnail\" alt=\"\" srcset=\"https:\/\/i0.wp.com\/mainstyle.org\/wp-content\/uploads\/Graffiti_Mainz_Hall_of_Fame_2016-2018-24.jpg?resize=150%2C150&amp;ssl=1 150w, https:\/\/i0.wp.com\/mainstyle.org\/wp-content\/uploads\/Graffiti_Mainz_Hall_of_Fame_2016-2018-24.jpg?zoom=2&amp;resize=150%2C150&amp;ssl=1 300w, https:\/\/i0.wp.com\/mainstyle.org\/wp-content\/uploads\/Graffiti_Mainz_Hall_of_Fame_2016-2018-24.jpg?zoom=3&amp;resize=150%2C150&amp;ssl=1 450w\" sizes=\"auto, (max-width: 150px) 100vw, 150px\" data-attachment-id=\"1005851\" data-permalink=\"https:\/\/mainstyle.org\/index.php\/2018\/02\/03\/graffiti-special-mainz-am-gonsenheimer-sand-75-pix\/graffiti_mainz_hall_of_fame_2016-2018-24\/\" data-orig-file=\"https:\/\/i0.wp.com\/mainstyle.org\/wp-content\/uploads\/Graffiti_Mainz_Hall_of_Fame_2016-2018-24.jpg?fit=1024%2C684&amp;ssl=1\" data-orig-size=\"1024,684\" data-comments-opened=\"1\" data-image-meta=\"{&quot;aperture&quot;:&quot;3.2&quot;,&quot;credit&quot;:&quot;JOERG KUBEREK&quot;,&quot;camera&quot;:&quot;NIKON D750&quot;,&quot;caption&quot;:&quot;&quot;,&quot;created_timestamp&quot;:&quot;1517070430&quot;,&quot;copyright&quot;:&quot;&quot;,&quot;focal_length&quot;:&quot;55&quot;,&quot;iso&quot;:&quot;1100&quot;,&quot;shutter_speed&quot;:&quot;0.016666666666667&quot;,&quot;title&quot;:&quot;&quot;,&quot;orientation&quot;:&quot;0&quot;}\" data-image-title=\"Graffiti_Mainz_Hall_of_Fame_2016-2018-24\" data-image-description=\"\" data-image-caption=\"\" data-large-file=\"https:\/\/i0.wp.com\/mainstyle.org\/wp-content\/uploads\/Graffiti_Mainz_Hall_of_Fame_2016-2018-24.jpg?fit=584%2C390&amp;ssl=1\" \/><\/a>\n\t\t\t<\/dt><\/dl><br style=\"clear: both\" \/><dl class='gallery-item'>\n\t\t\t<dt class='gallery-icon landscape'>\n\t\t\t\t<a href='https:\/\/mainstyle.org\/index.php\/2018\/02\/03\/graffiti-special-mainz-am-gonsenheimer-sand-75-pix\/graffiti_mainz_hall_of_fame_2016-2018-25\/'><img loading=\"lazy\" decoding=\"async\" width=\"150\" height=\"150\" src=\"https:\/\/i0.wp.com\/mainstyle.org\/wp-content\/uploads\/Graffiti_Mainz_Hall_of_Fame_2016-2018-25.jpg?resize=150%2C150&amp;ssl=1\" class=\"attachment-thumbnail size-thumbnail\" alt=\"\" srcset=\"https:\/\/i0.wp.com\/mainstyle.org\/wp-content\/uploads\/Graffiti_Mainz_Hall_of_Fame_2016-2018-25.jpg?resize=150%2C150&amp;ssl=1 150w, https:\/\/i0.wp.com\/mainstyle.org\/wp-content\/uploads\/Graffiti_Mainz_Hall_of_Fame_2016-2018-25.jpg?zoom=2&amp;resize=150%2C150&amp;ssl=1 300w, https:\/\/i0.wp.com\/mainstyle.org\/wp-content\/uploads\/Graffiti_Mainz_Hall_of_Fame_2016-2018-25.jpg?zoom=3&amp;resize=150%2C150&amp;ssl=1 450w\" sizes=\"auto, (max-width: 150px) 100vw, 150px\" data-attachment-id=\"1005853\" data-permalink=\"https:\/\/mainstyle.org\/index.php\/2018\/02\/03\/graffiti-special-mainz-am-gonsenheimer-sand-75-pix\/graffiti_mainz_hall_of_fame_2016-2018-25\/\" data-orig-file=\"https:\/\/i0.wp.com\/mainstyle.org\/wp-content\/uploads\/Graffiti_Mainz_Hall_of_Fame_2016-2018-25.jpg?fit=1024%2C684&amp;ssl=1\" data-orig-size=\"1024,684\" data-comments-opened=\"1\" data-image-meta=\"{&quot;aperture&quot;:&quot;3.2&quot;,&quot;credit&quot;:&quot;JOERG KUBEREK&quot;,&quot;camera&quot;:&quot;NIKON D750&quot;,&quot;caption&quot;:&quot;&quot;,&quot;created_timestamp&quot;:&quot;1517070420&quot;,&quot;copyright&quot;:&quot;&quot;,&quot;focal_length&quot;:&quot;55&quot;,&quot;iso&quot;:&quot;560&quot;,&quot;shutter_speed&quot;:&quot;0.016666666666667&quot;,&quot;title&quot;:&quot;&quot;,&quot;orientation&quot;:&quot;0&quot;}\" data-image-title=\"Graffiti_Mainz_Hall_of_Fame_2016-2018-25\" data-image-description=\"\" data-image-caption=\"\" data-large-file=\"https:\/\/i0.wp.com\/mainstyle.org\/wp-content\/uploads\/Graffiti_Mainz_Hall_of_Fame_2016-2018-25.jpg?fit=584%2C390&amp;ssl=1\" \/><\/a>\n\t\t\t<\/dt><\/dl><dl class='gallery-item'>\n\t\t\t<dt class='gallery-icon landscape'>\n\t\t\t\t<a href='https:\/\/mainstyle.org\/index.php\/2018\/02\/03\/graffiti-special-mainz-am-gonsenheimer-sand-75-pix\/graffiti_mainz_hall_of_fame_2016-2018-26\/'><img loading=\"lazy\" decoding=\"async\" width=\"150\" height=\"150\" src=\"https:\/\/i0.wp.com\/mainstyle.org\/wp-content\/uploads\/Graffiti_Mainz_Hall_of_Fame_2016-2018-26.jpg?resize=150%2C150&amp;ssl=1\" class=\"attachment-thumbnail size-thumbnail\" alt=\"\" srcset=\"https:\/\/i0.wp.com\/mainstyle.org\/wp-content\/uploads\/Graffiti_Mainz_Hall_of_Fame_2016-2018-26.jpg?resize=150%2C150&amp;ssl=1 150w, https:\/\/i0.wp.com\/mainstyle.org\/wp-content\/uploads\/Graffiti_Mainz_Hall_of_Fame_2016-2018-26.jpg?zoom=2&amp;resize=150%2C150&amp;ssl=1 300w, https:\/\/i0.wp.com\/mainstyle.org\/wp-content\/uploads\/Graffiti_Mainz_Hall_of_Fame_2016-2018-26.jpg?zoom=3&amp;resize=150%2C150&amp;ssl=1 450w\" sizes=\"auto, (max-width: 150px) 100vw, 150px\" data-attachment-id=\"1005855\" data-permalink=\"https:\/\/mainstyle.org\/index.php\/2018\/02\/03\/graffiti-special-mainz-am-gonsenheimer-sand-75-pix\/graffiti_mainz_hall_of_fame_2016-2018-26\/\" data-orig-file=\"https:\/\/i0.wp.com\/mainstyle.org\/wp-content\/uploads\/Graffiti_Mainz_Hall_of_Fame_2016-2018-26.jpg?fit=1024%2C684&amp;ssl=1\" data-orig-size=\"1024,684\" data-comments-opened=\"1\" data-image-meta=\"{&quot;aperture&quot;:&quot;3.5&quot;,&quot;credit&quot;:&quot;JOERG KUBEREK&quot;,&quot;camera&quot;:&quot;NIKON D750&quot;,&quot;caption&quot;:&quot;&quot;,&quot;created_timestamp&quot;:&quot;1517070451&quot;,&quot;copyright&quot;:&quot;&quot;,&quot;focal_length&quot;:&quot;55&quot;,&quot;iso&quot;:&quot;720&quot;,&quot;shutter_speed&quot;:&quot;0.016666666666667&quot;,&quot;title&quot;:&quot;&quot;,&quot;orientation&quot;:&quot;0&quot;}\" data-image-title=\"Graffiti_Mainz_Hall_of_Fame_2016-2018-26\" data-image-description=\"\" data-image-caption=\"\" data-large-file=\"https:\/\/i0.wp.com\/mainstyle.org\/wp-content\/uploads\/Graffiti_Mainz_Hall_of_Fame_2016-2018-26.jpg?fit=584%2C390&amp;ssl=1\" \/><\/a>\n\t\t\t<\/dt><\/dl><dl class='gallery-item'>\n\t\t\t<dt class='gallery-icon landscape'>\n\t\t\t\t<a href='https:\/\/mainstyle.org\/index.php\/2018\/02\/03\/graffiti-special-mainz-am-gonsenheimer-sand-75-pix\/graffiti_mainz_hall_of_fame_2016-2018-27\/'><img loading=\"lazy\" decoding=\"async\" width=\"150\" height=\"150\" src=\"https:\/\/i0.wp.com\/mainstyle.org\/wp-content\/uploads\/Graffiti_Mainz_Hall_of_Fame_2016-2018-27.jpg?resize=150%2C150&amp;ssl=1\" class=\"attachment-thumbnail size-thumbnail\" alt=\"\" srcset=\"https:\/\/i0.wp.com\/mainstyle.org\/wp-content\/uploads\/Graffiti_Mainz_Hall_of_Fame_2016-2018-27.jpg?resize=150%2C150&amp;ssl=1 150w, https:\/\/i0.wp.com\/mainstyle.org\/wp-content\/uploads\/Graffiti_Mainz_Hall_of_Fame_2016-2018-27.jpg?zoom=2&amp;resize=150%2C150&amp;ssl=1 300w, https:\/\/i0.wp.com\/mainstyle.org\/wp-content\/uploads\/Graffiti_Mainz_Hall_of_Fame_2016-2018-27.jpg?zoom=3&amp;resize=150%2C150&amp;ssl=1 450w\" sizes=\"auto, (max-width: 150px) 100vw, 150px\" data-attachment-id=\"1005857\" data-permalink=\"https:\/\/mainstyle.org\/index.php\/2018\/02\/03\/graffiti-special-mainz-am-gonsenheimer-sand-75-pix\/graffiti_mainz_hall_of_fame_2016-2018-27\/\" data-orig-file=\"https:\/\/i0.wp.com\/mainstyle.org\/wp-content\/uploads\/Graffiti_Mainz_Hall_of_Fame_2016-2018-27.jpg?fit=1024%2C684&amp;ssl=1\" data-orig-size=\"1024,684\" data-comments-opened=\"1\" data-image-meta=\"{&quot;aperture&quot;:&quot;3.5&quot;,&quot;credit&quot;:&quot;JOERG KUBEREK&quot;,&quot;camera&quot;:&quot;NIKON D750&quot;,&quot;caption&quot;:&quot;&quot;,&quot;created_timestamp&quot;:&quot;1517070457&quot;,&quot;copyright&quot;:&quot;&quot;,&quot;focal_length&quot;:&quot;55&quot;,&quot;iso&quot;:&quot;450&quot;,&quot;shutter_speed&quot;:&quot;0.016666666666667&quot;,&quot;title&quot;:&quot;&quot;,&quot;orientation&quot;:&quot;0&quot;}\" data-image-title=\"Graffiti_Mainz_Hall_of_Fame_2016-2018-27\" data-image-description=\"\" data-image-caption=\"\" data-large-file=\"https:\/\/i0.wp.com\/mainstyle.org\/wp-content\/uploads\/Graffiti_Mainz_Hall_of_Fame_2016-2018-27.jpg?fit=584%2C390&amp;ssl=1\" \/><\/a>\n\t\t\t<\/dt><\/dl><br style=\"clear: both\" \/><dl class='gallery-item'>\n\t\t\t<dt class='gallery-icon landscape'>\n\t\t\t\t<a href='https:\/\/mainstyle.org\/index.php\/2018\/02\/03\/graffiti-special-mainz-am-gonsenheimer-sand-75-pix\/graffiti_mainz_hall_of_fame_2016-2018-28\/'><img loading=\"lazy\" decoding=\"async\" width=\"150\" height=\"150\" src=\"https:\/\/i0.wp.com\/mainstyle.org\/wp-content\/uploads\/Graffiti_Mainz_Hall_of_Fame_2016-2018-28.jpg?resize=150%2C150&amp;ssl=1\" class=\"attachment-thumbnail size-thumbnail\" alt=\"\" srcset=\"https:\/\/i0.wp.com\/mainstyle.org\/wp-content\/uploads\/Graffiti_Mainz_Hall_of_Fame_2016-2018-28.jpg?resize=150%2C150&amp;ssl=1 150w, https:\/\/i0.wp.com\/mainstyle.org\/wp-content\/uploads\/Graffiti_Mainz_Hall_of_Fame_2016-2018-28.jpg?zoom=2&amp;resize=150%2C150&amp;ssl=1 300w, https:\/\/i0.wp.com\/mainstyle.org\/wp-content\/uploads\/Graffiti_Mainz_Hall_of_Fame_2016-2018-28.jpg?zoom=3&amp;resize=150%2C150&amp;ssl=1 450w\" sizes=\"auto, (max-width: 150px) 100vw, 150px\" data-attachment-id=\"1005859\" data-permalink=\"https:\/\/mainstyle.org\/index.php\/2018\/02\/03\/graffiti-special-mainz-am-gonsenheimer-sand-75-pix\/graffiti_mainz_hall_of_fame_2016-2018-28\/\" data-orig-file=\"https:\/\/i0.wp.com\/mainstyle.org\/wp-content\/uploads\/Graffiti_Mainz_Hall_of_Fame_2016-2018-28.jpg?fit=1024%2C684&amp;ssl=1\" data-orig-size=\"1024,684\" data-comments-opened=\"1\" data-image-meta=\"{&quot;aperture&quot;:&quot;3.5&quot;,&quot;credit&quot;:&quot;JOERG KUBEREK&quot;,&quot;camera&quot;:&quot;NIKON D750&quot;,&quot;caption&quot;:&quot;&quot;,&quot;created_timestamp&quot;:&quot;1517070469&quot;,&quot;copyright&quot;:&quot;&quot;,&quot;focal_length&quot;:&quot;55&quot;,&quot;iso&quot;:&quot;720&quot;,&quot;shutter_speed&quot;:&quot;0.016666666666667&quot;,&quot;title&quot;:&quot;&quot;,&quot;orientation&quot;:&quot;0&quot;}\" data-image-title=\"Graffiti_Mainz_Hall_of_Fame_2016-2018-28\" data-image-description=\"\" data-image-caption=\"\" data-large-file=\"https:\/\/i0.wp.com\/mainstyle.org\/wp-content\/uploads\/Graffiti_Mainz_Hall_of_Fame_2016-2018-28.jpg?fit=584%2C390&amp;ssl=1\" \/><\/a>\n\t\t\t<\/dt><\/dl><dl class='gallery-item'>\n\t\t\t<dt class='gallery-icon landscape'>\n\t\t\t\t<a href='https:\/\/mainstyle.org\/index.php\/2018\/02\/03\/graffiti-special-mainz-am-gonsenheimer-sand-75-pix\/graffiti_mainz_hall_of_fame_2016-2018-29\/'><img loading=\"lazy\" decoding=\"async\" width=\"150\" height=\"150\" src=\"https:\/\/i0.wp.com\/mainstyle.org\/wp-content\/uploads\/Graffiti_Mainz_Hall_of_Fame_2016-2018-29.jpg?resize=150%2C150&amp;ssl=1\" class=\"attachment-thumbnail size-thumbnail\" alt=\"\" srcset=\"https:\/\/i0.wp.com\/mainstyle.org\/wp-content\/uploads\/Graffiti_Mainz_Hall_of_Fame_2016-2018-29.jpg?resize=150%2C150&amp;ssl=1 150w, https:\/\/i0.wp.com\/mainstyle.org\/wp-content\/uploads\/Graffiti_Mainz_Hall_of_Fame_2016-2018-29.jpg?zoom=2&amp;resize=150%2C150&amp;ssl=1 300w, https:\/\/i0.wp.com\/mainstyle.org\/wp-content\/uploads\/Graffiti_Mainz_Hall_of_Fame_2016-2018-29.jpg?zoom=3&amp;resize=150%2C150&amp;ssl=1 450w\" sizes=\"auto, (max-width: 150px) 100vw, 150px\" data-attachment-id=\"1005861\" data-permalink=\"https:\/\/mainstyle.org\/index.php\/2018\/02\/03\/graffiti-special-mainz-am-gonsenheimer-sand-75-pix\/graffiti_mainz_hall_of_fame_2016-2018-29\/\" data-orig-file=\"https:\/\/i0.wp.com\/mainstyle.org\/wp-content\/uploads\/Graffiti_Mainz_Hall_of_Fame_2016-2018-29.jpg?fit=1024%2C684&amp;ssl=1\" data-orig-size=\"1024,684\" data-comments-opened=\"1\" data-image-meta=\"{&quot;aperture&quot;:&quot;3.5&quot;,&quot;credit&quot;:&quot;JOERG KUBEREK&quot;,&quot;camera&quot;:&quot;NIKON D750&quot;,&quot;caption&quot;:&quot;&quot;,&quot;created_timestamp&quot;:&quot;1517070472&quot;,&quot;copyright&quot;:&quot;&quot;,&quot;focal_length&quot;:&quot;55&quot;,&quot;iso&quot;:&quot;800&quot;,&quot;shutter_speed&quot;:&quot;0.016666666666667&quot;,&quot;title&quot;:&quot;&quot;,&quot;orientation&quot;:&quot;0&quot;}\" data-image-title=\"Graffiti_Mainz_Hall_of_Fame_2016-2018-29\" data-image-description=\"\" data-image-caption=\"\" data-large-file=\"https:\/\/i0.wp.com\/mainstyle.org\/wp-content\/uploads\/Graffiti_Mainz_Hall_of_Fame_2016-2018-29.jpg?fit=584%2C390&amp;ssl=1\" \/><\/a>\n\t\t\t<\/dt><\/dl><dl class='gallery-item'>\n\t\t\t<dt class='gallery-icon landscape'>\n\t\t\t\t<a href='https:\/\/mainstyle.org\/index.php\/2018\/02\/03\/graffiti-special-mainz-am-gonsenheimer-sand-75-pix\/graffiti_mainz_hall_of_fame_2016-2018-30\/'><img loading=\"lazy\" decoding=\"async\" width=\"150\" height=\"150\" src=\"https:\/\/i0.wp.com\/mainstyle.org\/wp-content\/uploads\/Graffiti_Mainz_Hall_of_Fame_2016-2018-30.jpg?resize=150%2C150&amp;ssl=1\" class=\"attachment-thumbnail size-thumbnail\" alt=\"\" srcset=\"https:\/\/i0.wp.com\/mainstyle.org\/wp-content\/uploads\/Graffiti_Mainz_Hall_of_Fame_2016-2018-30.jpg?resize=150%2C150&amp;ssl=1 150w, https:\/\/i0.wp.com\/mainstyle.org\/wp-content\/uploads\/Graffiti_Mainz_Hall_of_Fame_2016-2018-30.jpg?zoom=2&amp;resize=150%2C150&amp;ssl=1 300w, https:\/\/i0.wp.com\/mainstyle.org\/wp-content\/uploads\/Graffiti_Mainz_Hall_of_Fame_2016-2018-30.jpg?zoom=3&amp;resize=150%2C150&amp;ssl=1 450w\" sizes=\"auto, (max-width: 150px) 100vw, 150px\" data-attachment-id=\"1005863\" data-permalink=\"https:\/\/mainstyle.org\/index.php\/2018\/02\/03\/graffiti-special-mainz-am-gonsenheimer-sand-75-pix\/graffiti_mainz_hall_of_fame_2016-2018-30\/\" data-orig-file=\"https:\/\/i0.wp.com\/mainstyle.org\/wp-content\/uploads\/Graffiti_Mainz_Hall_of_Fame_2016-2018-30.jpg?fit=1024%2C684&amp;ssl=1\" data-orig-size=\"1024,684\" data-comments-opened=\"1\" data-image-meta=\"{&quot;aperture&quot;:&quot;3.5&quot;,&quot;credit&quot;:&quot;JOERG KUBEREK&quot;,&quot;camera&quot;:&quot;NIKON D750&quot;,&quot;caption&quot;:&quot;&quot;,&quot;created_timestamp&quot;:&quot;1517070479&quot;,&quot;copyright&quot;:&quot;&quot;,&quot;focal_length&quot;:&quot;55&quot;,&quot;iso&quot;:&quot;900&quot;,&quot;shutter_speed&quot;:&quot;0.016666666666667&quot;,&quot;title&quot;:&quot;&quot;,&quot;orientation&quot;:&quot;0&quot;}\" data-image-title=\"Graffiti_Mainz_Hall_of_Fame_2016-2018-30\" data-image-description=\"\" data-image-caption=\"\" data-large-file=\"https:\/\/i0.wp.com\/mainstyle.org\/wp-content\/uploads\/Graffiti_Mainz_Hall_of_Fame_2016-2018-30.jpg?fit=584%2C390&amp;ssl=1\" \/><\/a>\n\t\t\t<\/dt><\/dl><br style=\"clear: both\" \/><dl class='gallery-item'>\n\t\t\t<dt class='gallery-icon landscape'>\n\t\t\t\t<a href='https:\/\/mainstyle.org\/index.php\/2018\/02\/03\/graffiti-special-mainz-am-gonsenheimer-sand-75-pix\/graffiti_mainz_hall_of_fame_2016-2018-31\/'><img loading=\"lazy\" decoding=\"async\" width=\"150\" height=\"150\" src=\"https:\/\/i0.wp.com\/mainstyle.org\/wp-content\/uploads\/Graffiti_Mainz_Hall_of_Fame_2016-2018-31.jpg?resize=150%2C150&amp;ssl=1\" class=\"attachment-thumbnail size-thumbnail\" alt=\"\" srcset=\"https:\/\/i0.wp.com\/mainstyle.org\/wp-content\/uploads\/Graffiti_Mainz_Hall_of_Fame_2016-2018-31.jpg?resize=150%2C150&amp;ssl=1 150w, https:\/\/i0.wp.com\/mainstyle.org\/wp-content\/uploads\/Graffiti_Mainz_Hall_of_Fame_2016-2018-31.jpg?zoom=2&amp;resize=150%2C150&amp;ssl=1 300w, https:\/\/i0.wp.com\/mainstyle.org\/wp-content\/uploads\/Graffiti_Mainz_Hall_of_Fame_2016-2018-31.jpg?zoom=3&amp;resize=150%2C150&amp;ssl=1 450w\" sizes=\"auto, (max-width: 150px) 100vw, 150px\" data-attachment-id=\"1005865\" data-permalink=\"https:\/\/mainstyle.org\/index.php\/2018\/02\/03\/graffiti-special-mainz-am-gonsenheimer-sand-75-pix\/graffiti_mainz_hall_of_fame_2016-2018-31\/\" data-orig-file=\"https:\/\/i0.wp.com\/mainstyle.org\/wp-content\/uploads\/Graffiti_Mainz_Hall_of_Fame_2016-2018-31.jpg?fit=1024%2C684&amp;ssl=1\" data-orig-size=\"1024,684\" data-comments-opened=\"1\" data-image-meta=\"{&quot;aperture&quot;:&quot;3.5&quot;,&quot;credit&quot;:&quot;JOERG KUBEREK&quot;,&quot;camera&quot;:&quot;NIKON D750&quot;,&quot;caption&quot;:&quot;&quot;,&quot;created_timestamp&quot;:&quot;1517070486&quot;,&quot;copyright&quot;:&quot;&quot;,&quot;focal_length&quot;:&quot;55&quot;,&quot;iso&quot;:&quot;1600&quot;,&quot;shutter_speed&quot;:&quot;0.016666666666667&quot;,&quot;title&quot;:&quot;&quot;,&quot;orientation&quot;:&quot;0&quot;}\" data-image-title=\"Graffiti_Mainz_Hall_of_Fame_2016-2018-31\" data-image-description=\"\" data-image-caption=\"\" data-large-file=\"https:\/\/i0.wp.com\/mainstyle.org\/wp-content\/uploads\/Graffiti_Mainz_Hall_of_Fame_2016-2018-31.jpg?fit=584%2C390&amp;ssl=1\" \/><\/a>\n\t\t\t<\/dt><\/dl><dl class='gallery-item'>\n\t\t\t<dt class='gallery-icon landscape'>\n\t\t\t\t<a href='https:\/\/mainstyle.org\/index.php\/2018\/02\/03\/graffiti-special-mainz-am-gonsenheimer-sand-75-pix\/graffiti_mainz_hall_of_fame_2016-2018-32\/'><img loading=\"lazy\" decoding=\"async\" width=\"150\" height=\"150\" src=\"https:\/\/i0.wp.com\/mainstyle.org\/wp-content\/uploads\/Graffiti_Mainz_Hall_of_Fame_2016-2018-32.jpg?resize=150%2C150&amp;ssl=1\" class=\"attachment-thumbnail size-thumbnail\" alt=\"\" srcset=\"https:\/\/i0.wp.com\/mainstyle.org\/wp-content\/uploads\/Graffiti_Mainz_Hall_of_Fame_2016-2018-32.jpg?resize=150%2C150&amp;ssl=1 150w, https:\/\/i0.wp.com\/mainstyle.org\/wp-content\/uploads\/Graffiti_Mainz_Hall_of_Fame_2016-2018-32.jpg?zoom=2&amp;resize=150%2C150&amp;ssl=1 300w, https:\/\/i0.wp.com\/mainstyle.org\/wp-content\/uploads\/Graffiti_Mainz_Hall_of_Fame_2016-2018-32.jpg?zoom=3&amp;resize=150%2C150&amp;ssl=1 450w\" sizes=\"auto, (max-width: 150px) 100vw, 150px\" data-attachment-id=\"1005867\" data-permalink=\"https:\/\/mainstyle.org\/index.php\/2018\/02\/03\/graffiti-special-mainz-am-gonsenheimer-sand-75-pix\/graffiti_mainz_hall_of_fame_2016-2018-32\/\" data-orig-file=\"https:\/\/i0.wp.com\/mainstyle.org\/wp-content\/uploads\/Graffiti_Mainz_Hall_of_Fame_2016-2018-32.jpg?fit=1024%2C684&amp;ssl=1\" data-orig-size=\"1024,684\" data-comments-opened=\"1\" data-image-meta=\"{&quot;aperture&quot;:&quot;2.8&quot;,&quot;credit&quot;:&quot;JOERG KUBEREK&quot;,&quot;camera&quot;:&quot;NIKON D750&quot;,&quot;caption&quot;:&quot;&quot;,&quot;created_timestamp&quot;:&quot;1517070759&quot;,&quot;copyright&quot;:&quot;&quot;,&quot;focal_length&quot;:&quot;55&quot;,&quot;iso&quot;:&quot;6400&quot;,&quot;shutter_speed&quot;:&quot;0.033333333333333&quot;,&quot;title&quot;:&quot;&quot;,&quot;orientation&quot;:&quot;0&quot;}\" data-image-title=\"Graffiti_Mainz_Hall_of_Fame_2016-2018-32\" data-image-description=\"\" data-image-caption=\"\" data-large-file=\"https:\/\/i0.wp.com\/mainstyle.org\/wp-content\/uploads\/Graffiti_Mainz_Hall_of_Fame_2016-2018-32.jpg?fit=584%2C390&amp;ssl=1\" \/><\/a>\n\t\t\t<\/dt><\/dl><dl class='gallery-item'>\n\t\t\t<dt class='gallery-icon landscape'>\n\t\t\t\t<a href='https:\/\/mainstyle.org\/index.php\/2018\/02\/03\/graffiti-special-mainz-am-gonsenheimer-sand-75-pix\/graffiti_mainz_hall_of_fame_2016-2018-33\/'><img loading=\"lazy\" decoding=\"async\" width=\"150\" height=\"150\" src=\"https:\/\/i0.wp.com\/mainstyle.org\/wp-content\/uploads\/Graffiti_Mainz_Hall_of_Fame_2016-2018-33.jpg?resize=150%2C150&amp;ssl=1\" class=\"attachment-thumbnail size-thumbnail\" alt=\"\" srcset=\"https:\/\/i0.wp.com\/mainstyle.org\/wp-content\/uploads\/Graffiti_Mainz_Hall_of_Fame_2016-2018-33.jpg?resize=150%2C150&amp;ssl=1 150w, https:\/\/i0.wp.com\/mainstyle.org\/wp-content\/uploads\/Graffiti_Mainz_Hall_of_Fame_2016-2018-33.jpg?zoom=2&amp;resize=150%2C150&amp;ssl=1 300w, https:\/\/i0.wp.com\/mainstyle.org\/wp-content\/uploads\/Graffiti_Mainz_Hall_of_Fame_2016-2018-33.jpg?zoom=3&amp;resize=150%2C150&amp;ssl=1 450w\" sizes=\"auto, (max-width: 150px) 100vw, 150px\" data-attachment-id=\"1005869\" data-permalink=\"https:\/\/mainstyle.org\/index.php\/2018\/02\/03\/graffiti-special-mainz-am-gonsenheimer-sand-75-pix\/graffiti_mainz_hall_of_fame_2016-2018-33\/\" data-orig-file=\"https:\/\/i0.wp.com\/mainstyle.org\/wp-content\/uploads\/Graffiti_Mainz_Hall_of_Fame_2016-2018-33.jpg?fit=1024%2C684&amp;ssl=1\" data-orig-size=\"1024,684\" data-comments-opened=\"1\" data-image-meta=\"{&quot;aperture&quot;:&quot;3.5&quot;,&quot;credit&quot;:&quot;JOERG KUBEREK&quot;,&quot;camera&quot;:&quot;NIKON D750&quot;,&quot;caption&quot;:&quot;&quot;,&quot;created_timestamp&quot;:&quot;1517070727&quot;,&quot;copyright&quot;:&quot;&quot;,&quot;focal_length&quot;:&quot;55&quot;,&quot;iso&quot;:&quot;2000&quot;,&quot;shutter_speed&quot;:&quot;0.016666666666667&quot;,&quot;title&quot;:&quot;&quot;,&quot;orientation&quot;:&quot;0&quot;}\" data-image-title=\"Graffiti_Mainz_Hall_of_Fame_2016-2018-33\" data-image-description=\"\" data-image-caption=\"\" data-large-file=\"https:\/\/i0.wp.com\/mainstyle.org\/wp-content\/uploads\/Graffiti_Mainz_Hall_of_Fame_2016-2018-33.jpg?fit=584%2C390&amp;ssl=1\" \/><\/a>\n\t\t\t<\/dt><\/dl><br style=\"clear: both\" \/><dl class='gallery-item'>\n\t\t\t<dt class='gallery-icon landscape'>\n\t\t\t\t<a href='https:\/\/mainstyle.org\/index.php\/2018\/02\/03\/graffiti-special-mainz-am-gonsenheimer-sand-75-pix\/graffiti_mainz_hall_of_fame_2016-2018-34\/'><img loading=\"lazy\" decoding=\"async\" width=\"150\" height=\"150\" src=\"https:\/\/i0.wp.com\/mainstyle.org\/wp-content\/uploads\/Graffiti_Mainz_Hall_of_Fame_2016-2018-34.jpg?resize=150%2C150&amp;ssl=1\" class=\"attachment-thumbnail size-thumbnail\" alt=\"\" srcset=\"https:\/\/i0.wp.com\/mainstyle.org\/wp-content\/uploads\/Graffiti_Mainz_Hall_of_Fame_2016-2018-34.jpg?resize=150%2C150&amp;ssl=1 150w, https:\/\/i0.wp.com\/mainstyle.org\/wp-content\/uploads\/Graffiti_Mainz_Hall_of_Fame_2016-2018-34.jpg?zoom=2&amp;resize=150%2C150&amp;ssl=1 300w, https:\/\/i0.wp.com\/mainstyle.org\/wp-content\/uploads\/Graffiti_Mainz_Hall_of_Fame_2016-2018-34.jpg?zoom=3&amp;resize=150%2C150&amp;ssl=1 450w\" sizes=\"auto, (max-width: 150px) 100vw, 150px\" data-attachment-id=\"1005871\" data-permalink=\"https:\/\/mainstyle.org\/index.php\/2018\/02\/03\/graffiti-special-mainz-am-gonsenheimer-sand-75-pix\/graffiti_mainz_hall_of_fame_2016-2018-34\/\" data-orig-file=\"https:\/\/i0.wp.com\/mainstyle.org\/wp-content\/uploads\/Graffiti_Mainz_Hall_of_Fame_2016-2018-34.jpg?fit=1024%2C684&amp;ssl=1\" data-orig-size=\"1024,684\" data-comments-opened=\"1\" data-image-meta=\"{&quot;aperture&quot;:&quot;4&quot;,&quot;credit&quot;:&quot;JOERG KUBEREK&quot;,&quot;camera&quot;:&quot;NIKON D750&quot;,&quot;caption&quot;:&quot;&quot;,&quot;created_timestamp&quot;:&quot;1469040842&quot;,&quot;copyright&quot;:&quot;&quot;,&quot;focal_length&quot;:&quot;24&quot;,&quot;iso&quot;:&quot;140&quot;,&quot;shutter_speed&quot;:&quot;0.016666666666667&quot;,&quot;title&quot;:&quot;&quot;,&quot;orientation&quot;:&quot;0&quot;}\" data-image-title=\"Graffiti_Mainz_Hall_of_Fame_2016-2018-34\" data-image-description=\"\" data-image-caption=\"\" data-large-file=\"https:\/\/i0.wp.com\/mainstyle.org\/wp-content\/uploads\/Graffiti_Mainz_Hall_of_Fame_2016-2018-34.jpg?fit=584%2C390&amp;ssl=1\" \/><\/a>\n\t\t\t<\/dt><\/dl><dl class='gallery-item'>\n\t\t\t<dt class='gallery-icon landscape'>\n\t\t\t\t<a href='https:\/\/mainstyle.org\/index.php\/2018\/02\/03\/graffiti-special-mainz-am-gonsenheimer-sand-75-pix\/graffiti_mainz_hall_of_fame_2016-2018-35\/'><img loading=\"lazy\" decoding=\"async\" width=\"150\" height=\"150\" src=\"https:\/\/i0.wp.com\/mainstyle.org\/wp-content\/uploads\/Graffiti_Mainz_Hall_of_Fame_2016-2018-35.jpg?resize=150%2C150&amp;ssl=1\" class=\"attachment-thumbnail size-thumbnail\" alt=\"\" srcset=\"https:\/\/i0.wp.com\/mainstyle.org\/wp-content\/uploads\/Graffiti_Mainz_Hall_of_Fame_2016-2018-35.jpg?resize=150%2C150&amp;ssl=1 150w, https:\/\/i0.wp.com\/mainstyle.org\/wp-content\/uploads\/Graffiti_Mainz_Hall_of_Fame_2016-2018-35.jpg?zoom=2&amp;resize=150%2C150&amp;ssl=1 300w, https:\/\/i0.wp.com\/mainstyle.org\/wp-content\/uploads\/Graffiti_Mainz_Hall_of_Fame_2016-2018-35.jpg?zoom=3&amp;resize=150%2C150&amp;ssl=1 450w\" sizes=\"auto, (max-width: 150px) 100vw, 150px\" data-attachment-id=\"1005873\" data-permalink=\"https:\/\/mainstyle.org\/index.php\/2018\/02\/03\/graffiti-special-mainz-am-gonsenheimer-sand-75-pix\/graffiti_mainz_hall_of_fame_2016-2018-35\/\" data-orig-file=\"https:\/\/i0.wp.com\/mainstyle.org\/wp-content\/uploads\/Graffiti_Mainz_Hall_of_Fame_2016-2018-35.jpg?fit=1024%2C684&amp;ssl=1\" data-orig-size=\"1024,684\" data-comments-opened=\"1\" data-image-meta=\"{&quot;aperture&quot;:&quot;4&quot;,&quot;credit&quot;:&quot;JOERG KUBEREK&quot;,&quot;camera&quot;:&quot;NIKON D750&quot;,&quot;caption&quot;:&quot;&quot;,&quot;created_timestamp&quot;:&quot;1469040836&quot;,&quot;copyright&quot;:&quot;&quot;,&quot;focal_length&quot;:&quot;24&quot;,&quot;iso&quot;:&quot;160&quot;,&quot;shutter_speed&quot;:&quot;0.016666666666667&quot;,&quot;title&quot;:&quot;&quot;,&quot;orientation&quot;:&quot;0&quot;}\" data-image-title=\"Graffiti_Mainz_Hall_of_Fame_2016-2018-35\" data-image-description=\"\" data-image-caption=\"\" data-large-file=\"https:\/\/i0.wp.com\/mainstyle.org\/wp-content\/uploads\/Graffiti_Mainz_Hall_of_Fame_2016-2018-35.jpg?fit=584%2C390&amp;ssl=1\" \/><\/a>\n\t\t\t<\/dt><\/dl><dl class='gallery-item'>\n\t\t\t<dt class='gallery-icon portrait'>\n\t\t\t\t<a href='https:\/\/mainstyle.org\/index.php\/2018\/02\/03\/graffiti-special-mainz-am-gonsenheimer-sand-75-pix\/graffiti_mainz_hall_of_fame_2016-2018-36\/'><img loading=\"lazy\" decoding=\"async\" width=\"150\" height=\"150\" src=\"https:\/\/i0.wp.com\/mainstyle.org\/wp-content\/uploads\/Graffiti_Mainz_Hall_of_Fame_2016-2018-36.jpg?resize=150%2C150&amp;ssl=1\" class=\"attachment-thumbnail size-thumbnail\" alt=\"\" srcset=\"https:\/\/i0.wp.com\/mainstyle.org\/wp-content\/uploads\/Graffiti_Mainz_Hall_of_Fame_2016-2018-36.jpg?resize=150%2C150&amp;ssl=1 150w, https:\/\/i0.wp.com\/mainstyle.org\/wp-content\/uploads\/Graffiti_Mainz_Hall_of_Fame_2016-2018-36.jpg?zoom=2&amp;resize=150%2C150&amp;ssl=1 300w, https:\/\/i0.wp.com\/mainstyle.org\/wp-content\/uploads\/Graffiti_Mainz_Hall_of_Fame_2016-2018-36.jpg?zoom=3&amp;resize=150%2C150&amp;ssl=1 450w\" sizes=\"auto, (max-width: 150px) 100vw, 150px\" data-attachment-id=\"1005875\" data-permalink=\"https:\/\/mainstyle.org\/index.php\/2018\/02\/03\/graffiti-special-mainz-am-gonsenheimer-sand-75-pix\/graffiti_mainz_hall_of_fame_2016-2018-36\/\" data-orig-file=\"https:\/\/i0.wp.com\/mainstyle.org\/wp-content\/uploads\/Graffiti_Mainz_Hall_of_Fame_2016-2018-36.jpg?fit=684%2C1024&amp;ssl=1\" data-orig-size=\"684,1024\" data-comments-opened=\"1\" data-image-meta=\"{&quot;aperture&quot;:&quot;4&quot;,&quot;credit&quot;:&quot;JOERG KUBEREK&quot;,&quot;camera&quot;:&quot;NIKON D750&quot;,&quot;caption&quot;:&quot;&quot;,&quot;created_timestamp&quot;:&quot;1469040823&quot;,&quot;copyright&quot;:&quot;&quot;,&quot;focal_length&quot;:&quot;28&quot;,&quot;iso&quot;:&quot;640&quot;,&quot;shutter_speed&quot;:&quot;0.016666666666667&quot;,&quot;title&quot;:&quot;&quot;,&quot;orientation&quot;:&quot;0&quot;}\" data-image-title=\"Graffiti_Mainz_Hall_of_Fame_2016-2018-36\" data-image-description=\"\" data-image-caption=\"\" data-large-file=\"https:\/\/i0.wp.com\/mainstyle.org\/wp-content\/uploads\/Graffiti_Mainz_Hall_of_Fame_2016-2018-36.jpg?fit=584%2C874&amp;ssl=1\" \/><\/a>\n\t\t\t<\/dt><\/dl><br style=\"clear: both\" \/><dl class='gallery-item'>\n\t\t\t<dt class='gallery-icon landscape'>\n\t\t\t\t<a href='https:\/\/mainstyle.org\/index.php\/2018\/02\/03\/graffiti-special-mainz-am-gonsenheimer-sand-75-pix\/graffiti_mainz_hall_of_fame_2016-2018-37\/'><img loading=\"lazy\" decoding=\"async\" width=\"150\" height=\"150\" src=\"https:\/\/i0.wp.com\/mainstyle.org\/wp-content\/uploads\/Graffiti_Mainz_Hall_of_Fame_2016-2018-37.jpg?resize=150%2C150&amp;ssl=1\" class=\"attachment-thumbnail size-thumbnail\" alt=\"\" srcset=\"https:\/\/i0.wp.com\/mainstyle.org\/wp-content\/uploads\/Graffiti_Mainz_Hall_of_Fame_2016-2018-37.jpg?resize=150%2C150&amp;ssl=1 150w, https:\/\/i0.wp.com\/mainstyle.org\/wp-content\/uploads\/Graffiti_Mainz_Hall_of_Fame_2016-2018-37.jpg?zoom=2&amp;resize=150%2C150&amp;ssl=1 300w, https:\/\/i0.wp.com\/mainstyle.org\/wp-content\/uploads\/Graffiti_Mainz_Hall_of_Fame_2016-2018-37.jpg?zoom=3&amp;resize=150%2C150&amp;ssl=1 450w\" sizes=\"auto, (max-width: 150px) 100vw, 150px\" data-attachment-id=\"1005877\" data-permalink=\"https:\/\/mainstyle.org\/index.php\/2018\/02\/03\/graffiti-special-mainz-am-gonsenheimer-sand-75-pix\/graffiti_mainz_hall_of_fame_2016-2018-37\/\" data-orig-file=\"https:\/\/i0.wp.com\/mainstyle.org\/wp-content\/uploads\/Graffiti_Mainz_Hall_of_Fame_2016-2018-37.jpg?fit=1024%2C684&amp;ssl=1\" data-orig-size=\"1024,684\" data-comments-opened=\"1\" data-image-meta=\"{&quot;aperture&quot;:&quot;2.8&quot;,&quot;credit&quot;:&quot;JOERG KUBEREK&quot;,&quot;camera&quot;:&quot;NIKON D750&quot;,&quot;caption&quot;:&quot;&quot;,&quot;created_timestamp&quot;:&quot;1455473739&quot;,&quot;copyright&quot;:&quot;&quot;,&quot;focal_length&quot;:&quot;20&quot;,&quot;iso&quot;:&quot;500&quot;,&quot;shutter_speed&quot;:&quot;0.016666666666667&quot;,&quot;title&quot;:&quot;&quot;,&quot;orientation&quot;:&quot;0&quot;}\" data-image-title=\"Graffiti_Mainz_Hall_of_Fame_2016-2018-37\" data-image-description=\"\" data-image-caption=\"\" data-large-file=\"https:\/\/i0.wp.com\/mainstyle.org\/wp-content\/uploads\/Graffiti_Mainz_Hall_of_Fame_2016-2018-37.jpg?fit=584%2C390&amp;ssl=1\" \/><\/a>\n\t\t\t<\/dt><\/dl><dl class='gallery-item'>\n\t\t\t<dt class='gallery-icon landscape'>\n\t\t\t\t<a href='https:\/\/mainstyle.org\/index.php\/2018\/02\/03\/graffiti-special-mainz-am-gonsenheimer-sand-75-pix\/graffiti_mainz_hall_of_fame_2016-2018-38\/'><img loading=\"lazy\" decoding=\"async\" width=\"150\" height=\"150\" src=\"https:\/\/i0.wp.com\/mainstyle.org\/wp-content\/uploads\/Graffiti_Mainz_Hall_of_Fame_2016-2018-38.jpg?resize=150%2C150&amp;ssl=1\" class=\"attachment-thumbnail size-thumbnail\" alt=\"\" srcset=\"https:\/\/i0.wp.com\/mainstyle.org\/wp-content\/uploads\/Graffiti_Mainz_Hall_of_Fame_2016-2018-38.jpg?resize=150%2C150&amp;ssl=1 150w, https:\/\/i0.wp.com\/mainstyle.org\/wp-content\/uploads\/Graffiti_Mainz_Hall_of_Fame_2016-2018-38.jpg?zoom=2&amp;resize=150%2C150&amp;ssl=1 300w, https:\/\/i0.wp.com\/mainstyle.org\/wp-content\/uploads\/Graffiti_Mainz_Hall_of_Fame_2016-2018-38.jpg?zoom=3&amp;resize=150%2C150&amp;ssl=1 450w\" sizes=\"auto, (max-width: 150px) 100vw, 150px\" data-attachment-id=\"1005879\" data-permalink=\"https:\/\/mainstyle.org\/index.php\/2018\/02\/03\/graffiti-special-mainz-am-gonsenheimer-sand-75-pix\/graffiti_mainz_hall_of_fame_2016-2018-38\/\" data-orig-file=\"https:\/\/i0.wp.com\/mainstyle.org\/wp-content\/uploads\/Graffiti_Mainz_Hall_of_Fame_2016-2018-38.jpg?fit=1024%2C684&amp;ssl=1\" data-orig-size=\"1024,684\" data-comments-opened=\"1\" data-image-meta=\"{&quot;aperture&quot;:&quot;2.8&quot;,&quot;credit&quot;:&quot;JOERG KUBEREK&quot;,&quot;camera&quot;:&quot;NIKON D750&quot;,&quot;caption&quot;:&quot;&quot;,&quot;created_timestamp&quot;:&quot;1455473748&quot;,&quot;copyright&quot;:&quot;&quot;,&quot;focal_length&quot;:&quot;20&quot;,&quot;iso&quot;:&quot;640&quot;,&quot;shutter_speed&quot;:&quot;0.016666666666667&quot;,&quot;title&quot;:&quot;&quot;,&quot;orientation&quot;:&quot;0&quot;}\" data-image-title=\"Graffiti_Mainz_Hall_of_Fame_2016-2018-38\" data-image-description=\"\" data-image-caption=\"\" data-large-file=\"https:\/\/i0.wp.com\/mainstyle.org\/wp-content\/uploads\/Graffiti_Mainz_Hall_of_Fame_2016-2018-38.jpg?fit=584%2C390&amp;ssl=1\" \/><\/a>\n\t\t\t<\/dt><\/dl><dl class='gallery-item'>\n\t\t\t<dt class='gallery-icon landscape'>\n\t\t\t\t<a href='https:\/\/mainstyle.org\/index.php\/2018\/02\/03\/graffiti-special-mainz-am-gonsenheimer-sand-75-pix\/graffiti_mainz_hall_of_fame_2016-2018-39\/'><img loading=\"lazy\" decoding=\"async\" width=\"150\" height=\"150\" src=\"https:\/\/i0.wp.com\/mainstyle.org\/wp-content\/uploads\/Graffiti_Mainz_Hall_of_Fame_2016-2018-39.jpg?resize=150%2C150&amp;ssl=1\" class=\"attachment-thumbnail size-thumbnail\" alt=\"\" srcset=\"https:\/\/i0.wp.com\/mainstyle.org\/wp-content\/uploads\/Graffiti_Mainz_Hall_of_Fame_2016-2018-39.jpg?resize=150%2C150&amp;ssl=1 150w, https:\/\/i0.wp.com\/mainstyle.org\/wp-content\/uploads\/Graffiti_Mainz_Hall_of_Fame_2016-2018-39.jpg?zoom=2&amp;resize=150%2C150&amp;ssl=1 300w, https:\/\/i0.wp.com\/mainstyle.org\/wp-content\/uploads\/Graffiti_Mainz_Hall_of_Fame_2016-2018-39.jpg?zoom=3&amp;resize=150%2C150&amp;ssl=1 450w\" sizes=\"auto, (max-width: 150px) 100vw, 150px\" data-attachment-id=\"1005881\" data-permalink=\"https:\/\/mainstyle.org\/index.php\/2018\/02\/03\/graffiti-special-mainz-am-gonsenheimer-sand-75-pix\/graffiti_mainz_hall_of_fame_2016-2018-39\/\" data-orig-file=\"https:\/\/i0.wp.com\/mainstyle.org\/wp-content\/uploads\/Graffiti_Mainz_Hall_of_Fame_2016-2018-39.jpg?fit=1024%2C684&amp;ssl=1\" data-orig-size=\"1024,684\" data-comments-opened=\"1\" data-image-meta=\"{&quot;aperture&quot;:&quot;2.8&quot;,&quot;credit&quot;:&quot;JOERG KUBEREK&quot;,&quot;camera&quot;:&quot;NIKON D750&quot;,&quot;caption&quot;:&quot;&quot;,&quot;created_timestamp&quot;:&quot;1455473756&quot;,&quot;copyright&quot;:&quot;&quot;,&quot;focal_length&quot;:&quot;20&quot;,&quot;iso&quot;:&quot;500&quot;,&quot;shutter_speed&quot;:&quot;0.016666666666667&quot;,&quot;title&quot;:&quot;&quot;,&quot;orientation&quot;:&quot;0&quot;}\" data-image-title=\"Graffiti_Mainz_Hall_of_Fame_2016-2018-39\" data-image-description=\"\" data-image-caption=\"\" data-large-file=\"https:\/\/i0.wp.com\/mainstyle.org\/wp-content\/uploads\/Graffiti_Mainz_Hall_of_Fame_2016-2018-39.jpg?fit=584%2C390&amp;ssl=1\" \/><\/a>\n\t\t\t<\/dt><\/dl><br style=\"clear: both\" \/><dl class='gallery-item'>\n\t\t\t<dt class='gallery-icon landscape'>\n\t\t\t\t<a href='https:\/\/mainstyle.org\/index.php\/2018\/02\/03\/graffiti-special-mainz-am-gonsenheimer-sand-75-pix\/graffiti_mainz_hall_of_fame_2016-2018-40\/'><img loading=\"lazy\" decoding=\"async\" width=\"150\" height=\"150\" src=\"https:\/\/i0.wp.com\/mainstyle.org\/wp-content\/uploads\/Graffiti_Mainz_Hall_of_Fame_2016-2018-40.jpg?resize=150%2C150&amp;ssl=1\" class=\"attachment-thumbnail size-thumbnail\" alt=\"\" srcset=\"https:\/\/i0.wp.com\/mainstyle.org\/wp-content\/uploads\/Graffiti_Mainz_Hall_of_Fame_2016-2018-40.jpg?resize=150%2C150&amp;ssl=1 150w, https:\/\/i0.wp.com\/mainstyle.org\/wp-content\/uploads\/Graffiti_Mainz_Hall_of_Fame_2016-2018-40.jpg?zoom=2&amp;resize=150%2C150&amp;ssl=1 300w, https:\/\/i0.wp.com\/mainstyle.org\/wp-content\/uploads\/Graffiti_Mainz_Hall_of_Fame_2016-2018-40.jpg?zoom=3&amp;resize=150%2C150&amp;ssl=1 450w\" sizes=\"auto, (max-width: 150px) 100vw, 150px\" data-attachment-id=\"1005883\" data-permalink=\"https:\/\/mainstyle.org\/index.php\/2018\/02\/03\/graffiti-special-mainz-am-gonsenheimer-sand-75-pix\/graffiti_mainz_hall_of_fame_2016-2018-40\/\" data-orig-file=\"https:\/\/i0.wp.com\/mainstyle.org\/wp-content\/uploads\/Graffiti_Mainz_Hall_of_Fame_2016-2018-40.jpg?fit=1024%2C684&amp;ssl=1\" data-orig-size=\"1024,684\" data-comments-opened=\"1\" data-image-meta=\"{&quot;aperture&quot;:&quot;2.8&quot;,&quot;credit&quot;:&quot;JOERG KUBEREK&quot;,&quot;camera&quot;:&quot;NIKON D750&quot;,&quot;caption&quot;:&quot;&quot;,&quot;created_timestamp&quot;:&quot;1455473762&quot;,&quot;copyright&quot;:&quot;&quot;,&quot;focal_length&quot;:&quot;20&quot;,&quot;iso&quot;:&quot;500&quot;,&quot;shutter_speed&quot;:&quot;0.016666666666667&quot;,&quot;title&quot;:&quot;&quot;,&quot;orientation&quot;:&quot;0&quot;}\" data-image-title=\"Graffiti_Mainz_Hall_of_Fame_2016-2018-40\" data-image-description=\"\" data-image-caption=\"\" data-large-file=\"https:\/\/i0.wp.com\/mainstyle.org\/wp-content\/uploads\/Graffiti_Mainz_Hall_of_Fame_2016-2018-40.jpg?fit=584%2C390&amp;ssl=1\" \/><\/a>\n\t\t\t<\/dt><\/dl><dl class='gallery-item'>\n\t\t\t<dt class='gallery-icon landscape'>\n\t\t\t\t<a href='https:\/\/mainstyle.org\/index.php\/2018\/02\/03\/graffiti-special-mainz-am-gonsenheimer-sand-75-pix\/graffiti_mainz_hall_of_fame_2016-2018-41\/'><img loading=\"lazy\" decoding=\"async\" width=\"150\" height=\"150\" src=\"https:\/\/i0.wp.com\/mainstyle.org\/wp-content\/uploads\/Graffiti_Mainz_Hall_of_Fame_2016-2018-41.jpg?resize=150%2C150&amp;ssl=1\" class=\"attachment-thumbnail size-thumbnail\" alt=\"\" srcset=\"https:\/\/i0.wp.com\/mainstyle.org\/wp-content\/uploads\/Graffiti_Mainz_Hall_of_Fame_2016-2018-41.jpg?resize=150%2C150&amp;ssl=1 150w, https:\/\/i0.wp.com\/mainstyle.org\/wp-content\/uploads\/Graffiti_Mainz_Hall_of_Fame_2016-2018-41.jpg?zoom=2&amp;resize=150%2C150&amp;ssl=1 300w, https:\/\/i0.wp.com\/mainstyle.org\/wp-content\/uploads\/Graffiti_Mainz_Hall_of_Fame_2016-2018-41.jpg?zoom=3&amp;resize=150%2C150&amp;ssl=1 450w\" sizes=\"auto, (max-width: 150px) 100vw, 150px\" data-attachment-id=\"1005885\" data-permalink=\"https:\/\/mainstyle.org\/index.php\/2018\/02\/03\/graffiti-special-mainz-am-gonsenheimer-sand-75-pix\/graffiti_mainz_hall_of_fame_2016-2018-41\/\" data-orig-file=\"https:\/\/i0.wp.com\/mainstyle.org\/wp-content\/uploads\/Graffiti_Mainz_Hall_of_Fame_2016-2018-41.jpg?fit=1024%2C684&amp;ssl=1\" data-orig-size=\"1024,684\" data-comments-opened=\"1\" data-image-meta=\"{&quot;aperture&quot;:&quot;2.8&quot;,&quot;credit&quot;:&quot;JOERG KUBEREK&quot;,&quot;camera&quot;:&quot;NIKON D750&quot;,&quot;caption&quot;:&quot;&quot;,&quot;created_timestamp&quot;:&quot;1455473773&quot;,&quot;copyright&quot;:&quot;&quot;,&quot;focal_length&quot;:&quot;20&quot;,&quot;iso&quot;:&quot;560&quot;,&quot;shutter_speed&quot;:&quot;0.016666666666667&quot;,&quot;title&quot;:&quot;&quot;,&quot;orientation&quot;:&quot;0&quot;}\" data-image-title=\"Graffiti_Mainz_Hall_of_Fame_2016-2018-41\" data-image-description=\"\" data-image-caption=\"\" data-large-file=\"https:\/\/i0.wp.com\/mainstyle.org\/wp-content\/uploads\/Graffiti_Mainz_Hall_of_Fame_2016-2018-41.jpg?fit=584%2C390&amp;ssl=1\" \/><\/a>\n\t\t\t<\/dt><\/dl><dl class='gallery-item'>\n\t\t\t<dt class='gallery-icon landscape'>\n\t\t\t\t<a href='https:\/\/mainstyle.org\/index.php\/2018\/02\/03\/graffiti-special-mainz-am-gonsenheimer-sand-75-pix\/graffiti_mainz_hall_of_fame_2016-2018-42\/'><img loading=\"lazy\" decoding=\"async\" width=\"150\" height=\"150\" src=\"https:\/\/i0.wp.com\/mainstyle.org\/wp-content\/uploads\/Graffiti_Mainz_Hall_of_Fame_2016-2018-42.jpg?resize=150%2C150&amp;ssl=1\" class=\"attachment-thumbnail size-thumbnail\" alt=\"\" srcset=\"https:\/\/i0.wp.com\/mainstyle.org\/wp-content\/uploads\/Graffiti_Mainz_Hall_of_Fame_2016-2018-42.jpg?resize=150%2C150&amp;ssl=1 150w, https:\/\/i0.wp.com\/mainstyle.org\/wp-content\/uploads\/Graffiti_Mainz_Hall_of_Fame_2016-2018-42.jpg?zoom=2&amp;resize=150%2C150&amp;ssl=1 300w, https:\/\/i0.wp.com\/mainstyle.org\/wp-content\/uploads\/Graffiti_Mainz_Hall_of_Fame_2016-2018-42.jpg?zoom=3&amp;resize=150%2C150&amp;ssl=1 450w\" sizes=\"auto, (max-width: 150px) 100vw, 150px\" data-attachment-id=\"1005887\" data-permalink=\"https:\/\/mainstyle.org\/index.php\/2018\/02\/03\/graffiti-special-mainz-am-gonsenheimer-sand-75-pix\/graffiti_mainz_hall_of_fame_2016-2018-42\/\" data-orig-file=\"https:\/\/i0.wp.com\/mainstyle.org\/wp-content\/uploads\/Graffiti_Mainz_Hall_of_Fame_2016-2018-42.jpg?fit=1024%2C684&amp;ssl=1\" data-orig-size=\"1024,684\" data-comments-opened=\"1\" data-image-meta=\"{&quot;aperture&quot;:&quot;4&quot;,&quot;credit&quot;:&quot;JOERG KUBEREK&quot;,&quot;camera&quot;:&quot;NIKON D750&quot;,&quot;caption&quot;:&quot;&quot;,&quot;created_timestamp&quot;:&quot;1469040784&quot;,&quot;copyright&quot;:&quot;&quot;,&quot;focal_length&quot;:&quot;28&quot;,&quot;iso&quot;:&quot;180&quot;,&quot;shutter_speed&quot;:&quot;0.016666666666667&quot;,&quot;title&quot;:&quot;&quot;,&quot;orientation&quot;:&quot;0&quot;}\" data-image-title=\"Graffiti_Mainz_Hall_of_Fame_2016-2018-42\" data-image-description=\"\" data-image-caption=\"\" data-large-file=\"https:\/\/i0.wp.com\/mainstyle.org\/wp-content\/uploads\/Graffiti_Mainz_Hall_of_Fame_2016-2018-42.jpg?fit=584%2C390&amp;ssl=1\" \/><\/a>\n\t\t\t<\/dt><\/dl><br style=\"clear: both\" \/><dl class='gallery-item'>\n\t\t\t<dt class='gallery-icon landscape'>\n\t\t\t\t<a href='https:\/\/mainstyle.org\/index.php\/2018\/02\/03\/graffiti-special-mainz-am-gonsenheimer-sand-75-pix\/graffiti_mainz_hall_of_fame_2016-2018-43\/'><img loading=\"lazy\" decoding=\"async\" width=\"150\" height=\"150\" src=\"https:\/\/i0.wp.com\/mainstyle.org\/wp-content\/uploads\/Graffiti_Mainz_Hall_of_Fame_2016-2018-43.jpg?resize=150%2C150&amp;ssl=1\" class=\"attachment-thumbnail size-thumbnail\" alt=\"\" srcset=\"https:\/\/i0.wp.com\/mainstyle.org\/wp-content\/uploads\/Graffiti_Mainz_Hall_of_Fame_2016-2018-43.jpg?resize=150%2C150&amp;ssl=1 150w, https:\/\/i0.wp.com\/mainstyle.org\/wp-content\/uploads\/Graffiti_Mainz_Hall_of_Fame_2016-2018-43.jpg?zoom=2&amp;resize=150%2C150&amp;ssl=1 300w, https:\/\/i0.wp.com\/mainstyle.org\/wp-content\/uploads\/Graffiti_Mainz_Hall_of_Fame_2016-2018-43.jpg?zoom=3&amp;resize=150%2C150&amp;ssl=1 450w\" sizes=\"auto, (max-width: 150px) 100vw, 150px\" data-attachment-id=\"1005889\" data-permalink=\"https:\/\/mainstyle.org\/index.php\/2018\/02\/03\/graffiti-special-mainz-am-gonsenheimer-sand-75-pix\/graffiti_mainz_hall_of_fame_2016-2018-43\/\" data-orig-file=\"https:\/\/i0.wp.com\/mainstyle.org\/wp-content\/uploads\/Graffiti_Mainz_Hall_of_Fame_2016-2018-43.jpg?fit=1024%2C684&amp;ssl=1\" data-orig-size=\"1024,684\" data-comments-opened=\"1\" data-image-meta=\"{&quot;aperture&quot;:&quot;2.8&quot;,&quot;credit&quot;:&quot;JOERG KUBEREK&quot;,&quot;camera&quot;:&quot;NIKON D750&quot;,&quot;caption&quot;:&quot;&quot;,&quot;created_timestamp&quot;:&quot;1517070774&quot;,&quot;copyright&quot;:&quot;&quot;,&quot;focal_length&quot;:&quot;55&quot;,&quot;iso&quot;:&quot;5600&quot;,&quot;shutter_speed&quot;:&quot;0.033333333333333&quot;,&quot;title&quot;:&quot;&quot;,&quot;orientation&quot;:&quot;0&quot;}\" data-image-title=\"Graffiti_Mainz_Hall_of_Fame_2016-2018-43\" data-image-description=\"\" data-image-caption=\"\" data-large-file=\"https:\/\/i0.wp.com\/mainstyle.org\/wp-content\/uploads\/Graffiti_Mainz_Hall_of_Fame_2016-2018-43.jpg?fit=584%2C390&amp;ssl=1\" \/><\/a>\n\t\t\t<\/dt><\/dl><dl class='gallery-item'>\n\t\t\t<dt class='gallery-icon landscape'>\n\t\t\t\t<a href='https:\/\/mainstyle.org\/index.php\/2018\/02\/03\/graffiti-special-mainz-am-gonsenheimer-sand-75-pix\/graffiti_mainz_hall_of_fame_2016-2018-44\/'><img loading=\"lazy\" decoding=\"async\" width=\"150\" height=\"150\" src=\"https:\/\/i0.wp.com\/mainstyle.org\/wp-content\/uploads\/Graffiti_Mainz_Hall_of_Fame_2016-2018-44.jpg?resize=150%2C150&amp;ssl=1\" class=\"attachment-thumbnail size-thumbnail\" alt=\"\" srcset=\"https:\/\/i0.wp.com\/mainstyle.org\/wp-content\/uploads\/Graffiti_Mainz_Hall_of_Fame_2016-2018-44.jpg?resize=150%2C150&amp;ssl=1 150w, https:\/\/i0.wp.com\/mainstyle.org\/wp-content\/uploads\/Graffiti_Mainz_Hall_of_Fame_2016-2018-44.jpg?zoom=2&amp;resize=150%2C150&amp;ssl=1 300w, https:\/\/i0.wp.com\/mainstyle.org\/wp-content\/uploads\/Graffiti_Mainz_Hall_of_Fame_2016-2018-44.jpg?zoom=3&amp;resize=150%2C150&amp;ssl=1 450w\" sizes=\"auto, (max-width: 150px) 100vw, 150px\" data-attachment-id=\"1005891\" data-permalink=\"https:\/\/mainstyle.org\/index.php\/2018\/02\/03\/graffiti-special-mainz-am-gonsenheimer-sand-75-pix\/graffiti_mainz_hall_of_fame_2016-2018-44\/\" data-orig-file=\"https:\/\/i0.wp.com\/mainstyle.org\/wp-content\/uploads\/Graffiti_Mainz_Hall_of_Fame_2016-2018-44.jpg?fit=1024%2C684&amp;ssl=1\" data-orig-size=\"1024,684\" data-comments-opened=\"1\" data-image-meta=\"{&quot;aperture&quot;:&quot;4.5&quot;,&quot;credit&quot;:&quot;JOERG KUBEREK&quot;,&quot;camera&quot;:&quot;NIKON D750&quot;,&quot;caption&quot;:&quot;&quot;,&quot;created_timestamp&quot;:&quot;1469040482&quot;,&quot;copyright&quot;:&quot;&quot;,&quot;focal_length&quot;:&quot;32&quot;,&quot;iso&quot;:&quot;640&quot;,&quot;shutter_speed&quot;:&quot;0.016666666666667&quot;,&quot;title&quot;:&quot;&quot;,&quot;orientation&quot;:&quot;0&quot;}\" data-image-title=\"Graffiti_Mainz_Hall_of_Fame_2016-2018-44\" data-image-description=\"\" data-image-caption=\"\" data-large-file=\"https:\/\/i0.wp.com\/mainstyle.org\/wp-content\/uploads\/Graffiti_Mainz_Hall_of_Fame_2016-2018-44.jpg?fit=584%2C390&amp;ssl=1\" \/><\/a>\n\t\t\t<\/dt><\/dl><dl class='gallery-item'>\n\t\t\t<dt class='gallery-icon landscape'>\n\t\t\t\t<a href='https:\/\/mainstyle.org\/index.php\/2018\/02\/03\/graffiti-special-mainz-am-gonsenheimer-sand-75-pix\/graffiti_mainz_hall_of_fame_2016-2018-45\/'><img loading=\"lazy\" decoding=\"async\" width=\"150\" height=\"150\" src=\"https:\/\/i0.wp.com\/mainstyle.org\/wp-content\/uploads\/Graffiti_Mainz_Hall_of_Fame_2016-2018-45.jpg?resize=150%2C150&amp;ssl=1\" class=\"attachment-thumbnail size-thumbnail\" alt=\"\" srcset=\"https:\/\/i0.wp.com\/mainstyle.org\/wp-content\/uploads\/Graffiti_Mainz_Hall_of_Fame_2016-2018-45.jpg?resize=150%2C150&amp;ssl=1 150w, https:\/\/i0.wp.com\/mainstyle.org\/wp-content\/uploads\/Graffiti_Mainz_Hall_of_Fame_2016-2018-45.jpg?zoom=2&amp;resize=150%2C150&amp;ssl=1 300w, https:\/\/i0.wp.com\/mainstyle.org\/wp-content\/uploads\/Graffiti_Mainz_Hall_of_Fame_2016-2018-45.jpg?zoom=3&amp;resize=150%2C150&amp;ssl=1 450w\" sizes=\"auto, (max-width: 150px) 100vw, 150px\" data-attachment-id=\"1005893\" data-permalink=\"https:\/\/mainstyle.org\/index.php\/2018\/02\/03\/graffiti-special-mainz-am-gonsenheimer-sand-75-pix\/graffiti_mainz_hall_of_fame_2016-2018-45\/\" data-orig-file=\"https:\/\/i0.wp.com\/mainstyle.org\/wp-content\/uploads\/Graffiti_Mainz_Hall_of_Fame_2016-2018-45.jpg?fit=1024%2C684&amp;ssl=1\" data-orig-size=\"1024,684\" data-comments-opened=\"1\" data-image-meta=\"{&quot;aperture&quot;:&quot;4.5&quot;,&quot;credit&quot;:&quot;JOERG KUBEREK&quot;,&quot;camera&quot;:&quot;NIKON D750&quot;,&quot;caption&quot;:&quot;&quot;,&quot;created_timestamp&quot;:&quot;1469040499&quot;,&quot;copyright&quot;:&quot;&quot;,&quot;focal_length&quot;:&quot;28&quot;,&quot;iso&quot;:&quot;800&quot;,&quot;shutter_speed&quot;:&quot;0.1&quot;,&quot;title&quot;:&quot;&quot;,&quot;orientation&quot;:&quot;0&quot;}\" data-image-title=\"Graffiti_Mainz_Hall_of_Fame_2016-2018-45\" data-image-description=\"\" data-image-caption=\"\" data-large-file=\"https:\/\/i0.wp.com\/mainstyle.org\/wp-content\/uploads\/Graffiti_Mainz_Hall_of_Fame_2016-2018-45.jpg?fit=584%2C390&amp;ssl=1\" \/><\/a>\n\t\t\t<\/dt><\/dl><br style=\"clear: both\" \/><dl class='gallery-item'>\n\t\t\t<dt class='gallery-icon landscape'>\n\t\t\t\t<a href='https:\/\/mainstyle.org\/index.php\/2018\/02\/03\/graffiti-special-mainz-am-gonsenheimer-sand-75-pix\/graffiti_mainz_hall_of_fame_2016-2018-46\/'><img loading=\"lazy\" decoding=\"async\" width=\"150\" height=\"150\" src=\"https:\/\/i0.wp.com\/mainstyle.org\/wp-content\/uploads\/Graffiti_Mainz_Hall_of_Fame_2016-2018-46.jpg?resize=150%2C150&amp;ssl=1\" class=\"attachment-thumbnail size-thumbnail\" alt=\"\" srcset=\"https:\/\/i0.wp.com\/mainstyle.org\/wp-content\/uploads\/Graffiti_Mainz_Hall_of_Fame_2016-2018-46.jpg?resize=150%2C150&amp;ssl=1 150w, https:\/\/i0.wp.com\/mainstyle.org\/wp-content\/uploads\/Graffiti_Mainz_Hall_of_Fame_2016-2018-46.jpg?zoom=2&amp;resize=150%2C150&amp;ssl=1 300w, https:\/\/i0.wp.com\/mainstyle.org\/wp-content\/uploads\/Graffiti_Mainz_Hall_of_Fame_2016-2018-46.jpg?zoom=3&amp;resize=150%2C150&amp;ssl=1 450w\" sizes=\"auto, (max-width: 150px) 100vw, 150px\" data-attachment-id=\"1005895\" data-permalink=\"https:\/\/mainstyle.org\/index.php\/2018\/02\/03\/graffiti-special-mainz-am-gonsenheimer-sand-75-pix\/graffiti_mainz_hall_of_fame_2016-2018-46\/\" data-orig-file=\"https:\/\/i0.wp.com\/mainstyle.org\/wp-content\/uploads\/Graffiti_Mainz_Hall_of_Fame_2016-2018-46.jpg?fit=1024%2C684&amp;ssl=1\" data-orig-size=\"1024,684\" data-comments-opened=\"1\" data-image-meta=\"{&quot;aperture&quot;:&quot;4&quot;,&quot;credit&quot;:&quot;JOERG KUBEREK&quot;,&quot;camera&quot;:&quot;NIKON D750&quot;,&quot;caption&quot;:&quot;&quot;,&quot;created_timestamp&quot;:&quot;1469040628&quot;,&quot;copyright&quot;:&quot;&quot;,&quot;focal_length&quot;:&quot;24&quot;,&quot;iso&quot;:&quot;800&quot;,&quot;shutter_speed&quot;:&quot;0.033333333333333&quot;,&quot;title&quot;:&quot;&quot;,&quot;orientation&quot;:&quot;0&quot;}\" data-image-title=\"Graffiti_Mainz_Hall_of_Fame_2016-2018-46\" data-image-description=\"\" data-image-caption=\"\" data-large-file=\"https:\/\/i0.wp.com\/mainstyle.org\/wp-content\/uploads\/Graffiti_Mainz_Hall_of_Fame_2016-2018-46.jpg?fit=584%2C390&amp;ssl=1\" \/><\/a>\n\t\t\t<\/dt><\/dl><dl class='gallery-item'>\n\t\t\t<dt class='gallery-icon portrait'>\n\t\t\t\t<a href='https:\/\/mainstyle.org\/index.php\/2018\/02\/03\/graffiti-special-mainz-am-gonsenheimer-sand-75-pix\/graffiti_mainz_hall_of_fame_2016-2018-47\/'><img loading=\"lazy\" decoding=\"async\" width=\"150\" height=\"150\" src=\"https:\/\/i0.wp.com\/mainstyle.org\/wp-content\/uploads\/Graffiti_Mainz_Hall_of_Fame_2016-2018-47.jpg?resize=150%2C150&amp;ssl=1\" class=\"attachment-thumbnail size-thumbnail\" alt=\"\" srcset=\"https:\/\/i0.wp.com\/mainstyle.org\/wp-content\/uploads\/Graffiti_Mainz_Hall_of_Fame_2016-2018-47.jpg?resize=150%2C150&amp;ssl=1 150w, https:\/\/i0.wp.com\/mainstyle.org\/wp-content\/uploads\/Graffiti_Mainz_Hall_of_Fame_2016-2018-47.jpg?zoom=2&amp;resize=150%2C150&amp;ssl=1 300w, https:\/\/i0.wp.com\/mainstyle.org\/wp-content\/uploads\/Graffiti_Mainz_Hall_of_Fame_2016-2018-47.jpg?zoom=3&amp;resize=150%2C150&amp;ssl=1 450w\" sizes=\"auto, (max-width: 150px) 100vw, 150px\" data-attachment-id=\"1005897\" data-permalink=\"https:\/\/mainstyle.org\/index.php\/2018\/02\/03\/graffiti-special-mainz-am-gonsenheimer-sand-75-pix\/graffiti_mainz_hall_of_fame_2016-2018-47\/\" data-orig-file=\"https:\/\/i0.wp.com\/mainstyle.org\/wp-content\/uploads\/Graffiti_Mainz_Hall_of_Fame_2016-2018-47.jpg?fit=684%2C1024&amp;ssl=1\" data-orig-size=\"684,1024\" data-comments-opened=\"1\" data-image-meta=\"{&quot;aperture&quot;:&quot;4&quot;,&quot;credit&quot;:&quot;JOERG KUBEREK&quot;,&quot;camera&quot;:&quot;NIKON D750&quot;,&quot;caption&quot;:&quot;&quot;,&quot;created_timestamp&quot;:&quot;1469040597&quot;,&quot;copyright&quot;:&quot;&quot;,&quot;focal_length&quot;:&quot;24&quot;,&quot;iso&quot;:&quot;800&quot;,&quot;shutter_speed&quot;:&quot;0.033333333333333&quot;,&quot;title&quot;:&quot;&quot;,&quot;orientation&quot;:&quot;0&quot;}\" data-image-title=\"Graffiti_Mainz_Hall_of_Fame_2016-2018-47\" data-image-description=\"\" data-image-caption=\"\" data-large-file=\"https:\/\/i0.wp.com\/mainstyle.org\/wp-content\/uploads\/Graffiti_Mainz_Hall_of_Fame_2016-2018-47.jpg?fit=584%2C874&amp;ssl=1\" \/><\/a>\n\t\t\t<\/dt><\/dl><dl class='gallery-item'>\n\t\t\t<dt class='gallery-icon landscape'>\n\t\t\t\t<a href='https:\/\/mainstyle.org\/index.php\/2018\/02\/03\/graffiti-special-mainz-am-gonsenheimer-sand-75-pix\/graffiti_mainz_hall_of_fame_2016-2018-48\/'><img loading=\"lazy\" decoding=\"async\" width=\"150\" height=\"150\" src=\"https:\/\/i0.wp.com\/mainstyle.org\/wp-content\/uploads\/Graffiti_Mainz_Hall_of_Fame_2016-2018-48.jpg?resize=150%2C150&amp;ssl=1\" class=\"attachment-thumbnail size-thumbnail\" alt=\"\" srcset=\"https:\/\/i0.wp.com\/mainstyle.org\/wp-content\/uploads\/Graffiti_Mainz_Hall_of_Fame_2016-2018-48.jpg?resize=150%2C150&amp;ssl=1 150w, https:\/\/i0.wp.com\/mainstyle.org\/wp-content\/uploads\/Graffiti_Mainz_Hall_of_Fame_2016-2018-48.jpg?zoom=2&amp;resize=150%2C150&amp;ssl=1 300w, https:\/\/i0.wp.com\/mainstyle.org\/wp-content\/uploads\/Graffiti_Mainz_Hall_of_Fame_2016-2018-48.jpg?zoom=3&amp;resize=150%2C150&amp;ssl=1 450w\" sizes=\"auto, (max-width: 150px) 100vw, 150px\" data-attachment-id=\"1005899\" data-permalink=\"https:\/\/mainstyle.org\/index.php\/2018\/02\/03\/graffiti-special-mainz-am-gonsenheimer-sand-75-pix\/graffiti_mainz_hall_of_fame_2016-2018-48\/\" data-orig-file=\"https:\/\/i0.wp.com\/mainstyle.org\/wp-content\/uploads\/Graffiti_Mainz_Hall_of_Fame_2016-2018-48.jpg?fit=1024%2C684&amp;ssl=1\" data-orig-size=\"1024,684\" data-comments-opened=\"1\" data-image-meta=\"{&quot;aperture&quot;:&quot;5&quot;,&quot;credit&quot;:&quot;JOERG KUBEREK&quot;,&quot;camera&quot;:&quot;NIKON D750&quot;,&quot;caption&quot;:&quot;&quot;,&quot;created_timestamp&quot;:&quot;1469040552&quot;,&quot;copyright&quot;:&quot;&quot;,&quot;focal_length&quot;:&quot;28&quot;,&quot;iso&quot;:&quot;800&quot;,&quot;shutter_speed&quot;:&quot;0.016666666666667&quot;,&quot;title&quot;:&quot;&quot;,&quot;orientation&quot;:&quot;0&quot;}\" data-image-title=\"Graffiti_Mainz_Hall_of_Fame_2016-2018-48\" data-image-description=\"\" data-image-caption=\"\" data-large-file=\"https:\/\/i0.wp.com\/mainstyle.org\/wp-content\/uploads\/Graffiti_Mainz_Hall_of_Fame_2016-2018-48.jpg?fit=584%2C390&amp;ssl=1\" \/><\/a>\n\t\t\t<\/dt><\/dl><br style=\"clear: both\" \/><dl class='gallery-item'>\n\t\t\t<dt class='gallery-icon landscape'>\n\t\t\t\t<a href='https:\/\/mainstyle.org\/index.php\/2018\/02\/03\/graffiti-special-mainz-am-gonsenheimer-sand-75-pix\/graffiti_mainz_hall_of_fame_2016-2018-49\/'><img loading=\"lazy\" decoding=\"async\" width=\"150\" height=\"150\" src=\"https:\/\/i0.wp.com\/mainstyle.org\/wp-content\/uploads\/Graffiti_Mainz_Hall_of_Fame_2016-2018-49.jpg?resize=150%2C150&amp;ssl=1\" class=\"attachment-thumbnail size-thumbnail\" alt=\"\" srcset=\"https:\/\/i0.wp.com\/mainstyle.org\/wp-content\/uploads\/Graffiti_Mainz_Hall_of_Fame_2016-2018-49.jpg?resize=150%2C150&amp;ssl=1 150w, https:\/\/i0.wp.com\/mainstyle.org\/wp-content\/uploads\/Graffiti_Mainz_Hall_of_Fame_2016-2018-49.jpg?zoom=2&amp;resize=150%2C150&amp;ssl=1 300w, https:\/\/i0.wp.com\/mainstyle.org\/wp-content\/uploads\/Graffiti_Mainz_Hall_of_Fame_2016-2018-49.jpg?zoom=3&amp;resize=150%2C150&amp;ssl=1 450w\" sizes=\"auto, (max-width: 150px) 100vw, 150px\" data-attachment-id=\"1005901\" data-permalink=\"https:\/\/mainstyle.org\/index.php\/2018\/02\/03\/graffiti-special-mainz-am-gonsenheimer-sand-75-pix\/graffiti_mainz_hall_of_fame_2016-2018-49\/\" data-orig-file=\"https:\/\/i0.wp.com\/mainstyle.org\/wp-content\/uploads\/Graffiti_Mainz_Hall_of_Fame_2016-2018-49.jpg?fit=1024%2C684&amp;ssl=1\" data-orig-size=\"1024,684\" data-comments-opened=\"1\" data-image-meta=\"{&quot;aperture&quot;:&quot;4&quot;,&quot;credit&quot;:&quot;JOERG KUBEREK&quot;,&quot;camera&quot;:&quot;NIKON D750&quot;,&quot;caption&quot;:&quot;&quot;,&quot;created_timestamp&quot;:&quot;1469040804&quot;,&quot;copyright&quot;:&quot;&quot;,&quot;focal_length&quot;:&quot;42&quot;,&quot;iso&quot;:&quot;100&quot;,&quot;shutter_speed&quot;:&quot;0.0125&quot;,&quot;title&quot;:&quot;&quot;,&quot;orientation&quot;:&quot;0&quot;}\" data-image-title=\"Graffiti_Mainz_Hall_of_Fame_2016-2018-49\" data-image-description=\"\" data-image-caption=\"\" data-large-file=\"https:\/\/i0.wp.com\/mainstyle.org\/wp-content\/uploads\/Graffiti_Mainz_Hall_of_Fame_2016-2018-49.jpg?fit=584%2C390&amp;ssl=1\" \/><\/a>\n\t\t\t<\/dt><\/dl><dl class='gallery-item'>\n\t\t\t<dt class='gallery-icon landscape'>\n\t\t\t\t<a href='https:\/\/mainstyle.org\/index.php\/2018\/02\/03\/graffiti-special-mainz-am-gonsenheimer-sand-75-pix\/graffiti_mainz_hall_of_fame_2016-2018-50\/'><img loading=\"lazy\" decoding=\"async\" width=\"150\" height=\"150\" src=\"https:\/\/i0.wp.com\/mainstyle.org\/wp-content\/uploads\/Graffiti_Mainz_Hall_of_Fame_2016-2018-50.jpg?resize=150%2C150&amp;ssl=1\" class=\"attachment-thumbnail size-thumbnail\" alt=\"\" srcset=\"https:\/\/i0.wp.com\/mainstyle.org\/wp-content\/uploads\/Graffiti_Mainz_Hall_of_Fame_2016-2018-50.jpg?resize=150%2C150&amp;ssl=1 150w, https:\/\/i0.wp.com\/mainstyle.org\/wp-content\/uploads\/Graffiti_Mainz_Hall_of_Fame_2016-2018-50.jpg?zoom=2&amp;resize=150%2C150&amp;ssl=1 300w, https:\/\/i0.wp.com\/mainstyle.org\/wp-content\/uploads\/Graffiti_Mainz_Hall_of_Fame_2016-2018-50.jpg?zoom=3&amp;resize=150%2C150&amp;ssl=1 450w\" sizes=\"auto, (max-width: 150px) 100vw, 150px\" data-attachment-id=\"1005903\" data-permalink=\"https:\/\/mainstyle.org\/index.php\/2018\/02\/03\/graffiti-special-mainz-am-gonsenheimer-sand-75-pix\/graffiti_mainz_hall_of_fame_2016-2018-50\/\" data-orig-file=\"https:\/\/i0.wp.com\/mainstyle.org\/wp-content\/uploads\/Graffiti_Mainz_Hall_of_Fame_2016-2018-50.jpg?fit=1024%2C684&amp;ssl=1\" data-orig-size=\"1024,684\" data-comments-opened=\"1\" data-image-meta=\"{&quot;aperture&quot;:&quot;3.2&quot;,&quot;credit&quot;:&quot;JOERG KUBEREK&quot;,&quot;camera&quot;:&quot;NIKON D750&quot;,&quot;caption&quot;:&quot;&quot;,&quot;created_timestamp&quot;:&quot;1473964414&quot;,&quot;copyright&quot;:&quot;&quot;,&quot;focal_length&quot;:&quot;30&quot;,&quot;iso&quot;:&quot;220&quot;,&quot;shutter_speed&quot;:&quot;0.025&quot;,&quot;title&quot;:&quot;&quot;,&quot;orientation&quot;:&quot;0&quot;}\" data-image-title=\"Graffiti_Mainz_Hall_of_Fame_2016-2018-50\" data-image-description=\"\" data-image-caption=\"\" data-large-file=\"https:\/\/i0.wp.com\/mainstyle.org\/wp-content\/uploads\/Graffiti_Mainz_Hall_of_Fame_2016-2018-50.jpg?fit=584%2C390&amp;ssl=1\" \/><\/a>\n\t\t\t<\/dt><\/dl><dl class='gallery-item'>\n\t\t\t<dt class='gallery-icon landscape'>\n\t\t\t\t<a href='https:\/\/mainstyle.org\/index.php\/2018\/02\/03\/graffiti-special-mainz-am-gonsenheimer-sand-75-pix\/graffiti_mainz_hall_of_fame_2016-2018-51\/'><img loading=\"lazy\" decoding=\"async\" width=\"150\" height=\"150\" src=\"https:\/\/i0.wp.com\/mainstyle.org\/wp-content\/uploads\/Graffiti_Mainz_Hall_of_Fame_2016-2018-51.jpg?resize=150%2C150&amp;ssl=1\" class=\"attachment-thumbnail size-thumbnail\" alt=\"\" srcset=\"https:\/\/i0.wp.com\/mainstyle.org\/wp-content\/uploads\/Graffiti_Mainz_Hall_of_Fame_2016-2018-51.jpg?resize=150%2C150&amp;ssl=1 150w, https:\/\/i0.wp.com\/mainstyle.org\/wp-content\/uploads\/Graffiti_Mainz_Hall_of_Fame_2016-2018-51.jpg?zoom=2&amp;resize=150%2C150&amp;ssl=1 300w, https:\/\/i0.wp.com\/mainstyle.org\/wp-content\/uploads\/Graffiti_Mainz_Hall_of_Fame_2016-2018-51.jpg?zoom=3&amp;resize=150%2C150&amp;ssl=1 450w\" sizes=\"auto, (max-width: 150px) 100vw, 150px\" data-attachment-id=\"1005905\" data-permalink=\"https:\/\/mainstyle.org\/index.php\/2018\/02\/03\/graffiti-special-mainz-am-gonsenheimer-sand-75-pix\/graffiti_mainz_hall_of_fame_2016-2018-51\/\" data-orig-file=\"https:\/\/i0.wp.com\/mainstyle.org\/wp-content\/uploads\/Graffiti_Mainz_Hall_of_Fame_2016-2018-51.jpg?fit=1024%2C684&amp;ssl=1\" data-orig-size=\"1024,684\" data-comments-opened=\"1\" data-image-meta=\"{&quot;aperture&quot;:&quot;3.2&quot;,&quot;credit&quot;:&quot;JOERG KUBEREK&quot;,&quot;camera&quot;:&quot;NIKON D750&quot;,&quot;caption&quot;:&quot;&quot;,&quot;created_timestamp&quot;:&quot;1473964424&quot;,&quot;copyright&quot;:&quot;&quot;,&quot;focal_length&quot;:&quot;34&quot;,&quot;iso&quot;:&quot;250&quot;,&quot;shutter_speed&quot;:&quot;0.025&quot;,&quot;title&quot;:&quot;&quot;,&quot;orientation&quot;:&quot;0&quot;}\" data-image-title=\"Graffiti_Mainz_Hall_of_Fame_2016-2018-51\" data-image-description=\"\" data-image-caption=\"\" data-large-file=\"https:\/\/i0.wp.com\/mainstyle.org\/wp-content\/uploads\/Graffiti_Mainz_Hall_of_Fame_2016-2018-51.jpg?fit=584%2C390&amp;ssl=1\" \/><\/a>\n\t\t\t<\/dt><\/dl><br style=\"clear: both\" \/><dl class='gallery-item'>\n\t\t\t<dt class='gallery-icon landscape'>\n\t\t\t\t<a href='https:\/\/mainstyle.org\/index.php\/2018\/02\/03\/graffiti-special-mainz-am-gonsenheimer-sand-75-pix\/graffiti_mainz_hall_of_fame_2016-2018-52\/'><img loading=\"lazy\" decoding=\"async\" width=\"150\" height=\"150\" src=\"https:\/\/i0.wp.com\/mainstyle.org\/wp-content\/uploads\/Graffiti_Mainz_Hall_of_Fame_2016-2018-52.jpg?resize=150%2C150&amp;ssl=1\" class=\"attachment-thumbnail size-thumbnail\" alt=\"\" srcset=\"https:\/\/i0.wp.com\/mainstyle.org\/wp-content\/uploads\/Graffiti_Mainz_Hall_of_Fame_2016-2018-52.jpg?resize=150%2C150&amp;ssl=1 150w, https:\/\/i0.wp.com\/mainstyle.org\/wp-content\/uploads\/Graffiti_Mainz_Hall_of_Fame_2016-2018-52.jpg?zoom=2&amp;resize=150%2C150&amp;ssl=1 300w, https:\/\/i0.wp.com\/mainstyle.org\/wp-content\/uploads\/Graffiti_Mainz_Hall_of_Fame_2016-2018-52.jpg?zoom=3&amp;resize=150%2C150&amp;ssl=1 450w\" sizes=\"auto, (max-width: 150px) 100vw, 150px\" data-attachment-id=\"1005907\" data-permalink=\"https:\/\/mainstyle.org\/index.php\/2018\/02\/03\/graffiti-special-mainz-am-gonsenheimer-sand-75-pix\/graffiti_mainz_hall_of_fame_2016-2018-52\/\" data-orig-file=\"https:\/\/i0.wp.com\/mainstyle.org\/wp-content\/uploads\/Graffiti_Mainz_Hall_of_Fame_2016-2018-52.jpg?fit=1024%2C684&amp;ssl=1\" data-orig-size=\"1024,684\" data-comments-opened=\"1\" data-image-meta=\"{&quot;aperture&quot;:&quot;3.2&quot;,&quot;credit&quot;:&quot;JOERG KUBEREK&quot;,&quot;camera&quot;:&quot;NIKON D750&quot;,&quot;caption&quot;:&quot;&quot;,&quot;created_timestamp&quot;:&quot;1473964611&quot;,&quot;copyright&quot;:&quot;&quot;,&quot;focal_length&quot;:&quot;24&quot;,&quot;iso&quot;:&quot;180&quot;,&quot;shutter_speed&quot;:&quot;0.025&quot;,&quot;title&quot;:&quot;&quot;,&quot;orientation&quot;:&quot;0&quot;}\" data-image-title=\"Graffiti_Mainz_Hall_of_Fame_2016-2018-52\" data-image-description=\"\" data-image-caption=\"\" data-large-file=\"https:\/\/i0.wp.com\/mainstyle.org\/wp-content\/uploads\/Graffiti_Mainz_Hall_of_Fame_2016-2018-52.jpg?fit=584%2C390&amp;ssl=1\" \/><\/a>\n\t\t\t<\/dt><\/dl><dl class='gallery-item'>\n\t\t\t<dt class='gallery-icon landscape'>\n\t\t\t\t<a href='https:\/\/mainstyle.org\/index.php\/2018\/02\/03\/graffiti-special-mainz-am-gonsenheimer-sand-75-pix\/graffiti_mainz_hall_of_fame_2016-2018-53\/'><img loading=\"lazy\" decoding=\"async\" width=\"150\" height=\"150\" src=\"https:\/\/i0.wp.com\/mainstyle.org\/wp-content\/uploads\/Graffiti_Mainz_Hall_of_Fame_2016-2018-53.jpg?resize=150%2C150&amp;ssl=1\" class=\"attachment-thumbnail size-thumbnail\" alt=\"\" srcset=\"https:\/\/i0.wp.com\/mainstyle.org\/wp-content\/uploads\/Graffiti_Mainz_Hall_of_Fame_2016-2018-53.jpg?resize=150%2C150&amp;ssl=1 150w, https:\/\/i0.wp.com\/mainstyle.org\/wp-content\/uploads\/Graffiti_Mainz_Hall_of_Fame_2016-2018-53.jpg?zoom=2&amp;resize=150%2C150&amp;ssl=1 300w, https:\/\/i0.wp.com\/mainstyle.org\/wp-content\/uploads\/Graffiti_Mainz_Hall_of_Fame_2016-2018-53.jpg?zoom=3&amp;resize=150%2C150&amp;ssl=1 450w\" sizes=\"auto, (max-width: 150px) 100vw, 150px\" data-attachment-id=\"1005909\" data-permalink=\"https:\/\/mainstyle.org\/index.php\/2018\/02\/03\/graffiti-special-mainz-am-gonsenheimer-sand-75-pix\/graffiti_mainz_hall_of_fame_2016-2018-53\/\" data-orig-file=\"https:\/\/i0.wp.com\/mainstyle.org\/wp-content\/uploads\/Graffiti_Mainz_Hall_of_Fame_2016-2018-53.jpg?fit=1024%2C684&amp;ssl=1\" data-orig-size=\"1024,684\" data-comments-opened=\"1\" data-image-meta=\"{&quot;aperture&quot;:&quot;4&quot;,&quot;credit&quot;:&quot;JOERG KUBEREK&quot;,&quot;camera&quot;:&quot;NIKON D750&quot;,&quot;caption&quot;:&quot;&quot;,&quot;created_timestamp&quot;:&quot;1498062889&quot;,&quot;copyright&quot;:&quot;&quot;,&quot;focal_length&quot;:&quot;26&quot;,&quot;iso&quot;:&quot;800&quot;,&quot;shutter_speed&quot;:&quot;0.0125&quot;,&quot;title&quot;:&quot;&quot;,&quot;orientation&quot;:&quot;0&quot;}\" data-image-title=\"Graffiti_Mainz_Hall_of_Fame_2016-2018-53\" data-image-description=\"\" data-image-caption=\"\" data-large-file=\"https:\/\/i0.wp.com\/mainstyle.org\/wp-content\/uploads\/Graffiti_Mainz_Hall_of_Fame_2016-2018-53.jpg?fit=584%2C390&amp;ssl=1\" \/><\/a>\n\t\t\t<\/dt><\/dl><dl class='gallery-item'>\n\t\t\t<dt class='gallery-icon landscape'>\n\t\t\t\t<a href='https:\/\/mainstyle.org\/index.php\/2018\/02\/03\/graffiti-special-mainz-am-gonsenheimer-sand-75-pix\/graffiti_mainz_hall_of_fame_2016-2018-54\/'><img loading=\"lazy\" decoding=\"async\" width=\"150\" height=\"150\" src=\"https:\/\/i0.wp.com\/mainstyle.org\/wp-content\/uploads\/Graffiti_Mainz_Hall_of_Fame_2016-2018-54.jpg?resize=150%2C150&amp;ssl=1\" class=\"attachment-thumbnail size-thumbnail\" alt=\"\" srcset=\"https:\/\/i0.wp.com\/mainstyle.org\/wp-content\/uploads\/Graffiti_Mainz_Hall_of_Fame_2016-2018-54.jpg?resize=150%2C150&amp;ssl=1 150w, https:\/\/i0.wp.com\/mainstyle.org\/wp-content\/uploads\/Graffiti_Mainz_Hall_of_Fame_2016-2018-54.jpg?zoom=2&amp;resize=150%2C150&amp;ssl=1 300w, https:\/\/i0.wp.com\/mainstyle.org\/wp-content\/uploads\/Graffiti_Mainz_Hall_of_Fame_2016-2018-54.jpg?zoom=3&amp;resize=150%2C150&amp;ssl=1 450w\" sizes=\"auto, (max-width: 150px) 100vw, 150px\" data-attachment-id=\"1005911\" data-permalink=\"https:\/\/mainstyle.org\/index.php\/2018\/02\/03\/graffiti-special-mainz-am-gonsenheimer-sand-75-pix\/graffiti_mainz_hall_of_fame_2016-2018-54\/\" data-orig-file=\"https:\/\/i0.wp.com\/mainstyle.org\/wp-content\/uploads\/Graffiti_Mainz_Hall_of_Fame_2016-2018-54.jpg?fit=1024%2C684&amp;ssl=1\" data-orig-size=\"1024,684\" data-comments-opened=\"1\" data-image-meta=\"{&quot;aperture&quot;:&quot;4&quot;,&quot;credit&quot;:&quot;JOERG KUBEREK&quot;,&quot;camera&quot;:&quot;NIKON D750&quot;,&quot;caption&quot;:&quot;&quot;,&quot;created_timestamp&quot;:&quot;1498062898&quot;,&quot;copyright&quot;:&quot;&quot;,&quot;focal_length&quot;:&quot;30&quot;,&quot;iso&quot;:&quot;800&quot;,&quot;shutter_speed&quot;:&quot;0.0125&quot;,&quot;title&quot;:&quot;&quot;,&quot;orientation&quot;:&quot;0&quot;}\" data-image-title=\"Graffiti_Mainz_Hall_of_Fame_2016-2018-54\" data-image-description=\"\" data-image-caption=\"\" data-large-file=\"https:\/\/i0.wp.com\/mainstyle.org\/wp-content\/uploads\/Graffiti_Mainz_Hall_of_Fame_2016-2018-54.jpg?fit=584%2C390&amp;ssl=1\" \/><\/a>\n\t\t\t<\/dt><\/dl><br style=\"clear: both\" \/><dl class='gallery-item'>\n\t\t\t<dt class='gallery-icon landscape'>\n\t\t\t\t<a href='https:\/\/mainstyle.org\/index.php\/2018\/02\/03\/graffiti-special-mainz-am-gonsenheimer-sand-75-pix\/graffiti_mainz_hall_of_fame_2016-2018-55\/'><img loading=\"lazy\" decoding=\"async\" width=\"150\" height=\"150\" src=\"https:\/\/i0.wp.com\/mainstyle.org\/wp-content\/uploads\/Graffiti_Mainz_Hall_of_Fame_2016-2018-55.jpg?resize=150%2C150&amp;ssl=1\" class=\"attachment-thumbnail size-thumbnail\" alt=\"\" srcset=\"https:\/\/i0.wp.com\/mainstyle.org\/wp-content\/uploads\/Graffiti_Mainz_Hall_of_Fame_2016-2018-55.jpg?resize=150%2C150&amp;ssl=1 150w, https:\/\/i0.wp.com\/mainstyle.org\/wp-content\/uploads\/Graffiti_Mainz_Hall_of_Fame_2016-2018-55.jpg?zoom=2&amp;resize=150%2C150&amp;ssl=1 300w, https:\/\/i0.wp.com\/mainstyle.org\/wp-content\/uploads\/Graffiti_Mainz_Hall_of_Fame_2016-2018-55.jpg?zoom=3&amp;resize=150%2C150&amp;ssl=1 450w\" sizes=\"auto, (max-width: 150px) 100vw, 150px\" data-attachment-id=\"1005913\" data-permalink=\"https:\/\/mainstyle.org\/index.php\/2018\/02\/03\/graffiti-special-mainz-am-gonsenheimer-sand-75-pix\/graffiti_mainz_hall_of_fame_2016-2018-55\/\" data-orig-file=\"https:\/\/i0.wp.com\/mainstyle.org\/wp-content\/uploads\/Graffiti_Mainz_Hall_of_Fame_2016-2018-55.jpg?fit=1024%2C684&amp;ssl=1\" data-orig-size=\"1024,684\" data-comments-opened=\"1\" data-image-meta=\"{&quot;aperture&quot;:&quot;4&quot;,&quot;credit&quot;:&quot;JOERG KUBEREK&quot;,&quot;camera&quot;:&quot;NIKON D750&quot;,&quot;caption&quot;:&quot;&quot;,&quot;created_timestamp&quot;:&quot;1498062904&quot;,&quot;copyright&quot;:&quot;&quot;,&quot;focal_length&quot;:&quot;30&quot;,&quot;iso&quot;:&quot;200&quot;,&quot;shutter_speed&quot;:&quot;0.0125&quot;,&quot;title&quot;:&quot;&quot;,&quot;orientation&quot;:&quot;0&quot;}\" data-image-title=\"Graffiti_Mainz_Hall_of_Fame_2016-2018-55\" data-image-description=\"\" data-image-caption=\"\" data-large-file=\"https:\/\/i0.wp.com\/mainstyle.org\/wp-content\/uploads\/Graffiti_Mainz_Hall_of_Fame_2016-2018-55.jpg?fit=584%2C390&amp;ssl=1\" \/><\/a>\n\t\t\t<\/dt><\/dl><dl class='gallery-item'>\n\t\t\t<dt class='gallery-icon landscape'>\n\t\t\t\t<a href='https:\/\/mainstyle.org\/index.php\/2018\/02\/03\/graffiti-special-mainz-am-gonsenheimer-sand-75-pix\/graffiti_mainz_hall_of_fame_2016-2018-56\/'><img loading=\"lazy\" decoding=\"async\" width=\"150\" height=\"150\" src=\"https:\/\/i0.wp.com\/mainstyle.org\/wp-content\/uploads\/Graffiti_Mainz_Hall_of_Fame_2016-2018-56.jpg?resize=150%2C150&amp;ssl=1\" class=\"attachment-thumbnail size-thumbnail\" alt=\"\" srcset=\"https:\/\/i0.wp.com\/mainstyle.org\/wp-content\/uploads\/Graffiti_Mainz_Hall_of_Fame_2016-2018-56.jpg?resize=150%2C150&amp;ssl=1 150w, https:\/\/i0.wp.com\/mainstyle.org\/wp-content\/uploads\/Graffiti_Mainz_Hall_of_Fame_2016-2018-56.jpg?zoom=2&amp;resize=150%2C150&amp;ssl=1 300w, https:\/\/i0.wp.com\/mainstyle.org\/wp-content\/uploads\/Graffiti_Mainz_Hall_of_Fame_2016-2018-56.jpg?zoom=3&amp;resize=150%2C150&amp;ssl=1 450w\" sizes=\"auto, (max-width: 150px) 100vw, 150px\" data-attachment-id=\"1005915\" data-permalink=\"https:\/\/mainstyle.org\/index.php\/2018\/02\/03\/graffiti-special-mainz-am-gonsenheimer-sand-75-pix\/graffiti_mainz_hall_of_fame_2016-2018-56\/\" data-orig-file=\"https:\/\/i0.wp.com\/mainstyle.org\/wp-content\/uploads\/Graffiti_Mainz_Hall_of_Fame_2016-2018-56.jpg?fit=1024%2C684&amp;ssl=1\" data-orig-size=\"1024,684\" data-comments-opened=\"1\" data-image-meta=\"{&quot;aperture&quot;:&quot;4&quot;,&quot;credit&quot;:&quot;JOERG KUBEREK&quot;,&quot;camera&quot;:&quot;NIKON D750&quot;,&quot;caption&quot;:&quot;&quot;,&quot;created_timestamp&quot;:&quot;1498062931&quot;,&quot;copyright&quot;:&quot;&quot;,&quot;focal_length&quot;:&quot;32&quot;,&quot;iso&quot;:&quot;800&quot;,&quot;shutter_speed&quot;:&quot;0.0125&quot;,&quot;title&quot;:&quot;&quot;,&quot;orientation&quot;:&quot;0&quot;}\" data-image-title=\"Graffiti_Mainz_Hall_of_Fame_2016-2018-56\" data-image-description=\"\" data-image-caption=\"\" data-large-file=\"https:\/\/i0.wp.com\/mainstyle.org\/wp-content\/uploads\/Graffiti_Mainz_Hall_of_Fame_2016-2018-56.jpg?fit=584%2C390&amp;ssl=1\" \/><\/a>\n\t\t\t<\/dt><\/dl><dl class='gallery-item'>\n\t\t\t<dt class='gallery-icon landscape'>\n\t\t\t\t<a href='https:\/\/mainstyle.org\/index.php\/2018\/02\/03\/graffiti-special-mainz-am-gonsenheimer-sand-75-pix\/graffiti_mainz_hall_of_fame_2016-2018-57\/'><img loading=\"lazy\" decoding=\"async\" width=\"150\" height=\"150\" src=\"https:\/\/i0.wp.com\/mainstyle.org\/wp-content\/uploads\/Graffiti_Mainz_Hall_of_Fame_2016-2018-57.jpg?resize=150%2C150&amp;ssl=1\" class=\"attachment-thumbnail size-thumbnail\" alt=\"\" srcset=\"https:\/\/i0.wp.com\/mainstyle.org\/wp-content\/uploads\/Graffiti_Mainz_Hall_of_Fame_2016-2018-57.jpg?resize=150%2C150&amp;ssl=1 150w, https:\/\/i0.wp.com\/mainstyle.org\/wp-content\/uploads\/Graffiti_Mainz_Hall_of_Fame_2016-2018-57.jpg?zoom=2&amp;resize=150%2C150&amp;ssl=1 300w, https:\/\/i0.wp.com\/mainstyle.org\/wp-content\/uploads\/Graffiti_Mainz_Hall_of_Fame_2016-2018-57.jpg?zoom=3&amp;resize=150%2C150&amp;ssl=1 450w\" sizes=\"auto, (max-width: 150px) 100vw, 150px\" data-attachment-id=\"1005917\" data-permalink=\"https:\/\/mainstyle.org\/index.php\/2018\/02\/03\/graffiti-special-mainz-am-gonsenheimer-sand-75-pix\/graffiti_mainz_hall_of_fame_2016-2018-57\/\" data-orig-file=\"https:\/\/i0.wp.com\/mainstyle.org\/wp-content\/uploads\/Graffiti_Mainz_Hall_of_Fame_2016-2018-57.jpg?fit=1024%2C684&amp;ssl=1\" data-orig-size=\"1024,684\" data-comments-opened=\"1\" data-image-meta=\"{&quot;aperture&quot;:&quot;4&quot;,&quot;credit&quot;:&quot;JOERG KUBEREK&quot;,&quot;camera&quot;:&quot;NIKON D750&quot;,&quot;caption&quot;:&quot;&quot;,&quot;created_timestamp&quot;:&quot;1498062977&quot;,&quot;copyright&quot;:&quot;&quot;,&quot;focal_length&quot;:&quot;42&quot;,&quot;iso&quot;:&quot;180&quot;,&quot;shutter_speed&quot;:&quot;0.0125&quot;,&quot;title&quot;:&quot;&quot;,&quot;orientation&quot;:&quot;0&quot;}\" data-image-title=\"Graffiti_Mainz_Hall_of_Fame_2016-2018-57\" data-image-description=\"\" data-image-caption=\"\" data-large-file=\"https:\/\/i0.wp.com\/mainstyle.org\/wp-content\/uploads\/Graffiti_Mainz_Hall_of_Fame_2016-2018-57.jpg?fit=584%2C390&amp;ssl=1\" \/><\/a>\n\t\t\t<\/dt><\/dl><br style=\"clear: both\" \/><dl class='gallery-item'>\n\t\t\t<dt class='gallery-icon landscape'>\n\t\t\t\t<a href='https:\/\/mainstyle.org\/index.php\/2018\/02\/03\/graffiti-special-mainz-am-gonsenheimer-sand-75-pix\/graffiti_mainz_hall_of_fame_2016-2018-58\/'><img loading=\"lazy\" decoding=\"async\" width=\"150\" height=\"150\" src=\"https:\/\/i0.wp.com\/mainstyle.org\/wp-content\/uploads\/Graffiti_Mainz_Hall_of_Fame_2016-2018-58.jpg?resize=150%2C150&amp;ssl=1\" class=\"attachment-thumbnail size-thumbnail\" alt=\"\" srcset=\"https:\/\/i0.wp.com\/mainstyle.org\/wp-content\/uploads\/Graffiti_Mainz_Hall_of_Fame_2016-2018-58.jpg?resize=150%2C150&amp;ssl=1 150w, https:\/\/i0.wp.com\/mainstyle.org\/wp-content\/uploads\/Graffiti_Mainz_Hall_of_Fame_2016-2018-58.jpg?zoom=2&amp;resize=150%2C150&amp;ssl=1 300w, https:\/\/i0.wp.com\/mainstyle.org\/wp-content\/uploads\/Graffiti_Mainz_Hall_of_Fame_2016-2018-58.jpg?zoom=3&amp;resize=150%2C150&amp;ssl=1 450w\" sizes=\"auto, (max-width: 150px) 100vw, 150px\" data-attachment-id=\"1005919\" data-permalink=\"https:\/\/mainstyle.org\/index.php\/2018\/02\/03\/graffiti-special-mainz-am-gonsenheimer-sand-75-pix\/graffiti_mainz_hall_of_fame_2016-2018-58\/\" data-orig-file=\"https:\/\/i0.wp.com\/mainstyle.org\/wp-content\/uploads\/Graffiti_Mainz_Hall_of_Fame_2016-2018-58.jpg?fit=1024%2C684&amp;ssl=1\" data-orig-size=\"1024,684\" data-comments-opened=\"1\" data-image-meta=\"{&quot;aperture&quot;:&quot;4&quot;,&quot;credit&quot;:&quot;JOERG KUBEREK&quot;,&quot;camera&quot;:&quot;NIKON D750&quot;,&quot;caption&quot;:&quot;&quot;,&quot;created_timestamp&quot;:&quot;1498062912&quot;,&quot;copyright&quot;:&quot;&quot;,&quot;focal_length&quot;:&quot;24&quot;,&quot;iso&quot;:&quot;800&quot;,&quot;shutter_speed&quot;:&quot;0.0125&quot;,&quot;title&quot;:&quot;&quot;,&quot;orientation&quot;:&quot;0&quot;}\" data-image-title=\"Graffiti_Mainz_Hall_of_Fame_2016-2018-58\" data-image-description=\"\" data-image-caption=\"\" data-large-file=\"https:\/\/i0.wp.com\/mainstyle.org\/wp-content\/uploads\/Graffiti_Mainz_Hall_of_Fame_2016-2018-58.jpg?fit=584%2C390&amp;ssl=1\" \/><\/a>\n\t\t\t<\/dt><\/dl><dl class='gallery-item'>\n\t\t\t<dt class='gallery-icon landscape'>\n\t\t\t\t<a href='https:\/\/mainstyle.org\/index.php\/2018\/02\/03\/graffiti-special-mainz-am-gonsenheimer-sand-75-pix\/graffiti_mainz_hall_of_fame_2016-2018-59\/'><img loading=\"lazy\" decoding=\"async\" width=\"150\" height=\"150\" src=\"https:\/\/i0.wp.com\/mainstyle.org\/wp-content\/uploads\/Graffiti_Mainz_Hall_of_Fame_2016-2018-59.jpg?resize=150%2C150&amp;ssl=1\" class=\"attachment-thumbnail size-thumbnail\" alt=\"\" srcset=\"https:\/\/i0.wp.com\/mainstyle.org\/wp-content\/uploads\/Graffiti_Mainz_Hall_of_Fame_2016-2018-59.jpg?resize=150%2C150&amp;ssl=1 150w, https:\/\/i0.wp.com\/mainstyle.org\/wp-content\/uploads\/Graffiti_Mainz_Hall_of_Fame_2016-2018-59.jpg?zoom=2&amp;resize=150%2C150&amp;ssl=1 300w, https:\/\/i0.wp.com\/mainstyle.org\/wp-content\/uploads\/Graffiti_Mainz_Hall_of_Fame_2016-2018-59.jpg?zoom=3&amp;resize=150%2C150&amp;ssl=1 450w\" sizes=\"auto, (max-width: 150px) 100vw, 150px\" data-attachment-id=\"1005920\" data-permalink=\"https:\/\/mainstyle.org\/index.php\/2018\/02\/03\/graffiti-special-mainz-am-gonsenheimer-sand-75-pix\/graffiti_mainz_hall_of_fame_2016-2018-59\/\" data-orig-file=\"https:\/\/i0.wp.com\/mainstyle.org\/wp-content\/uploads\/Graffiti_Mainz_Hall_of_Fame_2016-2018-59.jpg?fit=1024%2C684&amp;ssl=1\" data-orig-size=\"1024,684\" data-comments-opened=\"1\" data-image-meta=\"{&quot;aperture&quot;:&quot;4&quot;,&quot;credit&quot;:&quot;JOERG KUBEREK&quot;,&quot;camera&quot;:&quot;NIKON D750&quot;,&quot;caption&quot;:&quot;&quot;,&quot;created_timestamp&quot;:&quot;1498062918&quot;,&quot;copyright&quot;:&quot;&quot;,&quot;focal_length&quot;:&quot;38&quot;,&quot;iso&quot;:&quot;800&quot;,&quot;shutter_speed&quot;:&quot;0.0125&quot;,&quot;title&quot;:&quot;&quot;,&quot;orientation&quot;:&quot;0&quot;}\" data-image-title=\"Graffiti_Mainz_Hall_of_Fame_2016-2018-59\" data-image-description=\"\" data-image-caption=\"\" data-large-file=\"https:\/\/i0.wp.com\/mainstyle.org\/wp-content\/uploads\/Graffiti_Mainz_Hall_of_Fame_2016-2018-59.jpg?fit=584%2C390&amp;ssl=1\" \/><\/a>\n\t\t\t<\/dt><\/dl><dl class='gallery-item'>\n\t\t\t<dt class='gallery-icon landscape'>\n\t\t\t\t<a href='https:\/\/mainstyle.org\/index.php\/2018\/02\/03\/graffiti-special-mainz-am-gonsenheimer-sand-75-pix\/graffiti_mainz_hall_of_fame_2016-2018-60\/'><img loading=\"lazy\" decoding=\"async\" width=\"150\" height=\"150\" src=\"https:\/\/i0.wp.com\/mainstyle.org\/wp-content\/uploads\/Graffiti_Mainz_Hall_of_Fame_2016-2018-60.jpg?resize=150%2C150&amp;ssl=1\" class=\"attachment-thumbnail size-thumbnail\" alt=\"\" srcset=\"https:\/\/i0.wp.com\/mainstyle.org\/wp-content\/uploads\/Graffiti_Mainz_Hall_of_Fame_2016-2018-60.jpg?resize=150%2C150&amp;ssl=1 150w, https:\/\/i0.wp.com\/mainstyle.org\/wp-content\/uploads\/Graffiti_Mainz_Hall_of_Fame_2016-2018-60.jpg?zoom=2&amp;resize=150%2C150&amp;ssl=1 300w, https:\/\/i0.wp.com\/mainstyle.org\/wp-content\/uploads\/Graffiti_Mainz_Hall_of_Fame_2016-2018-60.jpg?zoom=3&amp;resize=150%2C150&amp;ssl=1 450w\" sizes=\"auto, (max-width: 150px) 100vw, 150px\" data-attachment-id=\"1005921\" data-permalink=\"https:\/\/mainstyle.org\/index.php\/2018\/02\/03\/graffiti-special-mainz-am-gonsenheimer-sand-75-pix\/graffiti_mainz_hall_of_fame_2016-2018-60\/\" data-orig-file=\"https:\/\/i0.wp.com\/mainstyle.org\/wp-content\/uploads\/Graffiti_Mainz_Hall_of_Fame_2016-2018-60.jpg?fit=1024%2C684&amp;ssl=1\" data-orig-size=\"1024,684\" data-comments-opened=\"1\" data-image-meta=\"{&quot;aperture&quot;:&quot;4&quot;,&quot;credit&quot;:&quot;JOERG KUBEREK&quot;,&quot;camera&quot;:&quot;NIKON D750&quot;,&quot;caption&quot;:&quot;&quot;,&quot;created_timestamp&quot;:&quot;1498062924&quot;,&quot;copyright&quot;:&quot;&quot;,&quot;focal_length&quot;:&quot;38&quot;,&quot;iso&quot;:&quot;800&quot;,&quot;shutter_speed&quot;:&quot;0.0125&quot;,&quot;title&quot;:&quot;&quot;,&quot;orientation&quot;:&quot;0&quot;}\" data-image-title=\"Graffiti_Mainz_Hall_of_Fame_2016-2018-60\" data-image-description=\"\" data-image-caption=\"\" data-large-file=\"https:\/\/i0.wp.com\/mainstyle.org\/wp-content\/uploads\/Graffiti_Mainz_Hall_of_Fame_2016-2018-60.jpg?fit=584%2C390&amp;ssl=1\" \/><\/a>\n\t\t\t<\/dt><\/dl><br style=\"clear: both\" \/><dl class='gallery-item'>\n\t\t\t<dt class='gallery-icon landscape'>\n\t\t\t\t<a href='https:\/\/mainstyle.org\/index.php\/2018\/02\/03\/graffiti-special-mainz-am-gonsenheimer-sand-75-pix\/graffiti_mainz_hall_of_fame_2016-2018-61\/'><img loading=\"lazy\" decoding=\"async\" width=\"150\" height=\"150\" src=\"https:\/\/i0.wp.com\/mainstyle.org\/wp-content\/uploads\/Graffiti_Mainz_Hall_of_Fame_2016-2018-61.jpg?resize=150%2C150&amp;ssl=1\" class=\"attachment-thumbnail size-thumbnail\" alt=\"\" srcset=\"https:\/\/i0.wp.com\/mainstyle.org\/wp-content\/uploads\/Graffiti_Mainz_Hall_of_Fame_2016-2018-61.jpg?resize=150%2C150&amp;ssl=1 150w, https:\/\/i0.wp.com\/mainstyle.org\/wp-content\/uploads\/Graffiti_Mainz_Hall_of_Fame_2016-2018-61.jpg?zoom=2&amp;resize=150%2C150&amp;ssl=1 300w, https:\/\/i0.wp.com\/mainstyle.org\/wp-content\/uploads\/Graffiti_Mainz_Hall_of_Fame_2016-2018-61.jpg?zoom=3&amp;resize=150%2C150&amp;ssl=1 450w\" sizes=\"auto, (max-width: 150px) 100vw, 150px\" data-attachment-id=\"1005922\" data-permalink=\"https:\/\/mainstyle.org\/index.php\/2018\/02\/03\/graffiti-special-mainz-am-gonsenheimer-sand-75-pix\/graffiti_mainz_hall_of_fame_2016-2018-61\/\" data-orig-file=\"https:\/\/i0.wp.com\/mainstyle.org\/wp-content\/uploads\/Graffiti_Mainz_Hall_of_Fame_2016-2018-61.jpg?fit=1024%2C684&amp;ssl=1\" data-orig-size=\"1024,684\" data-comments-opened=\"1\" data-image-meta=\"{&quot;aperture&quot;:&quot;4&quot;,&quot;credit&quot;:&quot;JOERG KUBEREK&quot;,&quot;camera&quot;:&quot;NIKON D750&quot;,&quot;caption&quot;:&quot;&quot;,&quot;created_timestamp&quot;:&quot;1498062926&quot;,&quot;copyright&quot;:&quot;&quot;,&quot;focal_length&quot;:&quot;32&quot;,&quot;iso&quot;:&quot;800&quot;,&quot;shutter_speed&quot;:&quot;0.0125&quot;,&quot;title&quot;:&quot;&quot;,&quot;orientation&quot;:&quot;0&quot;}\" data-image-title=\"Graffiti_Mainz_Hall_of_Fame_2016-2018-61\" data-image-description=\"\" data-image-caption=\"\" data-large-file=\"https:\/\/i0.wp.com\/mainstyle.org\/wp-content\/uploads\/Graffiti_Mainz_Hall_of_Fame_2016-2018-61.jpg?fit=584%2C390&amp;ssl=1\" \/><\/a>\n\t\t\t<\/dt><\/dl><dl class='gallery-item'>\n\t\t\t<dt class='gallery-icon landscape'>\n\t\t\t\t<a href='https:\/\/mainstyle.org\/index.php\/2018\/02\/03\/graffiti-special-mainz-am-gonsenheimer-sand-75-pix\/graffiti_mainz_hall_of_fame_2016-2018-62\/'><img loading=\"lazy\" decoding=\"async\" width=\"150\" height=\"150\" src=\"https:\/\/i0.wp.com\/mainstyle.org\/wp-content\/uploads\/Graffiti_Mainz_Hall_of_Fame_2016-2018-62.jpg?resize=150%2C150&amp;ssl=1\" class=\"attachment-thumbnail size-thumbnail\" alt=\"\" srcset=\"https:\/\/i0.wp.com\/mainstyle.org\/wp-content\/uploads\/Graffiti_Mainz_Hall_of_Fame_2016-2018-62.jpg?resize=150%2C150&amp;ssl=1 150w, https:\/\/i0.wp.com\/mainstyle.org\/wp-content\/uploads\/Graffiti_Mainz_Hall_of_Fame_2016-2018-62.jpg?zoom=2&amp;resize=150%2C150&amp;ssl=1 300w, https:\/\/i0.wp.com\/mainstyle.org\/wp-content\/uploads\/Graffiti_Mainz_Hall_of_Fame_2016-2018-62.jpg?zoom=3&amp;resize=150%2C150&amp;ssl=1 450w\" sizes=\"auto, (max-width: 150px) 100vw, 150px\" data-attachment-id=\"1005923\" data-permalink=\"https:\/\/mainstyle.org\/index.php\/2018\/02\/03\/graffiti-special-mainz-am-gonsenheimer-sand-75-pix\/graffiti_mainz_hall_of_fame_2016-2018-62\/\" data-orig-file=\"https:\/\/i0.wp.com\/mainstyle.org\/wp-content\/uploads\/Graffiti_Mainz_Hall_of_Fame_2016-2018-62.jpg?fit=1024%2C684&amp;ssl=1\" data-orig-size=\"1024,684\" data-comments-opened=\"1\" data-image-meta=\"{&quot;aperture&quot;:&quot;4&quot;,&quot;credit&quot;:&quot;JOERG KUBEREK&quot;,&quot;camera&quot;:&quot;NIKON D750&quot;,&quot;caption&quot;:&quot;&quot;,&quot;created_timestamp&quot;:&quot;1498062909&quot;,&quot;copyright&quot;:&quot;&quot;,&quot;focal_length&quot;:&quot;48&quot;,&quot;iso&quot;:&quot;640&quot;,&quot;shutter_speed&quot;:&quot;0.0125&quot;,&quot;title&quot;:&quot;&quot;,&quot;orientation&quot;:&quot;0&quot;}\" data-image-title=\"Graffiti_Mainz_Hall_of_Fame_2016-2018-62\" data-image-description=\"\" data-image-caption=\"\" data-large-file=\"https:\/\/i0.wp.com\/mainstyle.org\/wp-content\/uploads\/Graffiti_Mainz_Hall_of_Fame_2016-2018-62.jpg?fit=584%2C390&amp;ssl=1\" \/><\/a>\n\t\t\t<\/dt><\/dl><dl class='gallery-item'>\n\t\t\t<dt class='gallery-icon landscape'>\n\t\t\t\t<a href='https:\/\/mainstyle.org\/index.php\/2018\/02\/03\/graffiti-special-mainz-am-gonsenheimer-sand-75-pix\/graffiti_mainz_hall_of_fame_2016-2018-63\/'><img loading=\"lazy\" decoding=\"async\" width=\"150\" height=\"150\" src=\"https:\/\/i0.wp.com\/mainstyle.org\/wp-content\/uploads\/Graffiti_Mainz_Hall_of_Fame_2016-2018-63.jpg?resize=150%2C150&amp;ssl=1\" class=\"attachment-thumbnail size-thumbnail\" alt=\"\" srcset=\"https:\/\/i0.wp.com\/mainstyle.org\/wp-content\/uploads\/Graffiti_Mainz_Hall_of_Fame_2016-2018-63.jpg?resize=150%2C150&amp;ssl=1 150w, https:\/\/i0.wp.com\/mainstyle.org\/wp-content\/uploads\/Graffiti_Mainz_Hall_of_Fame_2016-2018-63.jpg?zoom=2&amp;resize=150%2C150&amp;ssl=1 300w, https:\/\/i0.wp.com\/mainstyle.org\/wp-content\/uploads\/Graffiti_Mainz_Hall_of_Fame_2016-2018-63.jpg?zoom=3&amp;resize=150%2C150&amp;ssl=1 450w\" sizes=\"auto, (max-width: 150px) 100vw, 150px\" data-attachment-id=\"1005924\" data-permalink=\"https:\/\/mainstyle.org\/index.php\/2018\/02\/03\/graffiti-special-mainz-am-gonsenheimer-sand-75-pix\/graffiti_mainz_hall_of_fame_2016-2018-63\/\" data-orig-file=\"https:\/\/i0.wp.com\/mainstyle.org\/wp-content\/uploads\/Graffiti_Mainz_Hall_of_Fame_2016-2018-63.jpg?fit=1024%2C684&amp;ssl=1\" data-orig-size=\"1024,684\" data-comments-opened=\"1\" data-image-meta=\"{&quot;aperture&quot;:&quot;4&quot;,&quot;credit&quot;:&quot;JOERG KUBEREK&quot;,&quot;camera&quot;:&quot;NIKON D750&quot;,&quot;caption&quot;:&quot;&quot;,&quot;created_timestamp&quot;:&quot;1498062990&quot;,&quot;copyright&quot;:&quot;&quot;,&quot;focal_length&quot;:&quot;30&quot;,&quot;iso&quot;:&quot;125&quot;,&quot;shutter_speed&quot;:&quot;0.0125&quot;,&quot;title&quot;:&quot;&quot;,&quot;orientation&quot;:&quot;0&quot;}\" data-image-title=\"Graffiti_Mainz_Hall_of_Fame_2016-2018-63\" data-image-description=\"\" data-image-caption=\"\" data-large-file=\"https:\/\/i0.wp.com\/mainstyle.org\/wp-content\/uploads\/Graffiti_Mainz_Hall_of_Fame_2016-2018-63.jpg?fit=584%2C390&amp;ssl=1\" \/><\/a>\n\t\t\t<\/dt><\/dl><br style=\"clear: both\" \/><dl class='gallery-item'>\n\t\t\t<dt class='gallery-icon landscape'>\n\t\t\t\t<a href='https:\/\/mainstyle.org\/index.php\/2018\/02\/03\/graffiti-special-mainz-am-gonsenheimer-sand-75-pix\/graffiti_mainz_hall_of_fame_2016-2018-64\/'><img loading=\"lazy\" decoding=\"async\" width=\"150\" height=\"150\" src=\"https:\/\/i0.wp.com\/mainstyle.org\/wp-content\/uploads\/Graffiti_Mainz_Hall_of_Fame_2016-2018-64.jpg?resize=150%2C150&amp;ssl=1\" class=\"attachment-thumbnail size-thumbnail\" alt=\"\" srcset=\"https:\/\/i0.wp.com\/mainstyle.org\/wp-content\/uploads\/Graffiti_Mainz_Hall_of_Fame_2016-2018-64.jpg?resize=150%2C150&amp;ssl=1 150w, https:\/\/i0.wp.com\/mainstyle.org\/wp-content\/uploads\/Graffiti_Mainz_Hall_of_Fame_2016-2018-64.jpg?zoom=2&amp;resize=150%2C150&amp;ssl=1 300w, https:\/\/i0.wp.com\/mainstyle.org\/wp-content\/uploads\/Graffiti_Mainz_Hall_of_Fame_2016-2018-64.jpg?zoom=3&amp;resize=150%2C150&amp;ssl=1 450w\" sizes=\"auto, (max-width: 150px) 100vw, 150px\" data-attachment-id=\"1005925\" data-permalink=\"https:\/\/mainstyle.org\/index.php\/2018\/02\/03\/graffiti-special-mainz-am-gonsenheimer-sand-75-pix\/graffiti_mainz_hall_of_fame_2016-2018-64\/\" data-orig-file=\"https:\/\/i0.wp.com\/mainstyle.org\/wp-content\/uploads\/Graffiti_Mainz_Hall_of_Fame_2016-2018-64.jpg?fit=1024%2C684&amp;ssl=1\" data-orig-size=\"1024,684\" data-comments-opened=\"1\" data-image-meta=\"{&quot;aperture&quot;:&quot;4&quot;,&quot;credit&quot;:&quot;JOERG KUBEREK&quot;,&quot;camera&quot;:&quot;NIKON D750&quot;,&quot;caption&quot;:&quot;&quot;,&quot;created_timestamp&quot;:&quot;1498062992&quot;,&quot;copyright&quot;:&quot;&quot;,&quot;focal_length&quot;:&quot;58&quot;,&quot;iso&quot;:&quot;110&quot;,&quot;shutter_speed&quot;:&quot;0.0125&quot;,&quot;title&quot;:&quot;&quot;,&quot;orientation&quot;:&quot;0&quot;}\" data-image-title=\"Graffiti_Mainz_Hall_of_Fame_2016-2018-64\" data-image-description=\"\" data-image-caption=\"\" data-large-file=\"https:\/\/i0.wp.com\/mainstyle.org\/wp-content\/uploads\/Graffiti_Mainz_Hall_of_Fame_2016-2018-64.jpg?fit=584%2C390&amp;ssl=1\" \/><\/a>\n\t\t\t<\/dt><\/dl><dl class='gallery-item'>\n\t\t\t<dt class='gallery-icon landscape'>\n\t\t\t\t<a href='https:\/\/mainstyle.org\/index.php\/2018\/02\/03\/graffiti-special-mainz-am-gonsenheimer-sand-75-pix\/graffiti_mainz_hall_of_fame_2016-2018-65\/'><img loading=\"lazy\" decoding=\"async\" width=\"150\" height=\"150\" src=\"https:\/\/i0.wp.com\/mainstyle.org\/wp-content\/uploads\/Graffiti_Mainz_Hall_of_Fame_2016-2018-65.jpg?resize=150%2C150&amp;ssl=1\" class=\"attachment-thumbnail size-thumbnail\" alt=\"\" srcset=\"https:\/\/i0.wp.com\/mainstyle.org\/wp-content\/uploads\/Graffiti_Mainz_Hall_of_Fame_2016-2018-65.jpg?resize=150%2C150&amp;ssl=1 150w, https:\/\/i0.wp.com\/mainstyle.org\/wp-content\/uploads\/Graffiti_Mainz_Hall_of_Fame_2016-2018-65.jpg?zoom=2&amp;resize=150%2C150&amp;ssl=1 300w, https:\/\/i0.wp.com\/mainstyle.org\/wp-content\/uploads\/Graffiti_Mainz_Hall_of_Fame_2016-2018-65.jpg?zoom=3&amp;resize=150%2C150&amp;ssl=1 450w\" sizes=\"auto, (max-width: 150px) 100vw, 150px\" data-attachment-id=\"1005926\" data-permalink=\"https:\/\/mainstyle.org\/index.php\/2018\/02\/03\/graffiti-special-mainz-am-gonsenheimer-sand-75-pix\/graffiti_mainz_hall_of_fame_2016-2018-65\/\" data-orig-file=\"https:\/\/i0.wp.com\/mainstyle.org\/wp-content\/uploads\/Graffiti_Mainz_Hall_of_Fame_2016-2018-65.jpg?fit=1024%2C684&amp;ssl=1\" data-orig-size=\"1024,684\" data-comments-opened=\"1\" data-image-meta=\"{&quot;aperture&quot;:&quot;3.5&quot;,&quot;credit&quot;:&quot;JOERG KUBEREK&quot;,&quot;camera&quot;:&quot;NIKON D750&quot;,&quot;caption&quot;:&quot;&quot;,&quot;created_timestamp&quot;:&quot;1517070437&quot;,&quot;copyright&quot;:&quot;&quot;,&quot;focal_length&quot;:&quot;55&quot;,&quot;iso&quot;:&quot;1400&quot;,&quot;shutter_speed&quot;:&quot;0.016666666666667&quot;,&quot;title&quot;:&quot;&quot;,&quot;orientation&quot;:&quot;0&quot;}\" data-image-title=\"Graffiti_Mainz_Hall_of_Fame_2016-2018-65\" data-image-description=\"\" data-image-caption=\"\" data-large-file=\"https:\/\/i0.wp.com\/mainstyle.org\/wp-content\/uploads\/Graffiti_Mainz_Hall_of_Fame_2016-2018-65.jpg?fit=584%2C390&amp;ssl=1\" \/><\/a>\n\t\t\t<\/dt><\/dl><dl class='gallery-item'>\n\t\t\t<dt class='gallery-icon landscape'>\n\t\t\t\t<a href='https:\/\/mainstyle.org\/index.php\/2018\/02\/03\/graffiti-special-mainz-am-gonsenheimer-sand-75-pix\/graffiti_mainz_hall_of_fame_2016-2018-66\/'><img loading=\"lazy\" decoding=\"async\" width=\"150\" height=\"150\" src=\"https:\/\/i0.wp.com\/mainstyle.org\/wp-content\/uploads\/Graffiti_Mainz_Hall_of_Fame_2016-2018-66.jpg?resize=150%2C150&amp;ssl=1\" class=\"attachment-thumbnail size-thumbnail\" alt=\"\" srcset=\"https:\/\/i0.wp.com\/mainstyle.org\/wp-content\/uploads\/Graffiti_Mainz_Hall_of_Fame_2016-2018-66.jpg?resize=150%2C150&amp;ssl=1 150w, https:\/\/i0.wp.com\/mainstyle.org\/wp-content\/uploads\/Graffiti_Mainz_Hall_of_Fame_2016-2018-66.jpg?zoom=2&amp;resize=150%2C150&amp;ssl=1 300w, https:\/\/i0.wp.com\/mainstyle.org\/wp-content\/uploads\/Graffiti_Mainz_Hall_of_Fame_2016-2018-66.jpg?zoom=3&amp;resize=150%2C150&amp;ssl=1 450w\" sizes=\"auto, (max-width: 150px) 100vw, 150px\" data-attachment-id=\"1005927\" data-permalink=\"https:\/\/mainstyle.org\/index.php\/2018\/02\/03\/graffiti-special-mainz-am-gonsenheimer-sand-75-pix\/graffiti_mainz_hall_of_fame_2016-2018-66\/\" data-orig-file=\"https:\/\/i0.wp.com\/mainstyle.org\/wp-content\/uploads\/Graffiti_Mainz_Hall_of_Fame_2016-2018-66.jpg?fit=1024%2C684&amp;ssl=1\" data-orig-size=\"1024,684\" data-comments-opened=\"1\" data-image-meta=\"{&quot;aperture&quot;:&quot;4&quot;,&quot;credit&quot;:&quot;JOERG KUBEREK&quot;,&quot;camera&quot;:&quot;NIKON D750&quot;,&quot;caption&quot;:&quot;&quot;,&quot;created_timestamp&quot;:&quot;1498062938&quot;,&quot;copyright&quot;:&quot;&quot;,&quot;focal_length&quot;:&quot;38&quot;,&quot;iso&quot;:&quot;800&quot;,&quot;shutter_speed&quot;:&quot;0.0125&quot;,&quot;title&quot;:&quot;&quot;,&quot;orientation&quot;:&quot;0&quot;}\" data-image-title=\"Graffiti_Mainz_Hall_of_Fame_2016-2018-66\" data-image-description=\"\" data-image-caption=\"\" data-large-file=\"https:\/\/i0.wp.com\/mainstyle.org\/wp-content\/uploads\/Graffiti_Mainz_Hall_of_Fame_2016-2018-66.jpg?fit=584%2C390&amp;ssl=1\" \/><\/a>\n\t\t\t<\/dt><\/dl><br style=\"clear: both\" \/><dl class='gallery-item'>\n\t\t\t<dt class='gallery-icon landscape'>\n\t\t\t\t<a href='https:\/\/mainstyle.org\/index.php\/2018\/02\/03\/graffiti-special-mainz-am-gonsenheimer-sand-75-pix\/graffiti_mainz_hall_of_fame_2016-2018-67\/'><img loading=\"lazy\" decoding=\"async\" width=\"150\" height=\"150\" src=\"https:\/\/i0.wp.com\/mainstyle.org\/wp-content\/uploads\/Graffiti_Mainz_Hall_of_Fame_2016-2018-67.jpg?resize=150%2C150&amp;ssl=1\" class=\"attachment-thumbnail size-thumbnail\" alt=\"\" srcset=\"https:\/\/i0.wp.com\/mainstyle.org\/wp-content\/uploads\/Graffiti_Mainz_Hall_of_Fame_2016-2018-67.jpg?resize=150%2C150&amp;ssl=1 150w, https:\/\/i0.wp.com\/mainstyle.org\/wp-content\/uploads\/Graffiti_Mainz_Hall_of_Fame_2016-2018-67.jpg?zoom=2&amp;resize=150%2C150&amp;ssl=1 300w, https:\/\/i0.wp.com\/mainstyle.org\/wp-content\/uploads\/Graffiti_Mainz_Hall_of_Fame_2016-2018-67.jpg?zoom=3&amp;resize=150%2C150&amp;ssl=1 450w\" sizes=\"auto, (max-width: 150px) 100vw, 150px\" data-attachment-id=\"1005928\" data-permalink=\"https:\/\/mainstyle.org\/index.php\/2018\/02\/03\/graffiti-special-mainz-am-gonsenheimer-sand-75-pix\/graffiti_mainz_hall_of_fame_2016-2018-67\/\" data-orig-file=\"https:\/\/i0.wp.com\/mainstyle.org\/wp-content\/uploads\/Graffiti_Mainz_Hall_of_Fame_2016-2018-67.jpg?fit=1024%2C684&amp;ssl=1\" data-orig-size=\"1024,684\" data-comments-opened=\"1\" data-image-meta=\"{&quot;aperture&quot;:&quot;4&quot;,&quot;credit&quot;:&quot;JOERG KUBEREK&quot;,&quot;camera&quot;:&quot;NIKON D750&quot;,&quot;caption&quot;:&quot;&quot;,&quot;created_timestamp&quot;:&quot;1498062944&quot;,&quot;copyright&quot;:&quot;&quot;,&quot;focal_length&quot;:&quot;30&quot;,&quot;iso&quot;:&quot;800&quot;,&quot;shutter_speed&quot;:&quot;0.0125&quot;,&quot;title&quot;:&quot;&quot;,&quot;orientation&quot;:&quot;0&quot;}\" data-image-title=\"Graffiti_Mainz_Hall_of_Fame_2016-2018-67\" data-image-description=\"\" data-image-caption=\"\" data-large-file=\"https:\/\/i0.wp.com\/mainstyle.org\/wp-content\/uploads\/Graffiti_Mainz_Hall_of_Fame_2016-2018-67.jpg?fit=584%2C390&amp;ssl=1\" \/><\/a>\n\t\t\t<\/dt><\/dl><dl class='gallery-item'>\n\t\t\t<dt class='gallery-icon landscape'>\n\t\t\t\t<a href='https:\/\/mainstyle.org\/index.php\/2018\/02\/03\/graffiti-special-mainz-am-gonsenheimer-sand-75-pix\/graffiti_mainz_hall_of_fame_2016-2018-68\/'><img loading=\"lazy\" decoding=\"async\" width=\"150\" height=\"150\" src=\"https:\/\/i0.wp.com\/mainstyle.org\/wp-content\/uploads\/Graffiti_Mainz_Hall_of_Fame_2016-2018-68.jpg?resize=150%2C150&amp;ssl=1\" class=\"attachment-thumbnail size-thumbnail\" alt=\"\" srcset=\"https:\/\/i0.wp.com\/mainstyle.org\/wp-content\/uploads\/Graffiti_Mainz_Hall_of_Fame_2016-2018-68.jpg?resize=150%2C150&amp;ssl=1 150w, https:\/\/i0.wp.com\/mainstyle.org\/wp-content\/uploads\/Graffiti_Mainz_Hall_of_Fame_2016-2018-68.jpg?zoom=2&amp;resize=150%2C150&amp;ssl=1 300w, https:\/\/i0.wp.com\/mainstyle.org\/wp-content\/uploads\/Graffiti_Mainz_Hall_of_Fame_2016-2018-68.jpg?zoom=3&amp;resize=150%2C150&amp;ssl=1 450w\" sizes=\"auto, (max-width: 150px) 100vw, 150px\" data-attachment-id=\"1005929\" data-permalink=\"https:\/\/mainstyle.org\/index.php\/2018\/02\/03\/graffiti-special-mainz-am-gonsenheimer-sand-75-pix\/graffiti_mainz_hall_of_fame_2016-2018-68\/\" data-orig-file=\"https:\/\/i0.wp.com\/mainstyle.org\/wp-content\/uploads\/Graffiti_Mainz_Hall_of_Fame_2016-2018-68.jpg?fit=1024%2C684&amp;ssl=1\" data-orig-size=\"1024,684\" data-comments-opened=\"1\" data-image-meta=\"{&quot;aperture&quot;:&quot;4&quot;,&quot;credit&quot;:&quot;JOERG KUBEREK&quot;,&quot;camera&quot;:&quot;NIKON D750&quot;,&quot;caption&quot;:&quot;&quot;,&quot;created_timestamp&quot;:&quot;1498062951&quot;,&quot;copyright&quot;:&quot;&quot;,&quot;focal_length&quot;:&quot;26&quot;,&quot;iso&quot;:&quot;720&quot;,&quot;shutter_speed&quot;:&quot;0.0125&quot;,&quot;title&quot;:&quot;&quot;,&quot;orientation&quot;:&quot;0&quot;}\" data-image-title=\"Graffiti_Mainz_Hall_of_Fame_2016-2018-68\" data-image-description=\"\" data-image-caption=\"\" data-large-file=\"https:\/\/i0.wp.com\/mainstyle.org\/wp-content\/uploads\/Graffiti_Mainz_Hall_of_Fame_2016-2018-68.jpg?fit=584%2C390&amp;ssl=1\" \/><\/a>\n\t\t\t<\/dt><\/dl><dl class='gallery-item'>\n\t\t\t<dt class='gallery-icon landscape'>\n\t\t\t\t<a href='https:\/\/mainstyle.org\/index.php\/2018\/02\/03\/graffiti-special-mainz-am-gonsenheimer-sand-75-pix\/graffiti_mainz_hall_of_fame_2016-2018-69\/'><img loading=\"lazy\" decoding=\"async\" width=\"150\" height=\"150\" src=\"https:\/\/i0.wp.com\/mainstyle.org\/wp-content\/uploads\/Graffiti_Mainz_Hall_of_Fame_2016-2018-69.jpg?resize=150%2C150&amp;ssl=1\" class=\"attachment-thumbnail size-thumbnail\" alt=\"\" srcset=\"https:\/\/i0.wp.com\/mainstyle.org\/wp-content\/uploads\/Graffiti_Mainz_Hall_of_Fame_2016-2018-69.jpg?resize=150%2C150&amp;ssl=1 150w, https:\/\/i0.wp.com\/mainstyle.org\/wp-content\/uploads\/Graffiti_Mainz_Hall_of_Fame_2016-2018-69.jpg?zoom=2&amp;resize=150%2C150&amp;ssl=1 300w, https:\/\/i0.wp.com\/mainstyle.org\/wp-content\/uploads\/Graffiti_Mainz_Hall_of_Fame_2016-2018-69.jpg?zoom=3&amp;resize=150%2C150&amp;ssl=1 450w\" sizes=\"auto, (max-width: 150px) 100vw, 150px\" data-attachment-id=\"1005931\" data-permalink=\"https:\/\/mainstyle.org\/index.php\/2018\/02\/03\/graffiti-special-mainz-am-gonsenheimer-sand-75-pix\/graffiti_mainz_hall_of_fame_2016-2018-69\/\" data-orig-file=\"https:\/\/i0.wp.com\/mainstyle.org\/wp-content\/uploads\/Graffiti_Mainz_Hall_of_Fame_2016-2018-69.jpg?fit=1024%2C684&amp;ssl=1\" data-orig-size=\"1024,684\" data-comments-opened=\"1\" data-image-meta=\"{&quot;aperture&quot;:&quot;4&quot;,&quot;credit&quot;:&quot;JOERG KUBEREK&quot;,&quot;camera&quot;:&quot;NIKON D750&quot;,&quot;caption&quot;:&quot;&quot;,&quot;created_timestamp&quot;:&quot;1498062956&quot;,&quot;copyright&quot;:&quot;&quot;,&quot;focal_length&quot;:&quot;62&quot;,&quot;iso&quot;:&quot;180&quot;,&quot;shutter_speed&quot;:&quot;0.0125&quot;,&quot;title&quot;:&quot;&quot;,&quot;orientation&quot;:&quot;0&quot;}\" data-image-title=\"Graffiti_Mainz_Hall_of_Fame_2016-2018-69\" data-image-description=\"\" data-image-caption=\"\" data-large-file=\"https:\/\/i0.wp.com\/mainstyle.org\/wp-content\/uploads\/Graffiti_Mainz_Hall_of_Fame_2016-2018-69.jpg?fit=584%2C390&amp;ssl=1\" \/><\/a>\n\t\t\t<\/dt><\/dl><br style=\"clear: both\" \/><dl class='gallery-item'>\n\t\t\t<dt class='gallery-icon landscape'>\n\t\t\t\t<a href='https:\/\/mainstyle.org\/index.php\/2018\/02\/03\/graffiti-special-mainz-am-gonsenheimer-sand-75-pix\/graffiti_mainz_hall_of_fame_2016-2018-70\/'><img loading=\"lazy\" decoding=\"async\" width=\"150\" height=\"150\" src=\"https:\/\/i0.wp.com\/mainstyle.org\/wp-content\/uploads\/Graffiti_Mainz_Hall_of_Fame_2016-2018-70.jpg?resize=150%2C150&amp;ssl=1\" class=\"attachment-thumbnail size-thumbnail\" alt=\"\" srcset=\"https:\/\/i0.wp.com\/mainstyle.org\/wp-content\/uploads\/Graffiti_Mainz_Hall_of_Fame_2016-2018-70.jpg?resize=150%2C150&amp;ssl=1 150w, https:\/\/i0.wp.com\/mainstyle.org\/wp-content\/uploads\/Graffiti_Mainz_Hall_of_Fame_2016-2018-70.jpg?zoom=2&amp;resize=150%2C150&amp;ssl=1 300w, https:\/\/i0.wp.com\/mainstyle.org\/wp-content\/uploads\/Graffiti_Mainz_Hall_of_Fame_2016-2018-70.jpg?zoom=3&amp;resize=150%2C150&amp;ssl=1 450w\" sizes=\"auto, (max-width: 150px) 100vw, 150px\" data-attachment-id=\"1005933\" data-permalink=\"https:\/\/mainstyle.org\/index.php\/2018\/02\/03\/graffiti-special-mainz-am-gonsenheimer-sand-75-pix\/graffiti_mainz_hall_of_fame_2016-2018-70\/\" data-orig-file=\"https:\/\/i0.wp.com\/mainstyle.org\/wp-content\/uploads\/Graffiti_Mainz_Hall_of_Fame_2016-2018-70.jpg?fit=1024%2C684&amp;ssl=1\" data-orig-size=\"1024,684\" data-comments-opened=\"1\" data-image-meta=\"{&quot;aperture&quot;:&quot;4&quot;,&quot;credit&quot;:&quot;JOERG KUBEREK&quot;,&quot;camera&quot;:&quot;NIKON D750&quot;,&quot;caption&quot;:&quot;&quot;,&quot;created_timestamp&quot;:&quot;1498062962&quot;,&quot;copyright&quot;:&quot;&quot;,&quot;focal_length&quot;:&quot;24&quot;,&quot;iso&quot;:&quot;100&quot;,&quot;shutter_speed&quot;:&quot;0.0125&quot;,&quot;title&quot;:&quot;&quot;,&quot;orientation&quot;:&quot;0&quot;}\" data-image-title=\"Graffiti_Mainz_Hall_of_Fame_2016-2018-70\" data-image-description=\"\" data-image-caption=\"\" data-large-file=\"https:\/\/i0.wp.com\/mainstyle.org\/wp-content\/uploads\/Graffiti_Mainz_Hall_of_Fame_2016-2018-70.jpg?fit=584%2C390&amp;ssl=1\" \/><\/a>\n\t\t\t<\/dt><\/dl><dl class='gallery-item'>\n\t\t\t<dt class='gallery-icon landscape'>\n\t\t\t\t<a href='https:\/\/mainstyle.org\/index.php\/2018\/02\/03\/graffiti-special-mainz-am-gonsenheimer-sand-75-pix\/graffiti_mainz_hall_of_fame_2016-2018-71\/'><img loading=\"lazy\" decoding=\"async\" width=\"150\" height=\"150\" src=\"https:\/\/i0.wp.com\/mainstyle.org\/wp-content\/uploads\/Graffiti_Mainz_Hall_of_Fame_2016-2018-71.jpg?resize=150%2C150&amp;ssl=1\" class=\"attachment-thumbnail size-thumbnail\" alt=\"\" srcset=\"https:\/\/i0.wp.com\/mainstyle.org\/wp-content\/uploads\/Graffiti_Mainz_Hall_of_Fame_2016-2018-71.jpg?resize=150%2C150&amp;ssl=1 150w, https:\/\/i0.wp.com\/mainstyle.org\/wp-content\/uploads\/Graffiti_Mainz_Hall_of_Fame_2016-2018-71.jpg?zoom=2&amp;resize=150%2C150&amp;ssl=1 300w, https:\/\/i0.wp.com\/mainstyle.org\/wp-content\/uploads\/Graffiti_Mainz_Hall_of_Fame_2016-2018-71.jpg?zoom=3&amp;resize=150%2C150&amp;ssl=1 450w\" sizes=\"auto, (max-width: 150px) 100vw, 150px\" data-attachment-id=\"1005935\" data-permalink=\"https:\/\/mainstyle.org\/index.php\/2018\/02\/03\/graffiti-special-mainz-am-gonsenheimer-sand-75-pix\/graffiti_mainz_hall_of_fame_2016-2018-71\/\" data-orig-file=\"https:\/\/i0.wp.com\/mainstyle.org\/wp-content\/uploads\/Graffiti_Mainz_Hall_of_Fame_2016-2018-71.jpg?fit=1024%2C684&amp;ssl=1\" data-orig-size=\"1024,684\" data-comments-opened=\"1\" data-image-meta=\"{&quot;aperture&quot;:&quot;4&quot;,&quot;credit&quot;:&quot;JOERG KUBEREK&quot;,&quot;camera&quot;:&quot;NIKON D750&quot;,&quot;caption&quot;:&quot;&quot;,&quot;created_timestamp&quot;:&quot;1498062969&quot;,&quot;copyright&quot;:&quot;&quot;,&quot;focal_length&quot;:&quot;24&quot;,&quot;iso&quot;:&quot;100&quot;,&quot;shutter_speed&quot;:&quot;0.0125&quot;,&quot;title&quot;:&quot;&quot;,&quot;orientation&quot;:&quot;0&quot;}\" data-image-title=\"Graffiti_Mainz_Hall_of_Fame_2016-2018-71\" data-image-description=\"\" data-image-caption=\"\" data-large-file=\"https:\/\/i0.wp.com\/mainstyle.org\/wp-content\/uploads\/Graffiti_Mainz_Hall_of_Fame_2016-2018-71.jpg?fit=584%2C390&amp;ssl=1\" \/><\/a>\n\t\t\t<\/dt><\/dl><dl class='gallery-item'>\n\t\t\t<dt class='gallery-icon landscape'>\n\t\t\t\t<a href='https:\/\/mainstyle.org\/index.php\/2018\/02\/03\/graffiti-special-mainz-am-gonsenheimer-sand-75-pix\/graffiti_mainz_hall_of_fame_2016-2018-72\/'><img loading=\"lazy\" decoding=\"async\" width=\"150\" height=\"150\" src=\"https:\/\/i0.wp.com\/mainstyle.org\/wp-content\/uploads\/Graffiti_Mainz_Hall_of_Fame_2016-2018-72.jpg?resize=150%2C150&amp;ssl=1\" class=\"attachment-thumbnail size-thumbnail\" alt=\"\" srcset=\"https:\/\/i0.wp.com\/mainstyle.org\/wp-content\/uploads\/Graffiti_Mainz_Hall_of_Fame_2016-2018-72.jpg?resize=150%2C150&amp;ssl=1 150w, https:\/\/i0.wp.com\/mainstyle.org\/wp-content\/uploads\/Graffiti_Mainz_Hall_of_Fame_2016-2018-72.jpg?zoom=2&amp;resize=150%2C150&amp;ssl=1 300w, https:\/\/i0.wp.com\/mainstyle.org\/wp-content\/uploads\/Graffiti_Mainz_Hall_of_Fame_2016-2018-72.jpg?zoom=3&amp;resize=150%2C150&amp;ssl=1 450w\" sizes=\"auto, (max-width: 150px) 100vw, 150px\" data-attachment-id=\"1005937\" data-permalink=\"https:\/\/mainstyle.org\/index.php\/2018\/02\/03\/graffiti-special-mainz-am-gonsenheimer-sand-75-pix\/graffiti_mainz_hall_of_fame_2016-2018-72\/\" data-orig-file=\"https:\/\/i0.wp.com\/mainstyle.org\/wp-content\/uploads\/Graffiti_Mainz_Hall_of_Fame_2016-2018-72.jpg?fit=1024%2C684&amp;ssl=1\" data-orig-size=\"1024,684\" data-comments-opened=\"1\" data-image-meta=\"{&quot;aperture&quot;:&quot;4&quot;,&quot;credit&quot;:&quot;JOERG KUBEREK&quot;,&quot;camera&quot;:&quot;NIKON D750&quot;,&quot;caption&quot;:&quot;&quot;,&quot;created_timestamp&quot;:&quot;1498062975&quot;,&quot;copyright&quot;:&quot;&quot;,&quot;focal_length&quot;:&quot;24&quot;,&quot;iso&quot;:&quot;100&quot;,&quot;shutter_speed&quot;:&quot;0.0125&quot;,&quot;title&quot;:&quot;&quot;,&quot;orientation&quot;:&quot;0&quot;}\" data-image-title=\"Graffiti_Mainz_Hall_of_Fame_2016-2018-72\" data-image-description=\"\" data-image-caption=\"\" data-large-file=\"https:\/\/i0.wp.com\/mainstyle.org\/wp-content\/uploads\/Graffiti_Mainz_Hall_of_Fame_2016-2018-72.jpg?fit=584%2C390&amp;ssl=1\" \/><\/a>\n\t\t\t<\/dt><\/dl><br style=\"clear: both\" \/><dl class='gallery-item'>\n\t\t\t<dt class='gallery-icon landscape'>\n\t\t\t\t<a href='https:\/\/mainstyle.org\/index.php\/2018\/02\/03\/graffiti-special-mainz-am-gonsenheimer-sand-75-pix\/graffiti_mainz_hall_of_fame_2016-2018-73\/'><img loading=\"lazy\" decoding=\"async\" width=\"150\" height=\"150\" src=\"https:\/\/i0.wp.com\/mainstyle.org\/wp-content\/uploads\/Graffiti_Mainz_Hall_of_Fame_2016-2018-73.jpg?resize=150%2C150&amp;ssl=1\" class=\"attachment-thumbnail size-thumbnail\" alt=\"\" srcset=\"https:\/\/i0.wp.com\/mainstyle.org\/wp-content\/uploads\/Graffiti_Mainz_Hall_of_Fame_2016-2018-73.jpg?resize=150%2C150&amp;ssl=1 150w, https:\/\/i0.wp.com\/mainstyle.org\/wp-content\/uploads\/Graffiti_Mainz_Hall_of_Fame_2016-2018-73.jpg?zoom=2&amp;resize=150%2C150&amp;ssl=1 300w, https:\/\/i0.wp.com\/mainstyle.org\/wp-content\/uploads\/Graffiti_Mainz_Hall_of_Fame_2016-2018-73.jpg?zoom=3&amp;resize=150%2C150&amp;ssl=1 450w\" sizes=\"auto, (max-width: 150px) 100vw, 150px\" data-attachment-id=\"1005938\" data-permalink=\"https:\/\/mainstyle.org\/index.php\/2018\/02\/03\/graffiti-special-mainz-am-gonsenheimer-sand-75-pix\/graffiti_mainz_hall_of_fame_2016-2018-73\/\" data-orig-file=\"https:\/\/i0.wp.com\/mainstyle.org\/wp-content\/uploads\/Graffiti_Mainz_Hall_of_Fame_2016-2018-73.jpg?fit=1024%2C684&amp;ssl=1\" data-orig-size=\"1024,684\" data-comments-opened=\"1\" data-image-meta=\"{&quot;aperture&quot;:&quot;4&quot;,&quot;credit&quot;:&quot;JOERG KUBEREK&quot;,&quot;camera&quot;:&quot;NIKON D750&quot;,&quot;caption&quot;:&quot;&quot;,&quot;created_timestamp&quot;:&quot;1498062998&quot;,&quot;copyright&quot;:&quot;&quot;,&quot;focal_length&quot;:&quot;24&quot;,&quot;iso&quot;:&quot;100&quot;,&quot;shutter_speed&quot;:&quot;0.0125&quot;,&quot;title&quot;:&quot;&quot;,&quot;orientation&quot;:&quot;0&quot;}\" data-image-title=\"Graffiti_Mainz_Hall_of_Fame_2016-2018-73\" data-image-description=\"\" data-image-caption=\"\" data-large-file=\"https:\/\/i0.wp.com\/mainstyle.org\/wp-content\/uploads\/Graffiti_Mainz_Hall_of_Fame_2016-2018-73.jpg?fit=584%2C390&amp;ssl=1\" \/><\/a>\n\t\t\t<\/dt><\/dl>\n\t\t\t<br style='clear: both' \/>\n\t\t<\/div>\n\n<p>Mainstyle on <a href=\"https:\/\/www.instagram.com\/mainstylefrankfurt\/\">Instagram<\/a> or <a href=\"https:\/\/www.facebook.com\/MainStyleFfm\/\">Facebook<\/a>.<\/p>\n","protected":false},"excerpt":{"rendered":"<p>Hallo zusammen, anbei ein kleine Auswahl von Graffiti aus Mainz aus den Jahren 2016-2018. Have Phun! Mainstyle on Instagram or Facebook.<\/p>\n","protected":false},"author":360,"featured_media":1005851,"comment_status":"open","ping_status":"closed","sticky":false,"template":"","format":"gallery","meta":{"jetpack_post_was_ever_published":false,"_jetpack_newsletter_access":"","_jetpack_dont_email_post_to_subs":false,"_jetpack_newsletter_tier_id":0,"_jetpack_memberships_contains_paywalled_content":false,"_jetpack_memberships_contains_paid_content":false,"footnotes":""},"categories":[1931],"tags":[],"class_list":["post-1005796","post","type-post","status-publish","format-gallery","has-post-thumbnail","hentry","category-mainz-graffiti","post_format-post-format-gallery"],"jetpack_featured_media_url":"https:\/\/i0.wp.com\/mainstyle.org\/wp-content\/uploads\/Graffiti_Mainz_Hall_of_Fame_2016-2018-24.jpg?fit=1024%2C684&ssl=1","jetpack_shortlink":"https:\/\/wp.me\/p4RzNO-4dEw","jetpack_likes_enabled":true,"jetpack_sharing_enabled":true,"jetpack-related-posts":[{"id":169263,"url":"https:\/\/mainstyle.org\/index.php\/2016\/06\/13\/meeting-of-styles-mainz-kastel-2016-part-1-mural-no-8-venezuela-brasil\/","url_meta":{"origin":1005796,"position":0},"title":"Meeting of Styles Wiesbaden 2016 \u201eAbsolute Freedom\u201c Mural No. 8 Venezuela &#038; Brasil","author":"admin","date":"2016-06-13","format":"gallery","excerpt":"Part 1, MOS 2016 Mural No. 8 with : Alien, KozDos (Venezuela), Bigod, FPLO, Stan Bellini, Soneka (Brasil) and Blaze ? Have Phun!","rel":"","context":"In &quot;Meeting of Styles&quot;","block_context":{"text":"Meeting of Styles","link":"https:\/\/mainstyle.org\/index.php\/category\/meeting-of-styles\/"},"img":{"alt_text":"","src":"https:\/\/i0.wp.com\/mainstyle.org\/wp-content\/uploads\/Graffiti_MOS_Wall_No.8_2016-1.jpg?fit=1200%2C801&ssl=1&resize=350%2C200","width":350,"height":200,"srcset":"https:\/\/i0.wp.com\/mainstyle.org\/wp-content\/uploads\/Graffiti_MOS_Wall_No.8_2016-1.jpg?fit=1200%2C801&ssl=1&resize=350%2C200 1x, https:\/\/i0.wp.com\/mainstyle.org\/wp-content\/uploads\/Graffiti_MOS_Wall_No.8_2016-1.jpg?fit=1200%2C801&ssl=1&resize=525%2C300 1.5x, https:\/\/i0.wp.com\/mainstyle.org\/wp-content\/uploads\/Graffiti_MOS_Wall_No.8_2016-1.jpg?fit=1200%2C801&ssl=1&resize=700%2C400 2x, https:\/\/i0.wp.com\/mainstyle.org\/wp-content\/uploads\/Graffiti_MOS_Wall_No.8_2016-1.jpg?fit=1200%2C801&ssl=1&resize=1050%2C600 3x"},"classes":[]},{"id":5745829,"url":"https:\/\/mainstyle.org\/index.php\/2023\/06\/18\/flow-layers-rupturs-simon-jung\/","url_meta":{"origin":1005796,"position":1},"title":"FLOW LAYERS RUPTURES &#8211; Simon Jung 8.-16.Juli 2023","author":"admin","date":"2023-06-18","format":false,"excerpt":"Moin, ab dem 08.Juli.2023 wird der Kunstw\u00fcrfel der Kunstw\u00fcrfelgalerie Mainz-Bischofsheim von Simon Jung neu gestaltet, Er\u00f6ffnung ist um 18:00 Uhr - open End!F\u00fcr musikalische Untermalung sorgt das DJ-Set Glaabs Chaabs.Am 09.Juli geht es zwischen 16 und 20 Uhr weiter, sowie auch am 15.Juli zwischen 18 bis 22 Uhr.Finissage ist am\u2026","rel":"","context":"In &quot;Ausstellungen&quot;","block_context":{"text":"Ausstellungen","link":"https:\/\/mainstyle.org\/index.php\/category\/ausstellungen\/"},"img":{"alt_text":"","src":"https:\/\/i0.wp.com\/mainstyle.org\/wp-content\/uploads\/01_Flyer-Flow-Layers-Ruptures.jpg?resize=350%2C200&ssl=1","width":350,"height":200,"srcset":"https:\/\/i0.wp.com\/mainstyle.org\/wp-content\/uploads\/01_Flyer-Flow-Layers-Ruptures.jpg?resize=350%2C200&ssl=1 1x, https:\/\/i0.wp.com\/mainstyle.org\/wp-content\/uploads\/01_Flyer-Flow-Layers-Ruptures.jpg?resize=525%2C300&ssl=1 1.5x, https:\/\/i0.wp.com\/mainstyle.org\/wp-content\/uploads\/01_Flyer-Flow-Layers-Ruptures.jpg?resize=700%2C400&ssl=1 2x, https:\/\/i0.wp.com\/mainstyle.org\/wp-content\/uploads\/01_Flyer-Flow-Layers-Ruptures.jpg?resize=1050%2C600&ssl=1 3x"},"classes":[]},{"id":20643,"url":"https:\/\/mainstyle.org\/index.php\/2014\/04\/19\/heutige-2014-aktive-zeitzeugen-graffiti-frankfurt-und-mehr\/","url_meta":{"origin":1005796,"position":2},"title":"Heutige (2014) aktive Zeitzeugen Graffiti Frankfurt (und mehr)","author":"admin","date":"2014-04-19","format":false,"excerpt":"Hallo zusammen, ich mu\u00df jetzt ernsthaft mal ein zwei drei Zeitzeugen der heutigen Graffiti's Street Arts im Raum Frankfurt am Main erw\u00e4hnen, weil sie einfach enorm und weitreichend aktiv sind !!! :) Da gibt es zum Beispiel den Ghost Hunter Frankfurt (das ist der Mann, die Ghosthunterin ist eine andere\u2026","rel":"","context":"In &quot;Allgemein&quot;","block_context":{"text":"Allgemein","link":"https:\/\/mainstyle.org\/index.php\/category\/allgemein\/"},"img":{"alt_text":"","src":"","width":0,"height":0},"classes":[]},{"id":3143592,"url":"https:\/\/mainstyle.org\/index.php\/2019\/06\/27\/meeting-of-styles-2019-teil-2\/","url_meta":{"origin":1005796,"position":3},"title":"Meeting of Styles 2019 Teil 2","author":"admin","date":"2019-06-27","format":"gallery","excerpt":"Anbei die n\u00e4chsten Bilder vom Meeting of Styles Wiesbaden 2019.Heute von der B\u00f6lke- und M\u00fcffingstra\u00dfe Mainz-Kastel.Die Stick Up Girlz Bilder kommen also weiter unten :) Mehr Informationen gibt es HIER Have Phun!","rel":"","context":"In &quot;Meeting of Styles&quot;","block_context":{"text":"Meeting of Styles","link":"https:\/\/mainstyle.org\/index.php\/category\/meeting-of-styles\/"},"img":{"alt_text":"","src":"https:\/\/i0.wp.com\/mainstyle.org\/wp-content\/uploads\/Graffiti_MOS2019_Mueffing_Teil2-31-1.jpg?fit=1200%2C800&ssl=1&resize=350%2C200","width":350,"height":200,"srcset":"https:\/\/i0.wp.com\/mainstyle.org\/wp-content\/uploads\/Graffiti_MOS2019_Mueffing_Teil2-31-1.jpg?fit=1200%2C800&ssl=1&resize=350%2C200 1x, https:\/\/i0.wp.com\/mainstyle.org\/wp-content\/uploads\/Graffiti_MOS2019_Mueffing_Teil2-31-1.jpg?fit=1200%2C800&ssl=1&resize=525%2C300 1.5x, https:\/\/i0.wp.com\/mainstyle.org\/wp-content\/uploads\/Graffiti_MOS2019_Mueffing_Teil2-31-1.jpg?fit=1200%2C800&ssl=1&resize=700%2C400 2x, https:\/\/i0.wp.com\/mainstyle.org\/wp-content\/uploads\/Graffiti_MOS2019_Mueffing_Teil2-31-1.jpg?fit=1200%2C800&ssl=1&resize=1050%2C600 3x"},"classes":[]},{"id":106554,"url":"https:\/\/mainstyle.org\/index.php\/2015\/07\/11\/25th-anniversary-mainstyle-frankfurt-part-2\/","url_meta":{"origin":1005796,"position":4},"title":"&#8222;25th Anniversary&#8220; MAINSTYLE Magazin! Part 2","author":"admin","date":"2015-07-11","format":false,"excerpt":"Anl\u00e4\u00dflich der ersten Ausgabe von MAINSTYLE vor\u00a025 Jahren, am 24. Juli.1990, dem wohl ersten Hip Hop GRAFFITI Magazin aus Frankfurt am Main (bzw. Deutschland). Hab ich nach einigen Monaten Arbeit mal drei Prototypen der\u00a0Sammelb\u00e4nde Ishoo 1-7 erstellt. Diese gehen jetzt erst einmal in die Inspektion :) Es geht voran... Video\u2026","rel":"","context":"In &quot;Frankfurt Graffiti&quot;","block_context":{"text":"Frankfurt Graffiti","link":"https:\/\/mainstyle.org\/index.php\/category\/frankfurt-graffiti\/"},"img":{"alt_text":"Mainstyle Sammelb\u00e4nde Prototyp 1-3","src":"https:\/\/i0.wp.com\/mainstyle.org\/wp-content\/uploads\/MAINSTYLE_Sammelb%C3%A4nde_1-3_2015-2-von-1-479x1024.jpg?resize=350%2C200&ssl=1","width":350,"height":200},"classes":[]},{"id":170378,"url":"https:\/\/mainstyle.org\/index.php\/2016\/06\/21\/meeting-of-styles-wiesbaden-2016-absolute-freedom-mural-no-17b-uzi-crew\/","url_meta":{"origin":1005796,"position":5},"title":"Meeting of Styles Wiesbaden 2016 \u201eAbsolute Freedom\u201c  Mural No. 17b UZI CREW","author":"admin","date":"2016-06-21","format":"gallery","excerpt":"Part 5,\u00a0Meeting of Style \u201eAbsolute Freedom\u201c 2016 Mural\u00a017b On da Wall UZI\u00a0CREW (MONE, and unencrypted Artists): Have Phun!","rel":"","context":"In &quot;Meeting of Styles&quot;","block_context":{"text":"Meeting of Styles","link":"https:\/\/mainstyle.org\/index.php\/category\/meeting-of-styles\/"},"img":{"alt_text":"","src":"https:\/\/i0.wp.com\/mainstyle.org\/wp-content\/uploads\/MOS2016_Wall17b_UZI-1.jpg?fit=1200%2C801&ssl=1&resize=350%2C200","width":350,"height":200,"srcset":"https:\/\/i0.wp.com\/mainstyle.org\/wp-content\/uploads\/MOS2016_Wall17b_UZI-1.jpg?fit=1200%2C801&ssl=1&resize=350%2C200 1x, https:\/\/i0.wp.com\/mainstyle.org\/wp-content\/uploads\/MOS2016_Wall17b_UZI-1.jpg?fit=1200%2C801&ssl=1&resize=525%2C300 1.5x, https:\/\/i0.wp.com\/mainstyle.org\/wp-content\/uploads\/MOS2016_Wall17b_UZI-1.jpg?fit=1200%2C801&ssl=1&resize=700%2C400 2x, https:\/\/i0.wp.com\/mainstyle.org\/wp-content\/uploads\/MOS2016_Wall17b_UZI-1.jpg?fit=1200%2C801&ssl=1&resize=1050%2C600 3x"},"classes":[]}],"_links":{"self":[{"href":"https:\/\/mainstyle.org\/index.php\/wp-json\/wp\/v2\/posts\/1005796","targetHints":{"allow":["GET"]}}],"collection":[{"href":"https:\/\/mainstyle.org\/index.php\/wp-json\/wp\/v2\/posts"}],"about":[{"href":"https:\/\/mainstyle.org\/index.php\/wp-json\/wp\/v2\/types\/post"}],"author":[{"embeddable":true,"href":"https:\/\/mainstyle.org\/index.php\/wp-json\/wp\/v2\/users\/360"}],"replies":[{"embeddable":true,"href":"https:\/\/mainstyle.org\/index.php\/wp-json\/wp\/v2\/comments?post=1005796"}],"version-history":[{"count":3,"href":"https:\/\/mainstyle.org\/index.php\/wp-json\/wp\/v2\/posts\/1005796\/revisions"}],"predecessor-version":[{"id":1018542,"href":"https:\/\/mainstyle.org\/index.php\/wp-json\/wp\/v2\/posts\/1005796\/revisions\/1018542"}],"wp:featuredmedia":[{"embeddable":true,"href":"https:\/\/mainstyle.org\/index.php\/wp-json\/wp\/v2\/media\/1005851"}],"wp:attachment":[{"href":"https:\/\/mainstyle.org\/index.php\/wp-json\/wp\/v2\/media?parent=1005796"}],"wp:term":[{"taxonomy":"category","embeddable":true,"href":"https:\/\/mainstyle.org\/index.php\/wp-json\/wp\/v2\/categories?post=1005796"},{"taxonomy":"post_tag","embeddable":true,"href":"https:\/\/mainstyle.org\/index.php\/wp-json\/wp\/v2\/tags?post=1005796"}],"curies":[{"name":"wp","href":"https:\/\/api.w.org\/{rel}","templated":true}]}}