{"id":137016,"date":"2015-12-15T00:42:04","date_gmt":"2015-12-15T00:42:04","guid":{"rendered":"http:\/\/www.mainstyle.org\/?p=137016"},"modified":"2015-12-15T22:51:13","modified_gmt":"2015-12-15T22:51:13","slug":"azad-leben-2-and-more","status":"publish","type":"post","link":"https:\/\/mainstyle.org\/index.php\/2015\/12\/15\/azad-leben-2-and-more\/","title":{"rendered":"AZAD Leben 2 and more&#8230;"},"content":{"rendered":"<p>Moin zusammen,<\/p>\n<p>zum neuen Album von AZAD Leben 2 :<\/p>\n<div id=\"attachment_137021\" style=\"width: 650px\" class=\"wp-caption alignnone\"><a href=\"https:\/\/i0.wp.com\/mainstyle.org\/wp-content\/uploads\/KENT_RTSWGKRSL_AZAD_LEBEN2_2015-12-5.jpg?ssl=1\" rel=\"attachment wp-att-137021\"><img data-recalc-dims=\"1\" loading=\"lazy\" decoding=\"async\" aria-describedby=\"caption-attachment-137021\" data-attachment-id=\"137021\" data-permalink=\"https:\/\/mainstyle.org\/index.php\/2015\/12\/15\/azad-leben-2-and-more\/kent_rtswgkrsl_azad_leben2_2015-12-5\/\" data-orig-file=\"https:\/\/i0.wp.com\/mainstyle.org\/wp-content\/uploads\/KENT_RTSWGKRSL_AZAD_LEBEN2_2015-12-5.jpg?fit=6016%2C4016&amp;ssl=1\" data-orig-size=\"6016,4016\" data-comments-opened=\"1\" data-image-meta=\"{&quot;aperture&quot;:&quot;4&quot;,&quot;credit&quot;:&quot;JOERG KUBEREK&quot;,&quot;camera&quot;:&quot;NIKON D750&quot;,&quot;caption&quot;:&quot;&quot;,&quot;created_timestamp&quot;:&quot;1450109164&quot;,&quot;copyright&quot;:&quot;&quot;,&quot;focal_length&quot;:&quot;20&quot;,&quot;iso&quot;:&quot;140&quot;,&quot;shutter_speed&quot;:&quot;0.016666666666667&quot;,&quot;title&quot;:&quot;&quot;,&quot;orientation&quot;:&quot;0&quot;}\" data-image-title=\"KENT_RTSWGKRSL_AZAD_LEBEN2_2015-12-5\" data-image-description=\"\" data-image-caption=\"&lt;p&gt;KENT AZAD Leben2&lt;\/p&gt;\n\" data-large-file=\"https:\/\/i0.wp.com\/mainstyle.org\/wp-content\/uploads\/KENT_RTSWGKRSL_AZAD_LEBEN2_2015-12-5.jpg?fit=584%2C390&amp;ssl=1\" class=\"size-large wp-image-137021\" src=\"https:\/\/i0.wp.com\/mainstyle.org\/wp-content\/uploads\/KENT_RTSWGKRSL_AZAD_LEBEN2_2015-12-5.jpg?resize=584%2C391&#038;ssl=1\" alt=\"KENT AZAD Leben2\" width=\"584\" height=\"391\" srcset=\"https:\/\/i0.wp.com\/mainstyle.org\/wp-content\/uploads\/KENT_RTSWGKRSL_AZAD_LEBEN2_2015-12-5.jpg?resize=1024%2C684&amp;ssl=1 1024w, https:\/\/i0.wp.com\/mainstyle.org\/wp-content\/uploads\/KENT_RTSWGKRSL_AZAD_LEBEN2_2015-12-5.jpg?resize=300%2C200&amp;ssl=1 300w, https:\/\/i0.wp.com\/mainstyle.org\/wp-content\/uploads\/KENT_RTSWGKRSL_AZAD_LEBEN2_2015-12-5.jpg?resize=768%2C513&amp;ssl=1 768w, https:\/\/i0.wp.com\/mainstyle.org\/wp-content\/uploads\/KENT_RTSWGKRSL_AZAD_LEBEN2_2015-12-5.jpg?w=1168&amp;ssl=1 1168w, https:\/\/i0.wp.com\/mainstyle.org\/wp-content\/uploads\/KENT_RTSWGKRSL_AZAD_LEBEN2_2015-12-5.jpg?w=1752&amp;ssl=1 1752w\" sizes=\"auto, (max-width: 584px) 100vw, 584px\" \/><\/a><p id=\"caption-attachment-137021\" class=\"wp-caption-text\">KENT AZAD Leben2<\/p><\/div>\n<p><img data-recalc-dims=\"1\" loading=\"lazy\" decoding=\"async\" data-attachment-id=\"137018\" data-permalink=\"https:\/\/mainstyle.org\/index.php\/2015\/12\/15\/azad-leben-2-and-more\/kent_rtswgkrsl_azad_leben2_2015-12\/\" data-orig-file=\"https:\/\/i0.wp.com\/mainstyle.org\/wp-content\/uploads\/KENT_RTSWGKRSL_AZAD_LEBEN2_2015-12.jpg?fit=4016%2C6016&amp;ssl=1\" data-orig-size=\"4016,6016\" data-comments-opened=\"1\" data-image-meta=\"{&quot;aperture&quot;:&quot;4&quot;,&quot;credit&quot;:&quot;JOERG KUBEREK&quot;,&quot;camera&quot;:&quot;NIKON D750&quot;,&quot;caption&quot;:&quot;&quot;,&quot;created_timestamp&quot;:&quot;1450109176&quot;,&quot;copyright&quot;:&quot;&quot;,&quot;focal_length&quot;:&quot;20&quot;,&quot;iso&quot;:&quot;180&quot;,&quot;shutter_speed&quot;:&quot;0.016666666666667&quot;,&quot;title&quot;:&quot;&quot;,&quot;orientation&quot;:&quot;0&quot;}\" data-image-title=\"KENT_RTSWGKRSL_AZAD_LEBEN2_2015-12\" data-image-description=\"\" data-image-caption=\"&lt;p&gt;KENT 4 AZAD Leben 2&lt;\/p&gt;\n\" data-large-file=\"https:\/\/i0.wp.com\/mainstyle.org\/wp-content\/uploads\/KENT_RTSWGKRSL_AZAD_LEBEN2_2015-12.jpg?fit=584%2C874&amp;ssl=1\" class=\"size-large wp-image-137018\" src=\"https:\/\/i0.wp.com\/mainstyle.org\/wp-content\/uploads\/KENT_RTSWGKRSL_AZAD_LEBEN2_2015-12.jpg?resize=584%2C874&#038;ssl=1\" alt=\"KENT 4 AZAD Leben 2\" width=\"584\" height=\"874\" srcset=\"https:\/\/i0.wp.com\/mainstyle.org\/wp-content\/uploads\/KENT_RTSWGKRSL_AZAD_LEBEN2_2015-12.jpg?resize=684%2C1024&amp;ssl=1 684w, https:\/\/i0.wp.com\/mainstyle.org\/wp-content\/uploads\/KENT_RTSWGKRSL_AZAD_LEBEN2_2015-12.jpg?resize=200%2C300&amp;ssl=1 200w, https:\/\/i0.wp.com\/mainstyle.org\/wp-content\/uploads\/KENT_RTSWGKRSL_AZAD_LEBEN2_2015-12.jpg?resize=768%2C1150&amp;ssl=1 768w, https:\/\/i0.wp.com\/mainstyle.org\/wp-content\/uploads\/KENT_RTSWGKRSL_AZAD_LEBEN2_2015-12.jpg?w=1168&amp;ssl=1 1168w, https:\/\/i0.wp.com\/mainstyle.org\/wp-content\/uploads\/KENT_RTSWGKRSL_AZAD_LEBEN2_2015-12.jpg?w=1752&amp;ssl=1 1752w\" sizes=\"auto, (max-width: 584px) 100vw, 584px\" \/><\/p>\n<p><!--more--><\/p>\n<p>AZAD bringt in K\u00fcrze seine neue LP raus: LEBEN 2 !<\/p>\n<p>Im Video zu RAP ist auch MoTrip und KENT zu \u00a0sehen.<br \/>\nDas Graffiti ist von KENT und GAMES.<\/p>\n<p>Das Video dazu:\u00a0<a href=\"https:\/\/www.youtube.com\/watch?v=WG-KtnIMJY8\" target=\"_blank\">AZAD RAP with MoTrip and Kent<\/a><\/p>\n<p>Bilder von dem Piece &amp; Character (KENT &amp; GAMES):<\/p>\n<p><a href=\"https:\/\/i0.wp.com\/mainstyle.org\/wp-content\/uploads\/KENT_RTSWGKRSL_AZAD_LEBEN2_2015-12-4.jpg?ssl=1\" rel=\"attachment wp-att-137019\"><img data-recalc-dims=\"1\" loading=\"lazy\" decoding=\"async\" data-attachment-id=\"137019\" data-permalink=\"https:\/\/mainstyle.org\/index.php\/2015\/12\/15\/azad-leben-2-and-more\/kent_rtswgkrsl_azad_leben2_2015-12-4\/\" data-orig-file=\"https:\/\/i0.wp.com\/mainstyle.org\/wp-content\/uploads\/KENT_RTSWGKRSL_AZAD_LEBEN2_2015-12-4.jpg?fit=6016%2C4016&amp;ssl=1\" data-orig-size=\"6016,4016\" data-comments-opened=\"1\" data-image-meta=\"{&quot;aperture&quot;:&quot;4&quot;,&quot;credit&quot;:&quot;JOERG KUBEREK&quot;,&quot;camera&quot;:&quot;NIKON D750&quot;,&quot;caption&quot;:&quot;&quot;,&quot;created_timestamp&quot;:&quot;1450110017&quot;,&quot;copyright&quot;:&quot;&quot;,&quot;focal_length&quot;:&quot;15&quot;,&quot;iso&quot;:&quot;500&quot;,&quot;shutter_speed&quot;:&quot;0.016666666666667&quot;,&quot;title&quot;:&quot;&quot;,&quot;orientation&quot;:&quot;0&quot;}\" data-image-title=\"KENT_RTSWGKRSL_AZAD_LEBEN2_2015-12-4\" data-image-description=\"\" data-image-caption=\"\" data-large-file=\"https:\/\/i0.wp.com\/mainstyle.org\/wp-content\/uploads\/KENT_RTSWGKRSL_AZAD_LEBEN2_2015-12-4.jpg?fit=584%2C390&amp;ssl=1\" class=\"alignnone size-large wp-image-137019\" src=\"https:\/\/i0.wp.com\/mainstyle.org\/wp-content\/uploads\/KENT_RTSWGKRSL_AZAD_LEBEN2_2015-12-4.jpg?resize=584%2C391&#038;ssl=1\" alt=\"KENT_RTSWGKRSL_AZAD_LEBEN2_2015-12-4\" width=\"584\" height=\"391\" srcset=\"https:\/\/i0.wp.com\/mainstyle.org\/wp-content\/uploads\/KENT_RTSWGKRSL_AZAD_LEBEN2_2015-12-4.jpg?resize=1024%2C684&amp;ssl=1 1024w, https:\/\/i0.wp.com\/mainstyle.org\/wp-content\/uploads\/KENT_RTSWGKRSL_AZAD_LEBEN2_2015-12-4.jpg?resize=300%2C200&amp;ssl=1 300w, https:\/\/i0.wp.com\/mainstyle.org\/wp-content\/uploads\/KENT_RTSWGKRSL_AZAD_LEBEN2_2015-12-4.jpg?resize=768%2C513&amp;ssl=1 768w, https:\/\/i0.wp.com\/mainstyle.org\/wp-content\/uploads\/KENT_RTSWGKRSL_AZAD_LEBEN2_2015-12-4.jpg?w=1168&amp;ssl=1 1168w, https:\/\/i0.wp.com\/mainstyle.org\/wp-content\/uploads\/KENT_RTSWGKRSL_AZAD_LEBEN2_2015-12-4.jpg?w=1752&amp;ssl=1 1752w\" sizes=\"auto, (max-width: 584px) 100vw, 584px\" \/><\/a> <a href=\"https:\/\/i0.wp.com\/mainstyle.org\/wp-content\/uploads\/KENT_RTSWGKRSL_AZAD_LEBEN2_2015-12-9.jpg?ssl=1\" rel=\"attachment wp-att-137020\"><img data-recalc-dims=\"1\" loading=\"lazy\" decoding=\"async\" data-attachment-id=\"137020\" data-permalink=\"https:\/\/mainstyle.org\/index.php\/2015\/12\/15\/azad-leben-2-and-more\/kent_rtswgkrsl_azad_leben2_2015-12-9\/\" data-orig-file=\"https:\/\/i0.wp.com\/mainstyle.org\/wp-content\/uploads\/KENT_RTSWGKRSL_AZAD_LEBEN2_2015-12-9.jpg?fit=4016%2C6016&amp;ssl=1\" data-orig-size=\"4016,6016\" data-comments-opened=\"1\" data-image-meta=\"{&quot;aperture&quot;:&quot;4&quot;,&quot;credit&quot;:&quot;JOERG KUBEREK&quot;,&quot;camera&quot;:&quot;NIKON D750&quot;,&quot;caption&quot;:&quot;&quot;,&quot;created_timestamp&quot;:&quot;1450110059&quot;,&quot;copyright&quot;:&quot;&quot;,&quot;focal_length&quot;:&quot;15&quot;,&quot;iso&quot;:&quot;720&quot;,&quot;shutter_speed&quot;:&quot;0.016666666666667&quot;,&quot;title&quot;:&quot;&quot;,&quot;orientation&quot;:&quot;0&quot;}\" data-image-title=\"KENT_RTSWGKRSL_AZAD_LEBEN2_2015-12-9\" data-image-description=\"\" data-image-caption=\"\" data-large-file=\"https:\/\/i0.wp.com\/mainstyle.org\/wp-content\/uploads\/KENT_RTSWGKRSL_AZAD_LEBEN2_2015-12-9.jpg?fit=584%2C874&amp;ssl=1\" class=\"alignnone size-large wp-image-137020\" src=\"https:\/\/i0.wp.com\/mainstyle.org\/wp-content\/uploads\/KENT_RTSWGKRSL_AZAD_LEBEN2_2015-12-9.jpg?resize=584%2C874&#038;ssl=1\" alt=\"KENT_RTSWGKRSL_AZAD_LEBEN2_2015-12-9\" width=\"584\" height=\"874\" srcset=\"https:\/\/i0.wp.com\/mainstyle.org\/wp-content\/uploads\/KENT_RTSWGKRSL_AZAD_LEBEN2_2015-12-9.jpg?resize=684%2C1024&amp;ssl=1 684w, https:\/\/i0.wp.com\/mainstyle.org\/wp-content\/uploads\/KENT_RTSWGKRSL_AZAD_LEBEN2_2015-12-9.jpg?resize=200%2C300&amp;ssl=1 200w, https:\/\/i0.wp.com\/mainstyle.org\/wp-content\/uploads\/KENT_RTSWGKRSL_AZAD_LEBEN2_2015-12-9.jpg?resize=768%2C1150&amp;ssl=1 768w, https:\/\/i0.wp.com\/mainstyle.org\/wp-content\/uploads\/KENT_RTSWGKRSL_AZAD_LEBEN2_2015-12-9.jpg?w=1168&amp;ssl=1 1168w, https:\/\/i0.wp.com\/mainstyle.org\/wp-content\/uploads\/KENT_RTSWGKRSL_AZAD_LEBEN2_2015-12-9.jpg?w=1752&amp;ssl=1 1752w\" sizes=\"auto, (max-width: 584px) 100vw, 584px\" \/><\/a><\/p>\n<p>Have Phun !<\/p>\n<p>&nbsp;<\/p>\n","protected":false},"excerpt":{"rendered":"<p>Moin zusammen, zum neuen Album von AZAD Leben 2 :<\/p>\n","protected":false},"author":360,"featured_media":0,"comment_status":"open","ping_status":"closed","sticky":false,"template":"","format":"standard","meta":{"jetpack_post_was_ever_published":false,"_jetpack_newsletter_access":"","_jetpack_dont_email_post_to_subs":false,"_jetpack_newsletter_tier_id":0,"_jetpack_memberships_contains_paywalled_content":false,"_jetpack_memberships_contains_paid_content":false,"footnotes":""},"categories":[1,3],"tags":[767,35,621,774,47,15,773,772,769,768,770,771],"class_list":["post-137016","post","type-post","status-publish","format-standard","hentry","category-allgemein","category-frankfurt-graffiti","tag-azad","tag-frankfurt","tag-frankfurt-graffiti","tag-gamesone","tag-graffiti","tag-kent","tag-kentone","tag-klarkkent","tag-leben-2","tag-leben-ii","tag-leben2","tag-rap"],"jetpack_featured_media_url":"","jetpack_shortlink":"https:\/\/wp.me\/p4RzNO-zDW","jetpack_likes_enabled":true,"jetpack_sharing_enabled":true,"jetpack-related-posts":[{"id":132948,"url":"https:\/\/mainstyle.org\/index.php\/2015\/11\/21\/fundstueck-das-foto-joerg-album-no-1-snake-aka-kent-2015-der-edding-haelt\/","url_meta":{"origin":137016,"position":0},"title":"&#8222;Fundst\u00fcck&#8220; &#8211; das Graffiti Album No.1 1989 taged by SNAKE aka Kent ;-) 2015 der Edding h\u00e4lt&#8230;","author":"admin","date":"2015-11-21","format":false,"excerpt":"Hallo zusammen, hab neulich mal umger\u00e4umt und auf dem Graffiti Fotoalbum No.1, in dem haben damals glaube ich alle mal gest\u00f6bert, den Tag von SNAKE entdeckt ... Kaum noch zu erkennen, nur im Gegenlicht, aber legend\u00e4r !!! Die letzte Seite will ich auch nicht vorenthalten, meine ersten scribbels, tags, Kommentare\u2026","rel":"","context":"In &quot;Frankfurt oldskool Graffiti&quot;","block_context":{"text":"Frankfurt oldskool Graffiti","link":"https:\/\/mainstyle.org\/index.php\/category\/frankfurt-oldskool-graffiti\/"},"img":{"alt_text":"","src":"https:\/\/i0.wp.com\/mainstyle.org\/wp-content\/uploads\/Frankfurt_Graffiti_1989-1990_JGH_B%C3%BCgel-1.jpg?fit=1200%2C769&ssl=1&resize=350%2C200","width":350,"height":200,"srcset":"https:\/\/i0.wp.com\/mainstyle.org\/wp-content\/uploads\/Frankfurt_Graffiti_1989-1990_JGH_B%C3%BCgel-1.jpg?fit=1200%2C769&ssl=1&resize=350%2C200 1x, https:\/\/i0.wp.com\/mainstyle.org\/wp-content\/uploads\/Frankfurt_Graffiti_1989-1990_JGH_B%C3%BCgel-1.jpg?fit=1200%2C769&ssl=1&resize=525%2C300 1.5x, https:\/\/i0.wp.com\/mainstyle.org\/wp-content\/uploads\/Frankfurt_Graffiti_1989-1990_JGH_B%C3%BCgel-1.jpg?fit=1200%2C769&ssl=1&resize=700%2C400 2x, https:\/\/i0.wp.com\/mainstyle.org\/wp-content\/uploads\/Frankfurt_Graffiti_1989-1990_JGH_B%C3%BCgel-1.jpg?fit=1200%2C769&ssl=1&resize=1050%2C600 3x"},"classes":[]},{"id":93193,"url":"https:\/\/mainstyle.org\/index.php\/2015\/05\/02\/neue-graffiti-von-der-hall-of-fame-frankfurt-ratswegkreisel-aus-dem-monat-april-2015\/","url_meta":{"origin":137016,"position":1},"title":"Neue Graffiti von der Hall of Fame Frankfurt Ratswegkreisel aus dem Monat APRIL 2015","author":"admin","date":"2015-05-02","format":false,"excerpt":"Ich denke es ist eine neue Kategorie f\u00e4llig, Hall of Fame Frankfurt, Ratswegkreisel! Da in diesem Monat die Frankfurter JUNGS ;) mal richtig am Start waren, von mir Respekt und eine Sammlung von Links zu den Pieces aus dem April! Alphabetisch finden sich die Bilder der Pieces hier, erst die\u2026","rel":"","context":"In &quot;Frankfurt Graffiti&quot;","block_context":{"text":"Frankfurt Graffiti","link":"https:\/\/mainstyle.org\/index.php\/category\/frankfurt-graffiti\/"},"img":{"alt_text":"KENT","src":"https:\/\/i0.wp.com\/mainstyle.org\/wp-content\/uploads\/FRANKFURT_HALL_OF_FAME_2015_April-3-5-von-9-1024x684.jpg?resize=350%2C200&ssl=1","width":350,"height":200,"srcset":"https:\/\/i0.wp.com\/mainstyle.org\/wp-content\/uploads\/FRANKFURT_HALL_OF_FAME_2015_April-3-5-von-9-1024x684.jpg?resize=350%2C200&ssl=1 1x, https:\/\/i0.wp.com\/mainstyle.org\/wp-content\/uploads\/FRANKFURT_HALL_OF_FAME_2015_April-3-5-von-9-1024x684.jpg?resize=525%2C300&ssl=1 1.5x"},"classes":[]},{"id":139827,"url":"https:\/\/mainstyle.org\/index.php\/2015\/12\/30\/best-of-2015-graffiti-rtswgkrsl-hall-of-fame-frankfurt-280-from-2800\/","url_meta":{"origin":137016,"position":2},"title":"Best of  RTSWGKRSL Graffiti 2015 &#8211; Hall of Fame Frankfurt  (280 von 2800)","author":"admin","date":"2015-12-30","format":false,"excerpt":"Hallo zusammen, das Jahr geht zu Ende, leider habe ich nicht alle Pieces am Ratswegkreisel fotografieren k\u00f6nnen, aber aus den 2800 Photos habe ich mal \u00a0die besten 10%, subjektiv nach meinem Gusto, \u00a0zusammengestellt: HIER ALLE 282 PIECES UND GUTEN RUTSCH INS NEUE JAHR! Have Phun!","rel":"","context":"In &quot;Frankfurt Graffiti&quot;","block_context":{"text":"Frankfurt Graffiti","link":"https:\/\/mainstyle.org\/index.php\/category\/frankfurt-graffiti\/"},"img":{"alt_text":"best of Ratswegkreisel 2015","src":"https:\/\/i0.wp.com\/mainstyle.org\/wp-content\/uploads\/Frankfurt_Graffiti_RTSWGKRSL_2015_BEST-116-682x1024.jpg?resize=350%2C200&ssl=1","width":350,"height":200,"srcset":"https:\/\/i0.wp.com\/mainstyle.org\/wp-content\/uploads\/Frankfurt_Graffiti_RTSWGKRSL_2015_BEST-116-682x1024.jpg?resize=350%2C200&ssl=1 1x, https:\/\/i0.wp.com\/mainstyle.org\/wp-content\/uploads\/Frankfurt_Graffiti_RTSWGKRSL_2015_BEST-116-682x1024.jpg?resize=525%2C300&ssl=1 1.5x"},"classes":[]},{"id":7718,"url":"https:\/\/mainstyle.org\/index.php\/2013\/06\/01\/character-jam-2013-jugendhaus-am-bugel-frankfurt-nieder-eschbach-bonames\/","url_meta":{"origin":137016,"position":3},"title":"Character Jam 2013 Jugendhaus am B\u00fcgel (Frankfurt Nieder-Eschbach) Part 1","author":"admin","date":"2013-06-01","format":false,"excerpt":"Am 25.ten und 26.ten Mai fand auf dem Gel\u00e4nde des Jugendhauses am B\u00fcgel (Evangelischer Verein f\u00fcr Jugendsozialarbeit in Frankfurt e.V.)\u00a0in Frankfurt-Nieder-Eschbach zum dritten Mal der\u00a0Character Jam, ein\u00a0Graffiti-Event mit dem Fokus auf Character's statt. Hier der Part 1. Mit dabei: NAXOS-Bande, CASE, KENT, ME, KEEN K, COR, MONKEY, CANZ 31, FUEGO,\u2026","rel":"","context":"In &quot;Frankfurt Graffiti&quot;","block_context":{"text":"Frankfurt Graffiti","link":"https:\/\/mainstyle.org\/index.php\/category\/frankfurt-graffiti\/"},"img":{"alt_text":"","src":"https:\/\/i0.wp.com\/mainstyle.org\/wp-content\/uploads\/Character_Jam_2013_Jugendhaus_Buegel_-12.jpg?fit=1200%2C797&ssl=1&resize=350%2C200","width":350,"height":200,"srcset":"https:\/\/i0.wp.com\/mainstyle.org\/wp-content\/uploads\/Character_Jam_2013_Jugendhaus_Buegel_-12.jpg?fit=1200%2C797&ssl=1&resize=350%2C200 1x, https:\/\/i0.wp.com\/mainstyle.org\/wp-content\/uploads\/Character_Jam_2013_Jugendhaus_Buegel_-12.jpg?fit=1200%2C797&ssl=1&resize=525%2C300 1.5x, https:\/\/i0.wp.com\/mainstyle.org\/wp-content\/uploads\/Character_Jam_2013_Jugendhaus_Buegel_-12.jpg?fit=1200%2C797&ssl=1&resize=700%2C400 2x, https:\/\/i0.wp.com\/mainstyle.org\/wp-content\/uploads\/Character_Jam_2013_Jugendhaus_Buegel_-12.jpg?fit=1200%2C797&ssl=1&resize=1050%2C600 3x"},"classes":[]},{"id":491533,"url":"https:\/\/mainstyle.org\/index.php\/2017\/04\/08\/das-dreckige-dutzend-heute-breitenbachbruecke-bockenheim-last-minute-hinweis\/","url_meta":{"origin":137016,"position":4},"title":"Das Dreckige Dutzend heute Breitenbachbr\u00fccke (Bockenheim) last Minute Hinweis","author":"admin","date":"2017-04-08","format":false,"excerpt":"","rel":"","context":"In &quot;Das dreckige Dutzend&quot;","block_context":{"text":"Das dreckige Dutzend","link":"https:\/\/mainstyle.org\/index.php\/category\/das-dreckige-dutzend\/"},"img":{"alt_text":"","src":"","width":0,"height":0},"classes":[]},{"id":6366774,"url":"https:\/\/mainstyle.org\/index.php\/2024\/04\/16\/im-memory-of-marcel-modes-bender-r-i-p-2024\/","url_meta":{"origin":137016,"position":5},"title":"IM MEMORY OF: MARCEL MODES BENDER &#8211; R.I.P. 2024","author":"admin","date":"2024-04-16","format":false,"excerpt":"Ich bin nicht gut im Schreiben. Was hier ver\u00f6ffentlicht wird, wird Marcel, seinem Leben, Werken und Schaffen sicher nicht vollst\u00e4ndig gerecht.Aber trotzdem, ein kleiner Nachruf aus meiner bescheidenen Sicht an dieser Stelle, wir alle vermissen Dich ruhe in Frieden! Meine erste Wahrnehmung fand \u00fcber den LACK'n LINES Jam im Juli\u2026","rel":"","context":"In &quot;Allgemein&quot;","block_context":{"text":"Allgemein","link":"https:\/\/mainstyle.org\/index.php\/category\/allgemein\/"},"img":{"alt_text":"","src":"https:\/\/i0.wp.com\/mainstyle.org\/wp-content\/uploads\/20200725-DSC_0478-e1713228728789.jpg?fit=1200%2C518&ssl=1&resize=350%2C200","width":350,"height":200,"srcset":"https:\/\/i0.wp.com\/mainstyle.org\/wp-content\/uploads\/20200725-DSC_0478-e1713228728789.jpg?fit=1200%2C518&ssl=1&resize=350%2C200 1x, https:\/\/i0.wp.com\/mainstyle.org\/wp-content\/uploads\/20200725-DSC_0478-e1713228728789.jpg?fit=1200%2C518&ssl=1&resize=525%2C300 1.5x, https:\/\/i0.wp.com\/mainstyle.org\/wp-content\/uploads\/20200725-DSC_0478-e1713228728789.jpg?fit=1200%2C518&ssl=1&resize=700%2C400 2x, https:\/\/i0.wp.com\/mainstyle.org\/wp-content\/uploads\/20200725-DSC_0478-e1713228728789.jpg?fit=1200%2C518&ssl=1&resize=1050%2C600 3x"},"classes":[]}],"_links":{"self":[{"href":"https:\/\/mainstyle.org\/index.php\/wp-json\/wp\/v2\/posts\/137016","targetHints":{"allow":["GET"]}}],"collection":[{"href":"https:\/\/mainstyle.org\/index.php\/wp-json\/wp\/v2\/posts"}],"about":[{"href":"https:\/\/mainstyle.org\/index.php\/wp-json\/wp\/v2\/types\/post"}],"author":[{"embeddable":true,"href":"https:\/\/mainstyle.org\/index.php\/wp-json\/wp\/v2\/users\/360"}],"replies":[{"embeddable":true,"href":"https:\/\/mainstyle.org\/index.php\/wp-json\/wp\/v2\/comments?post=137016"}],"version-history":[{"count":8,"href":"https:\/\/mainstyle.org\/index.php\/wp-json\/wp\/v2\/posts\/137016\/revisions"}],"predecessor-version":[{"id":137255,"href":"https:\/\/mainstyle.org\/index.php\/wp-json\/wp\/v2\/posts\/137016\/revisions\/137255"}],"wp:attachment":[{"href":"https:\/\/mainstyle.org\/index.php\/wp-json\/wp\/v2\/media?parent=137016"}],"wp:term":[{"taxonomy":"category","embeddable":true,"href":"https:\/\/mainstyle.org\/index.php\/wp-json\/wp\/v2\/categories?post=137016"},{"taxonomy":"post_tag","embeddable":true,"href":"https:\/\/mainstyle.org\/index.php\/wp-json\/wp\/v2\/tags?post=137016"}],"curies":[{"name":"wp","href":"https:\/\/api.w.org\/{rel}","templated":true}]}}