{"id":173130,"date":"2016-07-02T01:42:24","date_gmt":"2016-07-02T01:42:24","guid":{"rendered":"http:\/\/www.mainstyle.org\/?p=173130"},"modified":"2016-07-02T13:25:18","modified_gmt":"2016-07-02T13:25:18","slug":"kuenstler-kollektiv-vorstellung-matze-aka-majonaisse-vom-bad-breath-kollektiv-offenbach","status":"publish","type":"post","link":"https:\/\/mainstyle.org\/index.php\/2016\/07\/02\/kuenstler-kollektiv-vorstellung-matze-aka-majonaisse-vom-bad-breath-kollektiv-offenbach\/","title":{"rendered":"K\u00fcnstler Vorstellung: Matze aka Majonaisse vom Bad Breath Kollektiv Offenbach"},"content":{"rendered":"<div id=\"attachment_173133\" style=\"width: 610px\" class=\"wp-caption aligncenter\"><a href=\"https:\/\/www.youtube.com\/watch?v=eRSqFUrjkyo&amp;feature=youtu.be\"><img data-recalc-dims=\"1\" loading=\"lazy\" decoding=\"async\" aria-describedby=\"caption-attachment-173133\" data-attachment-id=\"173133\" data-permalink=\"https:\/\/mainstyle.org\/index.php\/2016\/07\/02\/kuenstler-kollektiv-vorstellung-matze-aka-majonaisse-vom-bad-breath-kollektiv-offenbach\/matze\/\" data-orig-file=\"https:\/\/i0.wp.com\/mainstyle.org\/wp-content\/uploads\/matze.jpg?fit=600%2C333&amp;ssl=1\" data-orig-size=\"600,333\" data-comments-opened=\"1\" data-image-meta=\"{&quot;aperture&quot;:&quot;0&quot;,&quot;credit&quot;:&quot;&quot;,&quot;camera&quot;:&quot;&quot;,&quot;caption&quot;:&quot;&quot;,&quot;created_timestamp&quot;:&quot;0&quot;,&quot;copyright&quot;:&quot;&quot;,&quot;focal_length&quot;:&quot;0&quot;,&quot;iso&quot;:&quot;0&quot;,&quot;shutter_speed&quot;:&quot;0&quot;,&quot;title&quot;:&quot;&quot;,&quot;orientation&quot;:&quot;1&quot;}\" data-image-title=\"Majonaisse vom Bad Breath Kollektiv\" data-image-description=\"\" data-image-caption=\"&lt;p&gt;Kurzdoku: Matze aka Majonaisse vom Bad Breath Kollektiv&lt;\/p&gt;\n\" data-large-file=\"https:\/\/i0.wp.com\/mainstyle.org\/wp-content\/uploads\/matze.jpg?fit=584%2C324&amp;ssl=1\" class=\"size-full wp-image-173133\" src=\"https:\/\/i0.wp.com\/mainstyle.org\/wp-content\/uploads\/matze.jpg?resize=584%2C324&#038;ssl=1\" alt=\"Kurzdoku: Matze aka Majonaisse vom Bad Breath Kollektiv\" width=\"584\" height=\"324\" srcset=\"https:\/\/i0.wp.com\/mainstyle.org\/wp-content\/uploads\/matze.jpg?w=600&amp;ssl=1 600w, https:\/\/i0.wp.com\/mainstyle.org\/wp-content\/uploads\/matze.jpg?resize=300%2C167&amp;ssl=1 300w\" sizes=\"auto, (max-width: 584px) 100vw, 584px\" \/><\/a><p id=\"caption-attachment-173133\" class=\"wp-caption-text\">Kurzdoku: Matze aka Majonaisse vom Bad Breath Kollektiv<\/p><\/div>\n<p>Das Video ist \u00fcber einen Klick auf das Bild erreichbar<\/p>\n<p>Das Bad Breath-Kollektiv arbeitet in seiner Formation als Dreiergespann seit rund zwei Jahren zusammen und deckt eine Bandbreite ab, die von klassischen Murals und Styles \u00fcber Auftragsgestaltung und Design bis hin zu Malerei, Druck und digitalen Arbeiten reicht. Auf ein bestimmtes Metier will man sich bislang nicht festlegen, vielmehr besteht eine Vorliebe f\u00fcr das Experimentieren und das (un)bewusste Changieren zwischen den Genres. Auch im kunstp\u00e4dagogischen und sozialen Bereich ist das Bad Breath-Kollektiv aktiv und engagiert sich in Form von Workshops, der Organisation von Graffiti-Jams oder der Realisierung von Kunstprojekten f\u00fcr den guten Zweck. Die Motivation hinter der Arbeit von Bad Breath kann wohl auf den Ursprung der K\u00fcnstler im Graffiti-Bereich zur\u00fcckgef\u00fchrt werden. Die Arbeiten betonen das gemeinsame Schaffen, das Prozesshafte, den Dialog untereinander und die Freude an der Kreativit\u00e4t. Doch ihre Arbeiten beweisen auch immer wieder, dass sie genauso zielgerichtet und konzeptionell angelegt sein k\u00f6nnen.<\/p>\n<p>Simon Jung<\/p>\n","protected":false},"excerpt":{"rendered":"<p>Das Video ist \u00fcber einen Klick auf das Bild erreichbar Das Bad Breath-Kollektiv arbeitet in seiner Formation als Dreiergespann seit rund zwei Jahren zusammen und deckt eine Bandbreite ab, die von klassischen Murals und Styles \u00fcber Auftragsgestaltung und Design bis &hellip; <a href=\"https:\/\/mainstyle.org\/index.php\/2016\/07\/02\/kuenstler-kollektiv-vorstellung-matze-aka-majonaisse-vom-bad-breath-kollektiv-offenbach\/\">Weiterlesen <span class=\"meta-nav\">&rarr;<\/span><\/a><\/p>\n","protected":false},"author":360,"featured_media":173137,"comment_status":"open","ping_status":"closed","sticky":false,"template":"","format":"standard","meta":{"jetpack_post_was_ever_published":false,"_jetpack_newsletter_access":"","_jetpack_dont_email_post_to_subs":false,"_jetpack_newsletter_tier_id":0,"_jetpack_memberships_contains_paywalled_content":false,"_jetpack_memberships_contains_paid_content":false,"footnotes":""},"categories":[1,3],"tags":[676,935,934,933,469,693,942,937,936,938,939,207,932,941,37,931,304,940],"class_list":["post-173130","post","type-post","status-publish","format-standard","has-post-thumbnail","hentry","category-allgemein","category-frankfurt-graffiti","tag-art","tag-bad-breath","tag-bad-breath-kollektiv","tag-bad-breath-kollektiv-offenbach","tag-frankfurtgraffiti","tag-frankfurtmainstyle","tag-graffitiart","tag-graffitikuenstler","tag-graffitioffenbach","tag-kunstpaedagogisch","tag-kunstprojekte","tag-mainstyle","tag-majonaisse","tag-matze","tag-offenbach","tag-simon-jung","tag-spraycanart","tag-videodoku"],"jetpack_featured_media_url":"https:\/\/i0.wp.com\/mainstyle.org\/wp-content\/uploads\/matze2.jpg?fit=1863%2C774&ssl=1","jetpack_shortlink":"https:\/\/wp.me\/p4RzNO-J2q","jetpack_likes_enabled":true,"jetpack_sharing_enabled":true,"jetpack-related-posts":[{"id":739437,"url":"https:\/\/mainstyle.org\/index.php\/2017\/08\/13\/ankuendigung-walldorf-jam-3-16-09-2017\/","url_meta":{"origin":173130,"position":0},"title":"Ank\u00fcndigung Walldorf-Jam #3 16.09.2017","author":"admin","date":"2017-08-13","format":"gallery","excerpt":"Hallo zusammen, die Walldorf-Jam geht in die dritte Runde 16.09.2017\u00a0\u00a011:00\u00a0-\u00a021:00 Uhr! Okrifteler Str. 27 M\u00f6rfelden-Walldorf! Facebookveranstaltung: KLICK Es haben sich rund 40 hervorragende K\u00fcnstlerInnen angek\u00fcndigt, die dem Gel\u00e4nde ein neues Antlitz verpassen und euch mit Musik und sonstigen Annehmlichkeiten unterhalten werden. Neben zahlreichen Locals werden auch einige \u00fcberregionale K\u00fcnstler vor\u2026","rel":"","context":"In &quot;Allgemein&quot;","block_context":{"text":"Allgemein","link":"https:\/\/mainstyle.org\/index.php\/category\/allgemein\/"},"img":{"alt_text":"","src":"https:\/\/i0.wp.com\/mainstyle.org\/wp-content\/uploads\/Graffiti_WalldorfJam2_2016-2-1.jpg?fit=1024%2C684&ssl=1&resize=350%2C200","width":350,"height":200,"srcset":"https:\/\/i0.wp.com\/mainstyle.org\/wp-content\/uploads\/Graffiti_WalldorfJam2_2016-2-1.jpg?fit=1024%2C684&ssl=1&resize=350%2C200 1x, https:\/\/i0.wp.com\/mainstyle.org\/wp-content\/uploads\/Graffiti_WalldorfJam2_2016-2-1.jpg?fit=1024%2C684&ssl=1&resize=525%2C300 1.5x, https:\/\/i0.wp.com\/mainstyle.org\/wp-content\/uploads\/Graffiti_WalldorfJam2_2016-2-1.jpg?fit=1024%2C684&ssl=1&resize=700%2C400 2x"},"classes":[]},{"id":282645,"url":"https:\/\/mainstyle.org\/index.php\/2016\/11\/07\/graffiti-vom-frankfurt-ratswegkreisel-hall-of-fame-oktober-2016\/","url_meta":{"origin":173130,"position":1},"title":"Graffiti vom Frankfurt Ratswegkreisel Hall Of Fame &#8211; Oktober 2016","author":"admin","date":"2016-11-07","format":"gallery","excerpt":"Hallo zusammen, anbei 78 Graffiti Bilder aus dem Oktober\u00a0vom Ratswegkreisel.\u00a0Have Phun! WISE, ONIX, KNAK, METS, STEM, PYC, CORE, PLIS, BASK, BAKER, MEIR, OLSEN, STAR, RADIK, CINK, SPORT, PASS, HYPE, HERO, SPADE, PORE, ANDREA, REAL, KALLI, GHES,\u00a0RUMO, ATEM, BASTL, TOSE, LEX, CHAOS, EILZ, ELO, RUIN, SKALO, AURAR, ORIS, ARTUR, SNEK, RHAB,\u2026","rel":"","context":"In &quot;Hall of Fame Frankfurt Ratswegkreisel&quot;","block_context":{"text":"Hall of Fame Frankfurt Ratswegkreisel","link":"https:\/\/mainstyle.org\/index.php\/category\/hall-of-fame-frankfurt-ratswegkreisel\/"},"img":{"alt_text":"","src":"https:\/\/i0.wp.com\/mainstyle.org\/wp-content\/uploads\/Graffiti_Frankfurt_Hall_of_Fame_Okt_2016-14.jpg?fit=1024%2C683&ssl=1&resize=350%2C200","width":350,"height":200,"srcset":"https:\/\/i0.wp.com\/mainstyle.org\/wp-content\/uploads\/Graffiti_Frankfurt_Hall_of_Fame_Okt_2016-14.jpg?fit=1024%2C683&ssl=1&resize=350%2C200 1x, https:\/\/i0.wp.com\/mainstyle.org\/wp-content\/uploads\/Graffiti_Frankfurt_Hall_of_Fame_Okt_2016-14.jpg?fit=1024%2C683&ssl=1&resize=525%2C300 1.5x, https:\/\/i0.wp.com\/mainstyle.org\/wp-content\/uploads\/Graffiti_Frankfurt_Hall_of_Fame_Okt_2016-14.jpg?fit=1024%2C683&ssl=1&resize=700%2C400 2x"},"classes":[]},{"id":247273,"url":"https:\/\/mainstyle.org\/index.php\/2016\/10\/09\/graffiti-vom-frankfurt-ratswegkreisel-hall-of-fame-pieces-september-2016\/","url_meta":{"origin":173130,"position":2},"title":"Graffiti vom Frankfurt Ratswegkreisel Hall Of Fame &#8211; Pieces September 2016","author":"admin","date":"2016-10-09","format":"gallery","excerpt":"Hallo zusammen, anbei 75 Graffiti Bilder aus dem September vom Ratswegkreisel mit dem Fokus auf Pieces uns Murals.\u00a0Have Phun! On da Walls: TOES, SHOW, ASTRO, AURASTRO, AF, TMS, CREIS, DKNCRU, SNEK, HASE, ASOR, KOTE, ITK, OMG, ATEM, NOS, KALLI, \u00c4tzend Crew, REAL, DIBS, ZONER, LA, VERA, GUES, GESS, SOLOS, REN,\u2026","rel":"","context":"In &quot;Hall of Fame Frankfurt Ratswegkreisel&quot;","block_context":{"text":"Hall of Fame Frankfurt Ratswegkreisel","link":"https:\/\/mainstyle.org\/index.php\/category\/hall-of-fame-frankfurt-ratswegkreisel\/"},"img":{"alt_text":"","src":"https:\/\/i0.wp.com\/mainstyle.org\/wp-content\/uploads\/Graffiti_Frankfurt_Hall_of_Fame_2016-29-1.jpg?fit=1024%2C681&ssl=1&resize=350%2C200","width":350,"height":200,"srcset":"https:\/\/i0.wp.com\/mainstyle.org\/wp-content\/uploads\/Graffiti_Frankfurt_Hall_of_Fame_2016-29-1.jpg?fit=1024%2C681&ssl=1&resize=350%2C200 1x, https:\/\/i0.wp.com\/mainstyle.org\/wp-content\/uploads\/Graffiti_Frankfurt_Hall_of_Fame_2016-29-1.jpg?fit=1024%2C681&ssl=1&resize=525%2C300 1.5x, https:\/\/i0.wp.com\/mainstyle.org\/wp-content\/uploads\/Graffiti_Frankfurt_Hall_of_Fame_2016-29-1.jpg?fit=1024%2C681&ssl=1&resize=700%2C400 2x"},"classes":[]},{"id":213838,"url":"https:\/\/mainstyle.org\/index.php\/2016\/09\/10\/graffiti-vom-frankfurt-ratswegkreisel-hall-of-fame-best-of-august-2016\/","url_meta":{"origin":173130,"position":3},"title":"Graffiti vom Frankfurt Ratswegkreisel Hall Of Fame &#8211; best of August  2016","author":"admin","date":"2016-09-10","format":"gallery","excerpt":"Best of RTSWGRSL Aug 2016. On da Walls: SNEK, ONIX, SHOW, JETS, RUMO, METS, UF97, TOE, JANE, ASTRO, Bad Breathe,\u00a0REST,\u00a0REAL, BRUT, VISCONTIS, ASTRO, CLUDIN FALK, TOLEK, RESK, KALK, AZRQ, BAIN, KNAK, EAT1, MNKY, SPEED, REYS, PLIS, CORE, PYC, ASHE, ALFA, POKES, ROBS, DIKT, MEIER, ROCKER, KALLI, ZOEL, CIPING, NOIS33, 5Star,\u2026","rel":"","context":"In &quot;Hall of Fame Frankfurt Ratswegkreisel&quot;","block_context":{"text":"Hall of Fame Frankfurt Ratswegkreisel","link":"https:\/\/mainstyle.org\/index.php\/category\/hall-of-fame-frankfurt-ratswegkreisel\/"},"img":{"alt_text":"","src":"https:\/\/i0.wp.com\/mainstyle.org\/wp-content\/uploads\/Graffiti_best_of_RTSWGKRSL_August_2016-31.jpg?fit=1024%2C683&ssl=1&resize=350%2C200","width":350,"height":200,"srcset":"https:\/\/i0.wp.com\/mainstyle.org\/wp-content\/uploads\/Graffiti_best_of_RTSWGKRSL_August_2016-31.jpg?fit=1024%2C683&ssl=1&resize=350%2C200 1x, https:\/\/i0.wp.com\/mainstyle.org\/wp-content\/uploads\/Graffiti_best_of_RTSWGKRSL_August_2016-31.jpg?fit=1024%2C683&ssl=1&resize=525%2C300 1.5x, https:\/\/i0.wp.com\/mainstyle.org\/wp-content\/uploads\/Graffiti_best_of_RTSWGKRSL_August_2016-31.jpg?fit=1024%2C683&ssl=1&resize=700%2C400 2x"},"classes":[]},{"id":175354,"url":"https:\/\/mainstyle.org\/index.php\/2016\/07\/13\/ankuendigung-walldorf-jam-2-13-august-2016\/","url_meta":{"origin":173130,"position":4},"title":"Ank\u00fcndigung Walldorf-Jam #2 13.August.2016","author":"admin","date":"2016-07-13","format":false,"excerpt":"Hallo zusammen, anbei die Ank\u00fcndigung f\u00fcr den Walldorf-Jam #2 sowie\u00a0weitere Informationen vom Veranstalter: Die Walldorf-Jam geht in diesem August in die zweite Runde. Da sie im letzten Jahr gro\u00dfen Anklang fand und da die Jugendpflege M\u00f6rfelden-Walldorf gute Erfahrungen mit verschiedenen graffitibezogenen Events gemacht hat, wird das Event folgerichtig auch in\u2026","rel":"","context":"In &quot;Allgemein&quot;","block_context":{"text":"Allgemein","link":"https:\/\/mainstyle.org\/index.php\/category\/allgemein\/"},"img":{"alt_text":"JUZ WALLDORF Walldorfjam #2 ","src":"https:\/\/i0.wp.com\/mainstyle.org\/wp-content\/uploads\/flyer-jam-Kopie-724x1024.jpg?resize=350%2C200&ssl=1","width":350,"height":200,"srcset":"https:\/\/i0.wp.com\/mainstyle.org\/wp-content\/uploads\/flyer-jam-Kopie-724x1024.jpg?resize=350%2C200&ssl=1 1x, https:\/\/i0.wp.com\/mainstyle.org\/wp-content\/uploads\/flyer-jam-Kopie-724x1024.jpg?resize=525%2C300&ssl=1 1.5x"},"classes":[]},{"id":368786,"url":"https:\/\/mainstyle.org\/index.php\/2017\/01\/22\/lincoln-wall-januar-2017-new-pieces\/","url_meta":{"origin":173130,"position":5},"title":"Lincoln Wall Januar 2017 new Pieces!","author":"admin","date":"2017-01-22","format":"gallery","excerpt":"Hallo, anbei 60 Graffiti Bilder von der\u00a0Lincoln Wall, heute fotografiert, gemalt in 2016 und 2017.\u00a0On da Wall soweit ich das erkennen konnte, have Phun: BIAS, EISER, JUMBO, MEXICO, NEMK, HASSLIG, CHE?IK, GAMEZ, BREAK, KARMA, SPADE, LEX, HERO, HYPE, OSIK, ISLO, ISO, STEK, PHONE, BISTRO, KURL, Bad Breath, DRUFF, PARIS, FBR,\u2026","rel":"","context":"In &quot;Lincoln Wall&quot;","block_context":{"text":"Lincoln Wall","link":"https:\/\/mainstyle.org\/index.php\/category\/lincoln-wall\/"},"img":{"alt_text":"","src":"https:\/\/i0.wp.com\/mainstyle.org\/wp-content\/uploads\/Graffiti_Lincoln_Wall_jan-2017-2.jpg?fit=1024%2C684&ssl=1&resize=350%2C200","width":350,"height":200,"srcset":"https:\/\/i0.wp.com\/mainstyle.org\/wp-content\/uploads\/Graffiti_Lincoln_Wall_jan-2017-2.jpg?fit=1024%2C684&ssl=1&resize=350%2C200 1x, https:\/\/i0.wp.com\/mainstyle.org\/wp-content\/uploads\/Graffiti_Lincoln_Wall_jan-2017-2.jpg?fit=1024%2C684&ssl=1&resize=525%2C300 1.5x, https:\/\/i0.wp.com\/mainstyle.org\/wp-content\/uploads\/Graffiti_Lincoln_Wall_jan-2017-2.jpg?fit=1024%2C684&ssl=1&resize=700%2C400 2x"},"classes":[]}],"_links":{"self":[{"href":"https:\/\/mainstyle.org\/index.php\/wp-json\/wp\/v2\/posts\/173130","targetHints":{"allow":["GET"]}}],"collection":[{"href":"https:\/\/mainstyle.org\/index.php\/wp-json\/wp\/v2\/posts"}],"about":[{"href":"https:\/\/mainstyle.org\/index.php\/wp-json\/wp\/v2\/types\/post"}],"author":[{"embeddable":true,"href":"https:\/\/mainstyle.org\/index.php\/wp-json\/wp\/v2\/users\/360"}],"replies":[{"embeddable":true,"href":"https:\/\/mainstyle.org\/index.php\/wp-json\/wp\/v2\/comments?post=173130"}],"version-history":[{"count":5,"href":"https:\/\/mainstyle.org\/index.php\/wp-json\/wp\/v2\/posts\/173130\/revisions"}],"predecessor-version":[{"id":173212,"href":"https:\/\/mainstyle.org\/index.php\/wp-json\/wp\/v2\/posts\/173130\/revisions\/173212"}],"wp:featuredmedia":[{"embeddable":true,"href":"https:\/\/mainstyle.org\/index.php\/wp-json\/wp\/v2\/media\/173137"}],"wp:attachment":[{"href":"https:\/\/mainstyle.org\/index.php\/wp-json\/wp\/v2\/media?parent=173130"}],"wp:term":[{"taxonomy":"category","embeddable":true,"href":"https:\/\/mainstyle.org\/index.php\/wp-json\/wp\/v2\/categories?post=173130"},{"taxonomy":"post_tag","embeddable":true,"href":"https:\/\/mainstyle.org\/index.php\/wp-json\/wp\/v2\/tags?post=173130"}],"curies":[{"name":"wp","href":"https:\/\/api.w.org\/{rel}","templated":true}]}}