{"id":1763924,"date":"2018-08-04T23:37:21","date_gmt":"2018-08-04T21:37:21","guid":{"rendered":"http:\/\/www.mainstyle.org\/?p=1763924"},"modified":"2018-08-07T23:06:32","modified_gmt":"2018-08-07T21:06:32","slug":"walldorfjam-2018-in-moerfelden-erste-bilder","status":"publish","type":"post","link":"https:\/\/mainstyle.org\/index.php\/2018\/08\/04\/walldorfjam-2018-in-moerfelden-erste-bilder\/","title":{"rendered":"WalldorfJam 2018 in M\u00f6rfelden &#8211; erste Bilder"},"content":{"rendered":"<p>Hallo zusammen,<br \/>\nanbei die erste Bilder vom WalldorfJam 2018 der dieses Jahr am Bahnhof M\u00f6rfelden stattfand. Einige Pieces bzw. Character sind noch &#8222;work in progress&#8220;, die finalen Bilder von Allem kommen nach. Danke an alle K\u00fcnstler!<br \/>\nUND, in den Hund (bzw. ist wohl eine Dame) hab ich mich verliebt \ud83d\ude00<br \/>\nHAVE PHUN!<\/p>\n\n\t\t<style type=\"text\/css\">\n\t\t\t#gallery-1 {\n\t\t\t\tmargin: auto;\n\t\t\t}\n\t\t\t#gallery-1 .gallery-item {\n\t\t\t\tfloat: left;\n\t\t\t\tmargin-top: 10px;\n\t\t\t\ttext-align: center;\n\t\t\t\twidth: 33%;\n\t\t\t}\n\t\t\t#gallery-1 img {\n\t\t\t\tborder: 2px solid #cfcfcf;\n\t\t\t}\n\t\t\t#gallery-1 .gallery-caption {\n\t\t\t\tmargin-left: 0;\n\t\t\t}\n\t\t\t\/* see gallery_shortcode() in wp-includes\/media.php *\/\n\t\t<\/style>\n\t\t<div data-carousel-extra='{&quot;blog_id&quot;:1,&quot;permalink&quot;:&quot;https:\/\/mainstyle.org\/index.php\/2018\/08\/04\/walldorfjam-2018-in-moerfelden-erste-bilder\/&quot;}' id='gallery-1' class='gallery galleryid-1763924 gallery-columns-3 gallery-size-thumbnail'><dl class='gallery-item'>\n\t\t\t<dt class='gallery-icon landscape'>\n\t\t\t\t<a href='https:\/\/mainstyle.org\/index.php\/2018\/08\/04\/walldorfjam-2018-in-moerfelden-erste-bilder\/graffiti_walldorfjam-moerfelden_2018-part1-1\/'><img loading=\"lazy\" decoding=\"async\" width=\"150\" height=\"150\" src=\"https:\/\/i0.wp.com\/mainstyle.org\/wp-content\/uploads\/Graffiti_WalldorfJam-M%C3%B6rfelden_2018-Part1-1.jpg?resize=150%2C150&amp;ssl=1\" class=\"attachment-thumbnail size-thumbnail\" alt=\"\" data-attachment-id=\"1763938\" data-permalink=\"https:\/\/mainstyle.org\/index.php\/2018\/08\/04\/walldorfjam-2018-in-moerfelden-erste-bilder\/graffiti_walldorfjam-moerfelden_2018-part1-1\/\" data-orig-file=\"https:\/\/i0.wp.com\/mainstyle.org\/wp-content\/uploads\/Graffiti_WalldorfJam-M%C3%B6rfelden_2018-Part1-1.jpg?fit=1024%2C684&amp;ssl=1\" data-orig-size=\"1024,684\" data-comments-opened=\"1\" data-image-meta=\"{&quot;aperture&quot;:&quot;9&quot;,&quot;credit&quot;:&quot;JOERG KUBEREK&quot;,&quot;camera&quot;:&quot;NIKON D750&quot;,&quot;caption&quot;:&quot;&quot;,&quot;created_timestamp&quot;:&quot;1533410038&quot;,&quot;copyright&quot;:&quot;&quot;,&quot;focal_length&quot;:&quot;12&quot;,&quot;iso&quot;:&quot;100&quot;,&quot;shutter_speed&quot;:&quot;0.005&quot;,&quot;title&quot;:&quot;&quot;,&quot;orientation&quot;:&quot;0&quot;}\" data-image-title=\"Graffiti_WalldorfJam-M\u00f6rfelden_2018-Part1-1\" data-image-description=\"\" data-image-caption=\"\" data-large-file=\"https:\/\/i0.wp.com\/mainstyle.org\/wp-content\/uploads\/Graffiti_WalldorfJam-M%C3%B6rfelden_2018-Part1-1.jpg?fit=584%2C390&amp;ssl=1\" \/><\/a>\n\t\t\t<\/dt><\/dl><dl class='gallery-item'>\n\t\t\t<dt class='gallery-icon landscape'>\n\t\t\t\t<a href='https:\/\/mainstyle.org\/index.php\/2018\/08\/04\/walldorfjam-2018-in-moerfelden-erste-bilder\/graffiti_walldorfjam-moerfelden_2018-part1-2\/'><img loading=\"lazy\" decoding=\"async\" width=\"150\" height=\"150\" src=\"https:\/\/i0.wp.com\/mainstyle.org\/wp-content\/uploads\/Graffiti_WalldorfJam-M%C3%B6rfelden_2018-Part1-2.jpg?resize=150%2C150&amp;ssl=1\" class=\"attachment-thumbnail size-thumbnail\" alt=\"\" data-attachment-id=\"1763940\" data-permalink=\"https:\/\/mainstyle.org\/index.php\/2018\/08\/04\/walldorfjam-2018-in-moerfelden-erste-bilder\/graffiti_walldorfjam-moerfelden_2018-part1-2\/\" data-orig-file=\"https:\/\/i0.wp.com\/mainstyle.org\/wp-content\/uploads\/Graffiti_WalldorfJam-M%C3%B6rfelden_2018-Part1-2.jpg?fit=1024%2C684&amp;ssl=1\" data-orig-size=\"1024,684\" data-comments-opened=\"1\" data-image-meta=\"{&quot;aperture&quot;:&quot;9&quot;,&quot;credit&quot;:&quot;JOERG KUBEREK&quot;,&quot;camera&quot;:&quot;NIKON D750&quot;,&quot;caption&quot;:&quot;&quot;,&quot;created_timestamp&quot;:&quot;1533410052&quot;,&quot;copyright&quot;:&quot;&quot;,&quot;focal_length&quot;:&quot;12&quot;,&quot;iso&quot;:&quot;100&quot;,&quot;shutter_speed&quot;:&quot;0.00625&quot;,&quot;title&quot;:&quot;&quot;,&quot;orientation&quot;:&quot;0&quot;}\" data-image-title=\"Graffiti_WalldorfJam-M\u00f6rfelden_2018-Part1-2\" data-image-description=\"&lt;p&gt;IRIE, SNOK&lt;\/p&gt;\n\" data-image-caption=\"\" data-large-file=\"https:\/\/i0.wp.com\/mainstyle.org\/wp-content\/uploads\/Graffiti_WalldorfJam-M%C3%B6rfelden_2018-Part1-2.jpg?fit=584%2C390&amp;ssl=1\" \/><\/a>\n\t\t\t<\/dt><\/dl><dl class='gallery-item'>\n\t\t\t<dt class='gallery-icon landscape'>\n\t\t\t\t<a href='https:\/\/mainstyle.org\/index.php\/2018\/08\/04\/walldorfjam-2018-in-moerfelden-erste-bilder\/graffiti_walldorfjam-moerfelden_2018-part1-3\/'><img loading=\"lazy\" decoding=\"async\" width=\"150\" height=\"150\" src=\"https:\/\/i0.wp.com\/mainstyle.org\/wp-content\/uploads\/Graffiti_WalldorfJam-M%C3%B6rfelden_2018-Part1-3.jpg?resize=150%2C150&amp;ssl=1\" class=\"attachment-thumbnail size-thumbnail\" alt=\"\" data-attachment-id=\"1763942\" data-permalink=\"https:\/\/mainstyle.org\/index.php\/2018\/08\/04\/walldorfjam-2018-in-moerfelden-erste-bilder\/graffiti_walldorfjam-moerfelden_2018-part1-3\/\" data-orig-file=\"https:\/\/i0.wp.com\/mainstyle.org\/wp-content\/uploads\/Graffiti_WalldorfJam-M%C3%B6rfelden_2018-Part1-3.jpg?fit=1024%2C684&amp;ssl=1\" data-orig-size=\"1024,684\" data-comments-opened=\"1\" data-image-meta=\"{&quot;aperture&quot;:&quot;4&quot;,&quot;credit&quot;:&quot;JOERG KUBEREK&quot;,&quot;camera&quot;:&quot;NIKON D750&quot;,&quot;caption&quot;:&quot;&quot;,&quot;created_timestamp&quot;:&quot;1533407960&quot;,&quot;copyright&quot;:&quot;&quot;,&quot;focal_length&quot;:&quot;55&quot;,&quot;iso&quot;:&quot;100&quot;,&quot;shutter_speed&quot;:&quot;0.008&quot;,&quot;title&quot;:&quot;&quot;,&quot;orientation&quot;:&quot;0&quot;}\" data-image-title=\"Graffiti_WalldorfJam-M\u00f6rfelden_2018-Part1-3\" data-image-description=\"&lt;p&gt;IRIE&lt;\/p&gt;\n\" data-image-caption=\"\" data-large-file=\"https:\/\/i0.wp.com\/mainstyle.org\/wp-content\/uploads\/Graffiti_WalldorfJam-M%C3%B6rfelden_2018-Part1-3.jpg?fit=584%2C390&amp;ssl=1\" \/><\/a>\n\t\t\t<\/dt><\/dl><br style=\"clear: both\" \/><dl class='gallery-item'>\n\t\t\t<dt class='gallery-icon landscape'>\n\t\t\t\t<a href='https:\/\/mainstyle.org\/index.php\/2018\/08\/04\/walldorfjam-2018-in-moerfelden-erste-bilder\/graffiti_walldorfjam-moerfelden_2018-part1-4\/'><img loading=\"lazy\" decoding=\"async\" width=\"150\" height=\"150\" src=\"https:\/\/i0.wp.com\/mainstyle.org\/wp-content\/uploads\/Graffiti_WalldorfJam-M%C3%B6rfelden_2018-Part1-4.jpg?resize=150%2C150&amp;ssl=1\" class=\"attachment-thumbnail size-thumbnail\" alt=\"\" data-attachment-id=\"1763944\" data-permalink=\"https:\/\/mainstyle.org\/index.php\/2018\/08\/04\/walldorfjam-2018-in-moerfelden-erste-bilder\/graffiti_walldorfjam-moerfelden_2018-part1-4\/\" data-orig-file=\"https:\/\/i0.wp.com\/mainstyle.org\/wp-content\/uploads\/Graffiti_WalldorfJam-M%C3%B6rfelden_2018-Part1-4.jpg?fit=1024%2C684&amp;ssl=1\" data-orig-size=\"1024,684\" data-comments-opened=\"1\" data-image-meta=\"{&quot;aperture&quot;:&quot;4&quot;,&quot;credit&quot;:&quot;JOERG KUBEREK&quot;,&quot;camera&quot;:&quot;NIKON D750&quot;,&quot;caption&quot;:&quot;&quot;,&quot;created_timestamp&quot;:&quot;1533408020&quot;,&quot;copyright&quot;:&quot;&quot;,&quot;focal_length&quot;:&quot;55&quot;,&quot;iso&quot;:&quot;100&quot;,&quot;shutter_speed&quot;:&quot;0.01&quot;,&quot;title&quot;:&quot;&quot;,&quot;orientation&quot;:&quot;0&quot;}\" data-image-title=\"Graffiti_WalldorfJam-M\u00f6rfelden_2018-Part1-4\" data-image-description=\"&lt;p&gt;SNOK&lt;\/p&gt;\n\" data-image-caption=\"\" data-large-file=\"https:\/\/i0.wp.com\/mainstyle.org\/wp-content\/uploads\/Graffiti_WalldorfJam-M%C3%B6rfelden_2018-Part1-4.jpg?fit=584%2C390&amp;ssl=1\" \/><\/a>\n\t\t\t<\/dt><\/dl><dl class='gallery-item'>\n\t\t\t<dt class='gallery-icon landscape'>\n\t\t\t\t<a href='https:\/\/mainstyle.org\/index.php\/2018\/08\/04\/walldorfjam-2018-in-moerfelden-erste-bilder\/graffiti_walldorfjam-moerfelden_2018-part1-5\/'><img loading=\"lazy\" decoding=\"async\" width=\"150\" height=\"150\" src=\"https:\/\/i0.wp.com\/mainstyle.org\/wp-content\/uploads\/Graffiti_WalldorfJam-M%C3%B6rfelden_2018-Part1-5.jpg?resize=150%2C150&amp;ssl=1\" class=\"attachment-thumbnail size-thumbnail\" alt=\"\" data-attachment-id=\"1763946\" data-permalink=\"https:\/\/mainstyle.org\/index.php\/2018\/08\/04\/walldorfjam-2018-in-moerfelden-erste-bilder\/graffiti_walldorfjam-moerfelden_2018-part1-5\/\" data-orig-file=\"https:\/\/i0.wp.com\/mainstyle.org\/wp-content\/uploads\/Graffiti_WalldorfJam-M%C3%B6rfelden_2018-Part1-5.jpg?fit=1024%2C684&amp;ssl=1\" data-orig-size=\"1024,684\" data-comments-opened=\"1\" data-image-meta=\"{&quot;aperture&quot;:&quot;4&quot;,&quot;credit&quot;:&quot;JOERG KUBEREK&quot;,&quot;camera&quot;:&quot;NIKON D750&quot;,&quot;caption&quot;:&quot;&quot;,&quot;created_timestamp&quot;:&quot;1533407984&quot;,&quot;copyright&quot;:&quot;&quot;,&quot;focal_length&quot;:&quot;55&quot;,&quot;iso&quot;:&quot;100&quot;,&quot;shutter_speed&quot;:&quot;0.01&quot;,&quot;title&quot;:&quot;&quot;,&quot;orientation&quot;:&quot;0&quot;}\" data-image-title=\"Graffiti_WalldorfJam-M\u00f6rfelden_2018-Part1-5\" data-image-description=\"&lt;p&gt;IRIE ART&lt;\/p&gt;\n\" data-image-caption=\"\" data-large-file=\"https:\/\/i0.wp.com\/mainstyle.org\/wp-content\/uploads\/Graffiti_WalldorfJam-M%C3%B6rfelden_2018-Part1-5.jpg?fit=584%2C390&amp;ssl=1\" \/><\/a>\n\t\t\t<\/dt><\/dl><dl class='gallery-item'>\n\t\t\t<dt class='gallery-icon landscape'>\n\t\t\t\t<a href='https:\/\/mainstyle.org\/index.php\/2018\/08\/04\/walldorfjam-2018-in-moerfelden-erste-bilder\/graffiti_walldorfjam-moerfelden_2018-part1-6\/'><img loading=\"lazy\" decoding=\"async\" width=\"150\" height=\"150\" src=\"https:\/\/i0.wp.com\/mainstyle.org\/wp-content\/uploads\/Graffiti_WalldorfJam-M%C3%B6rfelden_2018-Part1-6.jpg?resize=150%2C150&amp;ssl=1\" class=\"attachment-thumbnail size-thumbnail\" alt=\"\" data-attachment-id=\"1763948\" data-permalink=\"https:\/\/mainstyle.org\/index.php\/2018\/08\/04\/walldorfjam-2018-in-moerfelden-erste-bilder\/graffiti_walldorfjam-moerfelden_2018-part1-6\/\" data-orig-file=\"https:\/\/i0.wp.com\/mainstyle.org\/wp-content\/uploads\/Graffiti_WalldorfJam-M%C3%B6rfelden_2018-Part1-6.jpg?fit=1024%2C684&amp;ssl=1\" data-orig-size=\"1024,684\" data-comments-opened=\"1\" data-image-meta=\"{&quot;aperture&quot;:&quot;4&quot;,&quot;credit&quot;:&quot;JOERG KUBEREK&quot;,&quot;camera&quot;:&quot;NIKON D750&quot;,&quot;caption&quot;:&quot;&quot;,&quot;created_timestamp&quot;:&quot;1533408506&quot;,&quot;copyright&quot;:&quot;&quot;,&quot;focal_length&quot;:&quot;55&quot;,&quot;iso&quot;:&quot;3200&quot;,&quot;shutter_speed&quot;:&quot;0.0125&quot;,&quot;title&quot;:&quot;&quot;,&quot;orientation&quot;:&quot;0&quot;}\" data-image-title=\"Graffiti_WalldorfJam-M\u00f6rfelden_2018-Part1-6\" data-image-description=\"\" data-image-caption=\"\" data-large-file=\"https:\/\/i0.wp.com\/mainstyle.org\/wp-content\/uploads\/Graffiti_WalldorfJam-M%C3%B6rfelden_2018-Part1-6.jpg?fit=584%2C390&amp;ssl=1\" \/><\/a>\n\t\t\t<\/dt><\/dl><br style=\"clear: both\" \/><dl class='gallery-item'>\n\t\t\t<dt class='gallery-icon landscape'>\n\t\t\t\t<a href='https:\/\/mainstyle.org\/index.php\/2018\/08\/04\/walldorfjam-2018-in-moerfelden-erste-bilder\/graffiti_walldorfjam-moerfelden_2018-part1-7\/'><img loading=\"lazy\" decoding=\"async\" width=\"150\" height=\"150\" src=\"https:\/\/i0.wp.com\/mainstyle.org\/wp-content\/uploads\/Graffiti_WalldorfJam-M%C3%B6rfelden_2018-Part1-7.jpg?resize=150%2C150&amp;ssl=1\" class=\"attachment-thumbnail size-thumbnail\" alt=\"\" data-attachment-id=\"1763950\" data-permalink=\"https:\/\/mainstyle.org\/index.php\/2018\/08\/04\/walldorfjam-2018-in-moerfelden-erste-bilder\/graffiti_walldorfjam-moerfelden_2018-part1-7\/\" data-orig-file=\"https:\/\/i0.wp.com\/mainstyle.org\/wp-content\/uploads\/Graffiti_WalldorfJam-M%C3%B6rfelden_2018-Part1-7.jpg?fit=1024%2C684&amp;ssl=1\" data-orig-size=\"1024,684\" data-comments-opened=\"1\" data-image-meta=\"{&quot;aperture&quot;:&quot;6.3&quot;,&quot;credit&quot;:&quot;JOERG KUBEREK&quot;,&quot;camera&quot;:&quot;NIKON D750&quot;,&quot;caption&quot;:&quot;&quot;,&quot;created_timestamp&quot;:&quot;1533409840&quot;,&quot;copyright&quot;:&quot;&quot;,&quot;focal_length&quot;:&quot;12&quot;,&quot;iso&quot;:&quot;100&quot;,&quot;shutter_speed&quot;:&quot;0.0125&quot;,&quot;title&quot;:&quot;&quot;,&quot;orientation&quot;:&quot;0&quot;}\" data-image-title=\"Graffiti_WalldorfJam-M\u00f6rfelden_2018-Part1-7\" data-image-description=\"\" data-image-caption=\"\" data-large-file=\"https:\/\/i0.wp.com\/mainstyle.org\/wp-content\/uploads\/Graffiti_WalldorfJam-M%C3%B6rfelden_2018-Part1-7.jpg?fit=584%2C390&amp;ssl=1\" \/><\/a>\n\t\t\t<\/dt><\/dl><dl class='gallery-item'>\n\t\t\t<dt class='gallery-icon portrait'>\n\t\t\t\t<a href='https:\/\/mainstyle.org\/index.php\/2018\/08\/04\/walldorfjam-2018-in-moerfelden-erste-bilder\/graffiti_walldorfjam-moerfelden_2018-part1-8\/'><img loading=\"lazy\" decoding=\"async\" width=\"150\" height=\"150\" src=\"https:\/\/i0.wp.com\/mainstyle.org\/wp-content\/uploads\/Graffiti_WalldorfJam-M%C3%B6rfelden_2018-Part1-8.jpg?resize=150%2C150&amp;ssl=1\" class=\"attachment-thumbnail size-thumbnail\" alt=\"\" data-attachment-id=\"1763952\" data-permalink=\"https:\/\/mainstyle.org\/index.php\/2018\/08\/04\/walldorfjam-2018-in-moerfelden-erste-bilder\/graffiti_walldorfjam-moerfelden_2018-part1-8\/\" data-orig-file=\"https:\/\/i0.wp.com\/mainstyle.org\/wp-content\/uploads\/Graffiti_WalldorfJam-M%C3%B6rfelden_2018-Part1-8.jpg?fit=684%2C1024&amp;ssl=1\" data-orig-size=\"684,1024\" data-comments-opened=\"1\" data-image-meta=\"{&quot;aperture&quot;:&quot;4&quot;,&quot;credit&quot;:&quot;JOERG KUBEREK&quot;,&quot;camera&quot;:&quot;NIKON D750&quot;,&quot;caption&quot;:&quot;&quot;,&quot;created_timestamp&quot;:&quot;1533408749&quot;,&quot;copyright&quot;:&quot;&quot;,&quot;focal_length&quot;:&quot;24&quot;,&quot;iso&quot;:&quot;160&quot;,&quot;shutter_speed&quot;:&quot;0.0125&quot;,&quot;title&quot;:&quot;&quot;,&quot;orientation&quot;:&quot;0&quot;}\" data-image-title=\"Graffiti_WalldorfJam-M\u00f6rfelden_2018-Part1-8\" data-image-description=\"&lt;p&gt;KAI LIPPOK, RUMO, KALK&lt;\/p&gt;\n\" data-image-caption=\"\" data-large-file=\"https:\/\/i0.wp.com\/mainstyle.org\/wp-content\/uploads\/Graffiti_WalldorfJam-M%C3%B6rfelden_2018-Part1-8.jpg?fit=584%2C874&amp;ssl=1\" \/><\/a>\n\t\t\t<\/dt><\/dl><dl class='gallery-item'>\n\t\t\t<dt class='gallery-icon portrait'>\n\t\t\t\t<a href='https:\/\/mainstyle.org\/index.php\/2018\/08\/04\/walldorfjam-2018-in-moerfelden-erste-bilder\/graffiti_walldorfjam-moerfelden_2018-part1-9\/'><img loading=\"lazy\" decoding=\"async\" width=\"150\" height=\"150\" src=\"https:\/\/i0.wp.com\/mainstyle.org\/wp-content\/uploads\/Graffiti_WalldorfJam-M%C3%B6rfelden_2018-Part1-9.jpg?resize=150%2C150&amp;ssl=1\" class=\"attachment-thumbnail size-thumbnail\" alt=\"\" data-attachment-id=\"1763954\" data-permalink=\"https:\/\/mainstyle.org\/index.php\/2018\/08\/04\/walldorfjam-2018-in-moerfelden-erste-bilder\/graffiti_walldorfjam-moerfelden_2018-part1-9\/\" data-orig-file=\"https:\/\/i0.wp.com\/mainstyle.org\/wp-content\/uploads\/Graffiti_WalldorfJam-M%C3%B6rfelden_2018-Part1-9.jpg?fit=684%2C1024&amp;ssl=1\" data-orig-size=\"684,1024\" data-comments-opened=\"1\" data-image-meta=\"{&quot;aperture&quot;:&quot;7.1&quot;,&quot;credit&quot;:&quot;JOERG KUBEREK&quot;,&quot;camera&quot;:&quot;NIKON D750&quot;,&quot;caption&quot;:&quot;&quot;,&quot;created_timestamp&quot;:&quot;1533409595&quot;,&quot;copyright&quot;:&quot;&quot;,&quot;focal_length&quot;:&quot;50&quot;,&quot;iso&quot;:&quot;1400&quot;,&quot;shutter_speed&quot;:&quot;0.0125&quot;,&quot;title&quot;:&quot;&quot;,&quot;orientation&quot;:&quot;0&quot;}\" data-image-title=\"Graffiti_WalldorfJam-M\u00f6rfelden_2018-Part1-9\" data-image-description=\"&lt;p&gt;KALK, Mayonause?&lt;\/p&gt;\n\" data-image-caption=\"\" data-large-file=\"https:\/\/i0.wp.com\/mainstyle.org\/wp-content\/uploads\/Graffiti_WalldorfJam-M%C3%B6rfelden_2018-Part1-9.jpg?fit=584%2C874&amp;ssl=1\" \/><\/a>\n\t\t\t<\/dt><\/dl><br style=\"clear: both\" \/><dl class='gallery-item'>\n\t\t\t<dt class='gallery-icon portrait'>\n\t\t\t\t<a href='https:\/\/mainstyle.org\/index.php\/2018\/08\/04\/walldorfjam-2018-in-moerfelden-erste-bilder\/graffiti_walldorfjam-moerfelden_2018-part1-10\/'><img loading=\"lazy\" decoding=\"async\" width=\"150\" height=\"150\" src=\"https:\/\/i0.wp.com\/mainstyle.org\/wp-content\/uploads\/Graffiti_WalldorfJam-M%C3%B6rfelden_2018-Part1-10.jpg?resize=150%2C150&amp;ssl=1\" class=\"attachment-thumbnail size-thumbnail\" alt=\"\" data-attachment-id=\"1763956\" data-permalink=\"https:\/\/mainstyle.org\/index.php\/2018\/08\/04\/walldorfjam-2018-in-moerfelden-erste-bilder\/graffiti_walldorfjam-moerfelden_2018-part1-10\/\" data-orig-file=\"https:\/\/i0.wp.com\/mainstyle.org\/wp-content\/uploads\/Graffiti_WalldorfJam-M%C3%B6rfelden_2018-Part1-10.jpg?fit=684%2C1024&amp;ssl=1\" data-orig-size=\"684,1024\" data-comments-opened=\"1\" data-image-meta=\"{&quot;aperture&quot;:&quot;7.1&quot;,&quot;credit&quot;:&quot;JOERG KUBEREK&quot;,&quot;camera&quot;:&quot;NIKON D750&quot;,&quot;caption&quot;:&quot;&quot;,&quot;created_timestamp&quot;:&quot;1533409563&quot;,&quot;copyright&quot;:&quot;&quot;,&quot;focal_length&quot;:&quot;55&quot;,&quot;iso&quot;:&quot;560&quot;,&quot;shutter_speed&quot;:&quot;0.0125&quot;,&quot;title&quot;:&quot;&quot;,&quot;orientation&quot;:&quot;0&quot;}\" data-image-title=\"Graffiti_WalldorfJam-M\u00f6rfelden_2018-Part1-10\" data-image-description=\"&lt;p&gt;Lady Love :)&lt;\/p&gt;\n\" data-image-caption=\"\" data-large-file=\"https:\/\/i0.wp.com\/mainstyle.org\/wp-content\/uploads\/Graffiti_WalldorfJam-M%C3%B6rfelden_2018-Part1-10.jpg?fit=584%2C874&amp;ssl=1\" \/><\/a>\n\t\t\t<\/dt><\/dl><dl class='gallery-item'>\n\t\t\t<dt class='gallery-icon portrait'>\n\t\t\t\t<a href='https:\/\/mainstyle.org\/index.php\/2018\/08\/04\/walldorfjam-2018-in-moerfelden-erste-bilder\/graffiti_walldorfjam-moerfelden_2018-part1-11\/'><img loading=\"lazy\" decoding=\"async\" width=\"150\" height=\"150\" src=\"https:\/\/i0.wp.com\/mainstyle.org\/wp-content\/uploads\/Graffiti_WalldorfJam-M%C3%B6rfelden_2018-Part1-11.jpg?resize=150%2C150&amp;ssl=1\" class=\"attachment-thumbnail size-thumbnail\" alt=\"\" data-attachment-id=\"1763958\" data-permalink=\"https:\/\/mainstyle.org\/index.php\/2018\/08\/04\/walldorfjam-2018-in-moerfelden-erste-bilder\/graffiti_walldorfjam-moerfelden_2018-part1-11\/\" data-orig-file=\"https:\/\/i0.wp.com\/mainstyle.org\/wp-content\/uploads\/Graffiti_WalldorfJam-M%C3%B6rfelden_2018-Part1-11.jpg?fit=684%2C1024&amp;ssl=1\" data-orig-size=\"684,1024\" data-comments-opened=\"1\" data-image-meta=\"{&quot;aperture&quot;:&quot;7.1&quot;,&quot;credit&quot;:&quot;JOERG KUBEREK&quot;,&quot;camera&quot;:&quot;NIKON D750&quot;,&quot;caption&quot;:&quot;&quot;,&quot;created_timestamp&quot;:&quot;1533409564&quot;,&quot;copyright&quot;:&quot;&quot;,&quot;focal_length&quot;:&quot;55&quot;,&quot;iso&quot;:&quot;450&quot;,&quot;shutter_speed&quot;:&quot;0.0125&quot;,&quot;title&quot;:&quot;&quot;,&quot;orientation&quot;:&quot;0&quot;}\" data-image-title=\"Graffiti_WalldorfJam-M\u00f6rfelden_2018-Part1-11\" data-image-description=\"&lt;p&gt;Lady Love :)&lt;\/p&gt;\n\" data-image-caption=\"\" data-large-file=\"https:\/\/i0.wp.com\/mainstyle.org\/wp-content\/uploads\/Graffiti_WalldorfJam-M%C3%B6rfelden_2018-Part1-11.jpg?fit=584%2C874&amp;ssl=1\" \/><\/a>\n\t\t\t<\/dt><\/dl><dl class='gallery-item'>\n\t\t\t<dt class='gallery-icon portrait'>\n\t\t\t\t<a href='https:\/\/mainstyle.org\/index.php\/2018\/08\/04\/walldorfjam-2018-in-moerfelden-erste-bilder\/graffiti_walldorfjam-moerfelden_2018-part1-12\/'><img loading=\"lazy\" decoding=\"async\" width=\"150\" height=\"150\" src=\"https:\/\/i0.wp.com\/mainstyle.org\/wp-content\/uploads\/Graffiti_WalldorfJam-M%C3%B6rfelden_2018-Part1-12.jpg?resize=150%2C150&amp;ssl=1\" class=\"attachment-thumbnail size-thumbnail\" alt=\"\" data-attachment-id=\"1763960\" data-permalink=\"https:\/\/mainstyle.org\/index.php\/2018\/08\/04\/walldorfjam-2018-in-moerfelden-erste-bilder\/graffiti_walldorfjam-moerfelden_2018-part1-12\/\" data-orig-file=\"https:\/\/i0.wp.com\/mainstyle.org\/wp-content\/uploads\/Graffiti_WalldorfJam-M%C3%B6rfelden_2018-Part1-12.jpg?fit=684%2C1024&amp;ssl=1\" data-orig-size=\"684,1024\" data-comments-opened=\"1\" data-image-meta=\"{&quot;aperture&quot;:&quot;6.3&quot;,&quot;credit&quot;:&quot;JOERG KUBEREK&quot;,&quot;camera&quot;:&quot;NIKON D750&quot;,&quot;caption&quot;:&quot;&quot;,&quot;created_timestamp&quot;:&quot;1533409930&quot;,&quot;copyright&quot;:&quot;&quot;,&quot;focal_length&quot;:&quot;12&quot;,&quot;iso&quot;:&quot;1250&quot;,&quot;shutter_speed&quot;:&quot;0.0125&quot;,&quot;title&quot;:&quot;&quot;,&quot;orientation&quot;:&quot;0&quot;}\" data-image-title=\"Graffiti_WalldorfJam-M\u00f6rfelden_2018-Part1-12\" data-image-description=\"\" data-image-caption=\"\" data-large-file=\"https:\/\/i0.wp.com\/mainstyle.org\/wp-content\/uploads\/Graffiti_WalldorfJam-M%C3%B6rfelden_2018-Part1-12.jpg?fit=584%2C874&amp;ssl=1\" \/><\/a>\n\t\t\t<\/dt><\/dl><br style=\"clear: both\" \/><dl class='gallery-item'>\n\t\t\t<dt class='gallery-icon landscape'>\n\t\t\t\t<a href='https:\/\/mainstyle.org\/index.php\/2018\/08\/04\/walldorfjam-2018-in-moerfelden-erste-bilder\/graffiti_walldorfjam-moerfelden_2018-part1-13\/'><img loading=\"lazy\" decoding=\"async\" width=\"150\" height=\"150\" src=\"https:\/\/i0.wp.com\/mainstyle.org\/wp-content\/uploads\/Graffiti_WalldorfJam-M%C3%B6rfelden_2018-Part1-13.jpg?resize=150%2C150&amp;ssl=1\" class=\"attachment-thumbnail size-thumbnail\" alt=\"\" data-attachment-id=\"1763962\" data-permalink=\"https:\/\/mainstyle.org\/index.php\/2018\/08\/04\/walldorfjam-2018-in-moerfelden-erste-bilder\/graffiti_walldorfjam-moerfelden_2018-part1-13\/\" data-orig-file=\"https:\/\/i0.wp.com\/mainstyle.org\/wp-content\/uploads\/Graffiti_WalldorfJam-M%C3%B6rfelden_2018-Part1-13.jpg?fit=1024%2C684&amp;ssl=1\" data-orig-size=\"1024,684\" data-comments-opened=\"1\" data-image-meta=\"{&quot;aperture&quot;:&quot;5&quot;,&quot;credit&quot;:&quot;JOERG KUBEREK&quot;,&quot;camera&quot;:&quot;NIKON D750&quot;,&quot;caption&quot;:&quot;&quot;,&quot;created_timestamp&quot;:&quot;1533410194&quot;,&quot;copyright&quot;:&quot;&quot;,&quot;focal_length&quot;:&quot;12&quot;,&quot;iso&quot;:&quot;100&quot;,&quot;shutter_speed&quot;:&quot;0.0125&quot;,&quot;title&quot;:&quot;&quot;,&quot;orientation&quot;:&quot;0&quot;}\" data-image-title=\"Graffiti_WalldorfJam-M\u00f6rfelden_2018-Part1-13\" data-image-description=\"&lt;p&gt;BOBOTER, BUD&lt;\/p&gt;\n\" data-image-caption=\"\" data-large-file=\"https:\/\/i0.wp.com\/mainstyle.org\/wp-content\/uploads\/Graffiti_WalldorfJam-M%C3%B6rfelden_2018-Part1-13.jpg?fit=584%2C390&amp;ssl=1\" \/><\/a>\n\t\t\t<\/dt><\/dl><dl class='gallery-item'>\n\t\t\t<dt class='gallery-icon landscape'>\n\t\t\t\t<a href='https:\/\/mainstyle.org\/index.php\/2018\/08\/04\/walldorfjam-2018-in-moerfelden-erste-bilder\/graffiti_walldorfjam-moerfelden_2018-part1-14\/'><img loading=\"lazy\" decoding=\"async\" width=\"150\" height=\"150\" src=\"https:\/\/i0.wp.com\/mainstyle.org\/wp-content\/uploads\/Graffiti_WalldorfJam-M%C3%B6rfelden_2018-Part1-14.jpg?resize=150%2C150&amp;ssl=1\" class=\"attachment-thumbnail size-thumbnail\" alt=\"\" data-attachment-id=\"1763964\" data-permalink=\"https:\/\/mainstyle.org\/index.php\/2018\/08\/04\/walldorfjam-2018-in-moerfelden-erste-bilder\/graffiti_walldorfjam-moerfelden_2018-part1-14\/\" data-orig-file=\"https:\/\/i0.wp.com\/mainstyle.org\/wp-content\/uploads\/Graffiti_WalldorfJam-M%C3%B6rfelden_2018-Part1-14.jpg?fit=1024%2C684&amp;ssl=1\" data-orig-size=\"1024,684\" data-comments-opened=\"1\" data-image-meta=\"{&quot;aperture&quot;:&quot;5&quot;,&quot;credit&quot;:&quot;JOERG KUBEREK&quot;,&quot;camera&quot;:&quot;NIKON D750&quot;,&quot;caption&quot;:&quot;&quot;,&quot;created_timestamp&quot;:&quot;1533410158&quot;,&quot;copyright&quot;:&quot;&quot;,&quot;focal_length&quot;:&quot;12&quot;,&quot;iso&quot;:&quot;1000&quot;,&quot;shutter_speed&quot;:&quot;0.0125&quot;,&quot;title&quot;:&quot;&quot;,&quot;orientation&quot;:&quot;0&quot;}\" data-image-title=\"Graffiti_WalldorfJam-M\u00f6rfelden_2018-Part1-14\" data-image-description=\"\" data-image-caption=\"\" data-large-file=\"https:\/\/i0.wp.com\/mainstyle.org\/wp-content\/uploads\/Graffiti_WalldorfJam-M%C3%B6rfelden_2018-Part1-14.jpg?fit=584%2C390&amp;ssl=1\" \/><\/a>\n\t\t\t<\/dt><\/dl><dl class='gallery-item'>\n\t\t\t<dt class='gallery-icon landscape'>\n\t\t\t\t<a href='https:\/\/mainstyle.org\/index.php\/2018\/08\/04\/walldorfjam-2018-in-moerfelden-erste-bilder\/graffiti_walldorfjam-moerfelden_2018-part1-15\/'><img loading=\"lazy\" decoding=\"async\" width=\"150\" height=\"150\" src=\"https:\/\/i0.wp.com\/mainstyle.org\/wp-content\/uploads\/Graffiti_WalldorfJam-M%C3%B6rfelden_2018-Part1-15.jpg?resize=150%2C150&amp;ssl=1\" class=\"attachment-thumbnail size-thumbnail\" alt=\"\" data-attachment-id=\"1763966\" data-permalink=\"https:\/\/mainstyle.org\/index.php\/2018\/08\/04\/walldorfjam-2018-in-moerfelden-erste-bilder\/graffiti_walldorfjam-moerfelden_2018-part1-15\/\" data-orig-file=\"https:\/\/i0.wp.com\/mainstyle.org\/wp-content\/uploads\/Graffiti_WalldorfJam-M%C3%B6rfelden_2018-Part1-15.jpg?fit=1024%2C684&amp;ssl=1\" data-orig-size=\"1024,684\" data-comments-opened=\"1\" data-image-meta=\"{&quot;aperture&quot;:&quot;5&quot;,&quot;credit&quot;:&quot;JOERG KUBEREK&quot;,&quot;camera&quot;:&quot;NIKON D750&quot;,&quot;caption&quot;:&quot;&quot;,&quot;created_timestamp&quot;:&quot;1533410211&quot;,&quot;copyright&quot;:&quot;&quot;,&quot;focal_length&quot;:&quot;12&quot;,&quot;iso&quot;:&quot;140&quot;,&quot;shutter_speed&quot;:&quot;0.0125&quot;,&quot;title&quot;:&quot;&quot;,&quot;orientation&quot;:&quot;0&quot;}\" data-image-title=\"Graffiti_WalldorfJam-M\u00f6rfelden_2018-Part1-15\" data-image-description=\"&lt;p&gt;ILLZOO&lt;\/p&gt;\n\" data-image-caption=\"\" data-large-file=\"https:\/\/i0.wp.com\/mainstyle.org\/wp-content\/uploads\/Graffiti_WalldorfJam-M%C3%B6rfelden_2018-Part1-15.jpg?fit=584%2C390&amp;ssl=1\" \/><\/a>\n\t\t\t<\/dt><\/dl><br style=\"clear: both\" \/><dl class='gallery-item'>\n\t\t\t<dt class='gallery-icon landscape'>\n\t\t\t\t<a href='https:\/\/mainstyle.org\/index.php\/2018\/08\/04\/walldorfjam-2018-in-moerfelden-erste-bilder\/graffiti_walldorfjam-moerfelden_2018-part1-16\/'><img loading=\"lazy\" decoding=\"async\" width=\"150\" height=\"150\" src=\"https:\/\/i0.wp.com\/mainstyle.org\/wp-content\/uploads\/Graffiti_WalldorfJam-M%C3%B6rfelden_2018-Part1-16.jpg?resize=150%2C150&amp;ssl=1\" class=\"attachment-thumbnail size-thumbnail\" alt=\"\" data-attachment-id=\"1763968\" data-permalink=\"https:\/\/mainstyle.org\/index.php\/2018\/08\/04\/walldorfjam-2018-in-moerfelden-erste-bilder\/graffiti_walldorfjam-moerfelden_2018-part1-16\/\" data-orig-file=\"https:\/\/i0.wp.com\/mainstyle.org\/wp-content\/uploads\/Graffiti_WalldorfJam-M%C3%B6rfelden_2018-Part1-16.jpg?fit=1024%2C684&amp;ssl=1\" data-orig-size=\"1024,684\" data-comments-opened=\"1\" data-image-meta=\"{&quot;aperture&quot;:&quot;2.8&quot;,&quot;credit&quot;:&quot;JOERG KUBEREK&quot;,&quot;camera&quot;:&quot;NIKON D750&quot;,&quot;caption&quot;:&quot;&quot;,&quot;created_timestamp&quot;:&quot;1533412817&quot;,&quot;copyright&quot;:&quot;&quot;,&quot;focal_length&quot;:&quot;12&quot;,&quot;iso&quot;:&quot;400&quot;,&quot;shutter_speed&quot;:&quot;0.0125&quot;,&quot;title&quot;:&quot;&quot;,&quot;orientation&quot;:&quot;0&quot;}\" data-image-title=\"Graffiti_WalldorfJam-M\u00f6rfelden_2018-Part1-16\" data-image-description=\"&lt;p&gt;Rocker Parker&lt;\/p&gt;\n\" data-image-caption=\"\" data-large-file=\"https:\/\/i0.wp.com\/mainstyle.org\/wp-content\/uploads\/Graffiti_WalldorfJam-M%C3%B6rfelden_2018-Part1-16.jpg?fit=584%2C390&amp;ssl=1\" \/><\/a>\n\t\t\t<\/dt><\/dl><dl class='gallery-item'>\n\t\t\t<dt class='gallery-icon landscape'>\n\t\t\t\t<a href='https:\/\/mainstyle.org\/index.php\/2018\/08\/04\/walldorfjam-2018-in-moerfelden-erste-bilder\/graffiti_walldorfjam-moerfelden_2018-part1-17\/'><img loading=\"lazy\" decoding=\"async\" width=\"150\" height=\"150\" src=\"https:\/\/i0.wp.com\/mainstyle.org\/wp-content\/uploads\/Graffiti_WalldorfJam-M%C3%B6rfelden_2018-Part1-17.jpg?resize=150%2C150&amp;ssl=1\" class=\"attachment-thumbnail size-thumbnail\" alt=\"\" data-attachment-id=\"1763970\" data-permalink=\"https:\/\/mainstyle.org\/index.php\/2018\/08\/04\/walldorfjam-2018-in-moerfelden-erste-bilder\/graffiti_walldorfjam-moerfelden_2018-part1-17\/\" data-orig-file=\"https:\/\/i0.wp.com\/mainstyle.org\/wp-content\/uploads\/Graffiti_WalldorfJam-M%C3%B6rfelden_2018-Part1-17.jpg?fit=1024%2C684&amp;ssl=1\" data-orig-size=\"1024,684\" data-comments-opened=\"1\" data-image-meta=\"{&quot;aperture&quot;:&quot;3.2&quot;,&quot;credit&quot;:&quot;JOERG KUBEREK&quot;,&quot;camera&quot;:&quot;NIKON D750&quot;,&quot;caption&quot;:&quot;&quot;,&quot;created_timestamp&quot;:&quot;1533413680&quot;,&quot;copyright&quot;:&quot;&quot;,&quot;focal_length&quot;:&quot;55&quot;,&quot;iso&quot;:&quot;3200&quot;,&quot;shutter_speed&quot;:&quot;0.01&quot;,&quot;title&quot;:&quot;&quot;,&quot;orientation&quot;:&quot;0&quot;}\" data-image-title=\"Graffiti_WalldorfJam-M\u00f6rfelden_2018-Part1-17\" data-image-description=\"\" data-image-caption=\"\" data-large-file=\"https:\/\/i0.wp.com\/mainstyle.org\/wp-content\/uploads\/Graffiti_WalldorfJam-M%C3%B6rfelden_2018-Part1-17.jpg?fit=584%2C390&amp;ssl=1\" \/><\/a>\n\t\t\t<\/dt><\/dl><dl class='gallery-item'>\n\t\t\t<dt class='gallery-icon landscape'>\n\t\t\t\t<a href='https:\/\/mainstyle.org\/index.php\/2018\/08\/04\/walldorfjam-2018-in-moerfelden-erste-bilder\/graffiti_walldorfjam-moerfelden_2018-part1-18\/'><img loading=\"lazy\" decoding=\"async\" width=\"150\" height=\"150\" src=\"https:\/\/i0.wp.com\/mainstyle.org\/wp-content\/uploads\/Graffiti_WalldorfJam-M%C3%B6rfelden_2018-Part1-18.jpg?resize=150%2C150&amp;ssl=1\" class=\"attachment-thumbnail size-thumbnail\" alt=\"\" data-attachment-id=\"1763972\" data-permalink=\"https:\/\/mainstyle.org\/index.php\/2018\/08\/04\/walldorfjam-2018-in-moerfelden-erste-bilder\/graffiti_walldorfjam-moerfelden_2018-part1-18\/\" data-orig-file=\"https:\/\/i0.wp.com\/mainstyle.org\/wp-content\/uploads\/Graffiti_WalldorfJam-M%C3%B6rfelden_2018-Part1-18.jpg?fit=1024%2C684&amp;ssl=1\" data-orig-size=\"1024,684\" data-comments-opened=\"1\" data-image-meta=\"{&quot;aperture&quot;:&quot;3.5&quot;,&quot;credit&quot;:&quot;JOERG KUBEREK&quot;,&quot;camera&quot;:&quot;NIKON D750&quot;,&quot;caption&quot;:&quot;&quot;,&quot;created_timestamp&quot;:&quot;1533414216&quot;,&quot;copyright&quot;:&quot;&quot;,&quot;focal_length&quot;:&quot;55&quot;,&quot;iso&quot;:&quot;3200&quot;,&quot;shutter_speed&quot;:&quot;0.01&quot;,&quot;title&quot;:&quot;&quot;,&quot;orientation&quot;:&quot;0&quot;}\" data-image-title=\"Graffiti_WalldorfJam-M\u00f6rfelden_2018-Part1-18\" data-image-description=\"&lt;p&gt;BUD&lt;\/p&gt;\n\" data-image-caption=\"\" data-large-file=\"https:\/\/i0.wp.com\/mainstyle.org\/wp-content\/uploads\/Graffiti_WalldorfJam-M%C3%B6rfelden_2018-Part1-18.jpg?fit=584%2C390&amp;ssl=1\" \/><\/a>\n\t\t\t<\/dt><\/dl><br style=\"clear: both\" \/><dl class='gallery-item'>\n\t\t\t<dt class='gallery-icon landscape'>\n\t\t\t\t<a href='https:\/\/mainstyle.org\/index.php\/2018\/08\/04\/walldorfjam-2018-in-moerfelden-erste-bilder\/graffiti_walldorfjam-moerfelden_2018-part1-19\/'><img loading=\"lazy\" decoding=\"async\" width=\"150\" height=\"150\" src=\"https:\/\/i0.wp.com\/mainstyle.org\/wp-content\/uploads\/Graffiti_WalldorfJam-M%C3%B6rfelden_2018-Part1-19.jpg?resize=150%2C150&amp;ssl=1\" class=\"attachment-thumbnail size-thumbnail\" alt=\"\" data-attachment-id=\"1763973\" data-permalink=\"https:\/\/mainstyle.org\/index.php\/2018\/08\/04\/walldorfjam-2018-in-moerfelden-erste-bilder\/graffiti_walldorfjam-moerfelden_2018-part1-19\/\" data-orig-file=\"https:\/\/i0.wp.com\/mainstyle.org\/wp-content\/uploads\/Graffiti_WalldorfJam-M%C3%B6rfelden_2018-Part1-19.jpg?fit=1024%2C684&amp;ssl=1\" data-orig-size=\"1024,684\" data-comments-opened=\"1\" data-image-meta=\"{&quot;aperture&quot;:&quot;3.2&quot;,&quot;credit&quot;:&quot;JOERG KUBEREK&quot;,&quot;camera&quot;:&quot;NIKON D750&quot;,&quot;caption&quot;:&quot;&quot;,&quot;created_timestamp&quot;:&quot;1533413629&quot;,&quot;copyright&quot;:&quot;&quot;,&quot;focal_length&quot;:&quot;55&quot;,&quot;iso&quot;:&quot;3200&quot;,&quot;shutter_speed&quot;:&quot;0.01&quot;,&quot;title&quot;:&quot;&quot;,&quot;orientation&quot;:&quot;0&quot;}\" data-image-title=\"Graffiti_WalldorfJam-M\u00f6rfelden_2018-Part1-19\" data-image-description=\"&lt;p&gt;Less than Hero ?&lt;\/p&gt;\n\" data-image-caption=\"\" data-large-file=\"https:\/\/i0.wp.com\/mainstyle.org\/wp-content\/uploads\/Graffiti_WalldorfJam-M%C3%B6rfelden_2018-Part1-19.jpg?fit=584%2C390&amp;ssl=1\" \/><\/a>\n\t\t\t<\/dt><\/dl><dl class='gallery-item'>\n\t\t\t<dt class='gallery-icon landscape'>\n\t\t\t\t<a href='https:\/\/mainstyle.org\/index.php\/2018\/08\/04\/walldorfjam-2018-in-moerfelden-erste-bilder\/graffiti_walldorfjam-moerfelden_2018-part1-20\/'><img loading=\"lazy\" decoding=\"async\" width=\"150\" height=\"150\" src=\"https:\/\/i0.wp.com\/mainstyle.org\/wp-content\/uploads\/Graffiti_WalldorfJam-M%C3%B6rfelden_2018-Part1-20.jpg?resize=150%2C150&amp;ssl=1\" class=\"attachment-thumbnail size-thumbnail\" alt=\"\" data-attachment-id=\"1763974\" data-permalink=\"https:\/\/mainstyle.org\/index.php\/2018\/08\/04\/walldorfjam-2018-in-moerfelden-erste-bilder\/graffiti_walldorfjam-moerfelden_2018-part1-20\/\" data-orig-file=\"https:\/\/i0.wp.com\/mainstyle.org\/wp-content\/uploads\/Graffiti_WalldorfJam-M%C3%B6rfelden_2018-Part1-20.jpg?fit=1024%2C684&amp;ssl=1\" data-orig-size=\"1024,684\" data-comments-opened=\"1\" data-image-meta=\"{&quot;aperture&quot;:&quot;3.5&quot;,&quot;credit&quot;:&quot;JOERG KUBEREK&quot;,&quot;camera&quot;:&quot;NIKON D750&quot;,&quot;caption&quot;:&quot;&quot;,&quot;created_timestamp&quot;:&quot;1533414181&quot;,&quot;copyright&quot;:&quot;&quot;,&quot;focal_length&quot;:&quot;55&quot;,&quot;iso&quot;:&quot;3200&quot;,&quot;shutter_speed&quot;:&quot;0.01&quot;,&quot;title&quot;:&quot;&quot;,&quot;orientation&quot;:&quot;0&quot;}\" data-image-title=\"Graffiti_WalldorfJam-M\u00f6rfelden_2018-Part1-20\" data-image-description=\"&lt;p&gt;IRIE, WIRED to the Moon&lt;\/p&gt;\n\" data-image-caption=\"\" data-large-file=\"https:\/\/i0.wp.com\/mainstyle.org\/wp-content\/uploads\/Graffiti_WalldorfJam-M%C3%B6rfelden_2018-Part1-20.jpg?fit=584%2C390&amp;ssl=1\" \/><\/a>\n\t\t\t<\/dt><\/dl><dl class='gallery-item'>\n\t\t\t<dt class='gallery-icon landscape'>\n\t\t\t\t<a href='https:\/\/mainstyle.org\/index.php\/2018\/08\/04\/walldorfjam-2018-in-moerfelden-erste-bilder\/graffiti_walldorfjam-moerfelden_2018-part1-21\/'><img loading=\"lazy\" decoding=\"async\" width=\"150\" height=\"150\" src=\"https:\/\/i0.wp.com\/mainstyle.org\/wp-content\/uploads\/Graffiti_WalldorfJam-M%C3%B6rfelden_2018-Part1-21.jpg?resize=150%2C150&amp;ssl=1\" class=\"attachment-thumbnail size-thumbnail\" alt=\"\" data-attachment-id=\"1763975\" data-permalink=\"https:\/\/mainstyle.org\/index.php\/2018\/08\/04\/walldorfjam-2018-in-moerfelden-erste-bilder\/graffiti_walldorfjam-moerfelden_2018-part1-21\/\" data-orig-file=\"https:\/\/i0.wp.com\/mainstyle.org\/wp-content\/uploads\/Graffiti_WalldorfJam-M%C3%B6rfelden_2018-Part1-21.jpg?fit=1024%2C684&amp;ssl=1\" data-orig-size=\"1024,684\" data-comments-opened=\"1\" data-image-meta=\"{&quot;aperture&quot;:&quot;4&quot;,&quot;credit&quot;:&quot;JOERG KUBEREK&quot;,&quot;camera&quot;:&quot;NIKON D750&quot;,&quot;caption&quot;:&quot;&quot;,&quot;created_timestamp&quot;:&quot;1533408078&quot;,&quot;copyright&quot;:&quot;&quot;,&quot;focal_length&quot;:&quot;55&quot;,&quot;iso&quot;:&quot;1100&quot;,&quot;shutter_speed&quot;:&quot;0.0125&quot;,&quot;title&quot;:&quot;&quot;,&quot;orientation&quot;:&quot;0&quot;}\" data-image-title=\"Graffiti_WalldorfJam-M\u00f6rfelden_2018-Part1-21\" data-image-description=\"&lt;p&gt;Rocker&lt;\/p&gt;\n\" data-image-caption=\"\" data-large-file=\"https:\/\/i0.wp.com\/mainstyle.org\/wp-content\/uploads\/Graffiti_WalldorfJam-M%C3%B6rfelden_2018-Part1-21.jpg?fit=584%2C390&amp;ssl=1\" \/><\/a>\n\t\t\t<\/dt><\/dl><br style=\"clear: both\" \/><dl class='gallery-item'>\n\t\t\t<dt class='gallery-icon portrait'>\n\t\t\t\t<a href='https:\/\/mainstyle.org\/index.php\/2018\/08\/04\/walldorfjam-2018-in-moerfelden-erste-bilder\/graffiti_walldorfjam-moerfelden_2018-part1-22\/'><img loading=\"lazy\" decoding=\"async\" width=\"150\" height=\"150\" src=\"https:\/\/i0.wp.com\/mainstyle.org\/wp-content\/uploads\/Graffiti_WalldorfJam-M%C3%B6rfelden_2018-Part1-22.jpg?resize=150%2C150&amp;ssl=1\" class=\"attachment-thumbnail size-thumbnail\" alt=\"\" data-attachment-id=\"1763976\" data-permalink=\"https:\/\/mainstyle.org\/index.php\/2018\/08\/04\/walldorfjam-2018-in-moerfelden-erste-bilder\/graffiti_walldorfjam-moerfelden_2018-part1-22\/\" data-orig-file=\"https:\/\/i0.wp.com\/mainstyle.org\/wp-content\/uploads\/Graffiti_WalldorfJam-M%C3%B6rfelden_2018-Part1-22.jpg?fit=684%2C1024&amp;ssl=1\" data-orig-size=\"684,1024\" data-comments-opened=\"1\" data-image-meta=\"{&quot;aperture&quot;:&quot;4&quot;,&quot;credit&quot;:&quot;JOERG KUBEREK&quot;,&quot;camera&quot;:&quot;NIKON D750&quot;,&quot;caption&quot;:&quot;&quot;,&quot;created_timestamp&quot;:&quot;1533408713&quot;,&quot;copyright&quot;:&quot;&quot;,&quot;focal_length&quot;:&quot;36&quot;,&quot;iso&quot;:&quot;1100&quot;,&quot;shutter_speed&quot;:&quot;0.0125&quot;,&quot;title&quot;:&quot;&quot;,&quot;orientation&quot;:&quot;0&quot;}\" data-image-title=\"Graffiti_WalldorfJam-M\u00f6rfelden_2018-Part1-22\" data-image-description=\"&lt;p&gt;Wired to the moon&lt;\/p&gt;\n\" data-image-caption=\"\" data-large-file=\"https:\/\/i0.wp.com\/mainstyle.org\/wp-content\/uploads\/Graffiti_WalldorfJam-M%C3%B6rfelden_2018-Part1-22.jpg?fit=584%2C874&amp;ssl=1\" \/><\/a>\n\t\t\t<\/dt><\/dl><dl class='gallery-item'>\n\t\t\t<dt class='gallery-icon landscape'>\n\t\t\t\t<a href='https:\/\/mainstyle.org\/index.php\/2018\/08\/04\/walldorfjam-2018-in-moerfelden-erste-bilder\/graffiti_walldorfjam-moerfelden_2018-part1-23\/'><img loading=\"lazy\" decoding=\"async\" width=\"150\" height=\"150\" src=\"https:\/\/i0.wp.com\/mainstyle.org\/wp-content\/uploads\/Graffiti_WalldorfJam-M%C3%B6rfelden_2018-Part1-23.jpg?resize=150%2C150&amp;ssl=1\" class=\"attachment-thumbnail size-thumbnail\" alt=\"\" data-attachment-id=\"1763977\" data-permalink=\"https:\/\/mainstyle.org\/index.php\/2018\/08\/04\/walldorfjam-2018-in-moerfelden-erste-bilder\/graffiti_walldorfjam-moerfelden_2018-part1-23\/\" data-orig-file=\"https:\/\/i0.wp.com\/mainstyle.org\/wp-content\/uploads\/Graffiti_WalldorfJam-M%C3%B6rfelden_2018-Part1-23.jpg?fit=1024%2C684&amp;ssl=1\" data-orig-size=\"1024,684\" data-comments-opened=\"1\" data-image-meta=\"{&quot;aperture&quot;:&quot;4&quot;,&quot;credit&quot;:&quot;JOERG KUBEREK&quot;,&quot;camera&quot;:&quot;NIKON D750&quot;,&quot;caption&quot;:&quot;&quot;,&quot;created_timestamp&quot;:&quot;1533408477&quot;,&quot;copyright&quot;:&quot;&quot;,&quot;focal_length&quot;:&quot;55&quot;,&quot;iso&quot;:&quot;3200&quot;,&quot;shutter_speed&quot;:&quot;0.0125&quot;,&quot;title&quot;:&quot;&quot;,&quot;orientation&quot;:&quot;0&quot;}\" data-image-title=\"Graffiti_WalldorfJam-M\u00f6rfelden_2018-Part1-23\" data-image-description=\"\" data-image-caption=\"\" data-large-file=\"https:\/\/i0.wp.com\/mainstyle.org\/wp-content\/uploads\/Graffiti_WalldorfJam-M%C3%B6rfelden_2018-Part1-23.jpg?fit=584%2C390&amp;ssl=1\" \/><\/a>\n\t\t\t<\/dt><\/dl><dl class='gallery-item'>\n\t\t\t<dt class='gallery-icon landscape'>\n\t\t\t\t<a href='https:\/\/mainstyle.org\/index.php\/2018\/08\/04\/walldorfjam-2018-in-moerfelden-erste-bilder\/graffiti_walldorfjam-moerfelden_2018-part1-24\/'><img loading=\"lazy\" decoding=\"async\" width=\"150\" height=\"150\" src=\"https:\/\/i0.wp.com\/mainstyle.org\/wp-content\/uploads\/Graffiti_WalldorfJam-M%C3%B6rfelden_2018-Part1-24.jpg?resize=150%2C150&amp;ssl=1\" class=\"attachment-thumbnail size-thumbnail\" alt=\"\" data-attachment-id=\"1763978\" data-permalink=\"https:\/\/mainstyle.org\/index.php\/2018\/08\/04\/walldorfjam-2018-in-moerfelden-erste-bilder\/graffiti_walldorfjam-moerfelden_2018-part1-24\/\" data-orig-file=\"https:\/\/i0.wp.com\/mainstyle.org\/wp-content\/uploads\/Graffiti_WalldorfJam-M%C3%B6rfelden_2018-Part1-24.jpg?fit=1024%2C684&amp;ssl=1\" data-orig-size=\"1024,684\" data-comments-opened=\"1\" data-image-meta=\"{&quot;aperture&quot;:&quot;4&quot;,&quot;credit&quot;:&quot;JOERG KUBEREK&quot;,&quot;camera&quot;:&quot;NIKON D750&quot;,&quot;caption&quot;:&quot;&quot;,&quot;created_timestamp&quot;:&quot;1533408458&quot;,&quot;copyright&quot;:&quot;&quot;,&quot;focal_length&quot;:&quot;35&quot;,&quot;iso&quot;:&quot;2500&quot;,&quot;shutter_speed&quot;:&quot;0.0125&quot;,&quot;title&quot;:&quot;&quot;,&quot;orientation&quot;:&quot;0&quot;}\" data-image-title=\"Graffiti_WalldorfJam-M\u00f6rfelden_2018-Part1-24\" data-image-description=\"\" data-image-caption=\"\" data-large-file=\"https:\/\/i0.wp.com\/mainstyle.org\/wp-content\/uploads\/Graffiti_WalldorfJam-M%C3%B6rfelden_2018-Part1-24.jpg?fit=584%2C390&amp;ssl=1\" \/><\/a>\n\t\t\t<\/dt><\/dl><br style=\"clear: both\" \/>\n\t\t<\/div>\n\n<p>Wie immer, sollte jemand auf den Bildern abgebildet sein und damit nicht einverstanden sein, bitte sofort melden: fotojoerg at mainstyle.org<\/p>\n<p>&nbsp;<\/p>\n","protected":false},"excerpt":{"rendered":"<p>Hallo zusammen, anbei die erste Bilder vom WalldorfJam 2018 der dieses Jahr am Bahnhof M\u00f6rfelden stattfand. Einige Pieces bzw. Character sind noch &#8222;work in progress&#8220;, die finalen Bilder von Allem kommen nach. Danke an alle K\u00fcnstler! UND, in den Hund &hellip; <a href=\"https:\/\/mainstyle.org\/index.php\/2018\/08\/04\/walldorfjam-2018-in-moerfelden-erste-bilder\/\">Weiterlesen <span class=\"meta-nav\">&rarr;<\/span><\/a><\/p>\n","protected":false},"author":360,"featured_media":1763964,"comment_status":"open","ping_status":"closed","sticky":false,"template":"","format":"gallery","meta":{"jetpack_post_was_ever_published":false,"_jetpack_newsletter_access":"","_jetpack_dont_email_post_to_subs":false,"_jetpack_newsletter_tier_id":0,"_jetpack_memberships_contains_paywalled_content":false,"_jetpack_memberships_contains_paid_content":false,"footnotes":""},"categories":[1768],"tags":[1970,1636,1642,900,458,2094,1949,693,2116,786,906,2119,2120,1658,1136,2117,1424,207,297,932,1748,1434,1633,823,2118,968,1637,1264,991,1143,992,1694],"class_list":["post-1763924","post","type-post","status-publish","format-gallery","has-post-thumbnail","hentry","category-walldorfjam","tag-1970","tag-astor","tag-bears","tag-boboter","tag-bud","tag-eater-parker","tag-ews","tag-frankfurtmainstyle","tag-graffiti-moerfelden","tag-illzoo","tag-illzoocrew","tag-irie","tag-irie-art","tag-kai-lippok","tag-kalk","tag-lady-love","tag-less-than-hero","tag-mainstyle","tag-mainstylefrankfurt","tag-majonaisse","tag-moerfelden-walldorf","tag-osik","tag-rocker-redford","tag-rumo","tag-signor","tag-snok","tag-spone","tag-tms","tag-walldorf-jam","tag-walldorfgraffiti","tag-walldorfjam","tag-wired-to-the-moon","post_format-post-format-gallery"],"jetpack_featured_media_url":"https:\/\/i0.wp.com\/mainstyle.org\/wp-content\/uploads\/Graffiti_WalldorfJam-M%C3%B6rfelden_2018-Part1-14.jpg?fit=1024%2C684&ssl=1","jetpack_shortlink":"https:\/\/wp.me\/p4RzNO-7oSo","jetpack_likes_enabled":true,"jetpack_sharing_enabled":true,"jetpack-related-posts":[{"id":1768893,"url":"https:\/\/mainstyle.org\/index.php\/2018\/08\/07\/walldorfjam-2018-in-moerfelden-31-pix\/","url_meta":{"origin":1763924,"position":0},"title":"WalldorfJam 2018 in M\u00f6rfelden 31 Pix","author":"admin","date":"2018-08-07","format":"gallery","excerpt":"Hallo zusammen, anbei nun die fertigen Bilder vom WalldorfJam 2018 der dieses Jahr am Bahnhof M\u00f6rfelden stattfand. Danke an alle K\u00fcnstler &\u00a0HAVE PHUN!","rel":"","context":"In &quot;WalldorfJam&quot;","block_context":{"text":"WalldorfJam","link":"https:\/\/mainstyle.org\/index.php\/category\/walldorfjam\/"},"img":{"alt_text":"","src":"https:\/\/i0.wp.com\/mainstyle.org\/wp-content\/uploads\/Graffiti_WalldorfJam_2018-2_-2.jpg?fit=1024%2C683&ssl=1&resize=350%2C200","width":350,"height":200,"srcset":"https:\/\/i0.wp.com\/mainstyle.org\/wp-content\/uploads\/Graffiti_WalldorfJam_2018-2_-2.jpg?fit=1024%2C683&ssl=1&resize=350%2C200 1x, https:\/\/i0.wp.com\/mainstyle.org\/wp-content\/uploads\/Graffiti_WalldorfJam_2018-2_-2.jpg?fit=1024%2C683&ssl=1&resize=525%2C300 1.5x, https:\/\/i0.wp.com\/mainstyle.org\/wp-content\/uploads\/Graffiti_WalldorfJam_2018-2_-2.jpg?fit=1024%2C683&ssl=1&resize=700%2C400 2x"},"classes":[]},{"id":739437,"url":"https:\/\/mainstyle.org\/index.php\/2017\/08\/13\/ankuendigung-walldorf-jam-3-16-09-2017\/","url_meta":{"origin":1763924,"position":1},"title":"Ank\u00fcndigung Walldorf-Jam #3 16.09.2017","author":"admin","date":"2017-08-13","format":"gallery","excerpt":"Hallo zusammen, die Walldorf-Jam geht in die dritte Runde 16.09.2017\u00a0\u00a011:00\u00a0-\u00a021:00 Uhr! Okrifteler Str. 27 M\u00f6rfelden-Walldorf! Facebookveranstaltung: KLICK Es haben sich rund 40 hervorragende K\u00fcnstlerInnen angek\u00fcndigt, die dem Gel\u00e4nde ein neues Antlitz verpassen und euch mit Musik und sonstigen Annehmlichkeiten unterhalten werden. Neben zahlreichen Locals werden auch einige \u00fcberregionale K\u00fcnstler vor\u2026","rel":"","context":"In &quot;Allgemein&quot;","block_context":{"text":"Allgemein","link":"https:\/\/mainstyle.org\/index.php\/category\/allgemein\/"},"img":{"alt_text":"","src":"https:\/\/i0.wp.com\/mainstyle.org\/wp-content\/uploads\/Graffiti_WalldorfJam2_2016-2-1.jpg?fit=1024%2C684&ssl=1&resize=350%2C200","width":350,"height":200,"srcset":"https:\/\/i0.wp.com\/mainstyle.org\/wp-content\/uploads\/Graffiti_WalldorfJam2_2016-2-1.jpg?fit=1024%2C684&ssl=1&resize=350%2C200 1x, https:\/\/i0.wp.com\/mainstyle.org\/wp-content\/uploads\/Graffiti_WalldorfJam2_2016-2-1.jpg?fit=1024%2C684&ssl=1&resize=525%2C300 1.5x, https:\/\/i0.wp.com\/mainstyle.org\/wp-content\/uploads\/Graffiti_WalldorfJam2_2016-2-1.jpg?fit=1024%2C684&ssl=1&resize=700%2C400 2x"},"classes":[]},{"id":175354,"url":"https:\/\/mainstyle.org\/index.php\/2016\/07\/13\/ankuendigung-walldorf-jam-2-13-august-2016\/","url_meta":{"origin":1763924,"position":2},"title":"Ank\u00fcndigung Walldorf-Jam #2 13.August.2016","author":"admin","date":"2016-07-13","format":false,"excerpt":"Hallo zusammen, anbei die Ank\u00fcndigung f\u00fcr den Walldorf-Jam #2 sowie\u00a0weitere Informationen vom Veranstalter: Die Walldorf-Jam geht in diesem August in die zweite Runde. Da sie im letzten Jahr gro\u00dfen Anklang fand und da die Jugendpflege M\u00f6rfelden-Walldorf gute Erfahrungen mit verschiedenen graffitibezogenen Events gemacht hat, wird das Event folgerichtig auch in\u2026","rel":"","context":"In &quot;Allgemein&quot;","block_context":{"text":"Allgemein","link":"https:\/\/mainstyle.org\/index.php\/category\/allgemein\/"},"img":{"alt_text":"JUZ WALLDORF Walldorfjam #2 ","src":"https:\/\/i0.wp.com\/mainstyle.org\/wp-content\/uploads\/flyer-jam-Kopie-724x1024.jpg?resize=350%2C200&ssl=1","width":350,"height":200,"srcset":"https:\/\/i0.wp.com\/mainstyle.org\/wp-content\/uploads\/flyer-jam-Kopie-724x1024.jpg?resize=350%2C200&ssl=1 1x, https:\/\/i0.wp.com\/mainstyle.org\/wp-content\/uploads\/flyer-jam-Kopie-724x1024.jpg?resize=525%2C300&ssl=1 1.5x"},"classes":[]},{"id":190284,"url":"https:\/\/mainstyle.org\/index.php\/2016\/08\/19\/bilder-vom-graffiti-jam-walldorf-2-2016\/","url_meta":{"origin":1763924,"position":3},"title":"Bilder vom Graffiti Jam Walldorf #2 &#8211; 2016","author":"admin","date":"2016-08-19","format":"gallery","excerpt":"Hallo zusammen, am 13. August 2016 fand der WalldorfJam #2 statt. Leider konnte ich nicht vor Ort sein und ein paar Impressionen ein fangen, aber anbei die Bilder von den erstellen Pieces bzw. Character. Have Phun! Weitere Infos unter: Facebook: Events: \u201eWalldorf_Jam #2\u201c Mail an bad.breath at web.de https:\/\/www.youtube.com\/watch?v=bif58bySe9M (Der\u2026","rel":"","context":"In &quot;Allgemein&quot;","block_context":{"text":"Allgemein","link":"https:\/\/mainstyle.org\/index.php\/category\/allgemein\/"},"img":{"alt_text":"","src":"https:\/\/i0.wp.com\/mainstyle.org\/wp-content\/uploads\/Graffiti_WalldorfJam2_2016-2.jpg?fit=1024%2C684&ssl=1&resize=350%2C200","width":350,"height":200,"srcset":"https:\/\/i0.wp.com\/mainstyle.org\/wp-content\/uploads\/Graffiti_WalldorfJam2_2016-2.jpg?fit=1024%2C684&ssl=1&resize=350%2C200 1x, https:\/\/i0.wp.com\/mainstyle.org\/wp-content\/uploads\/Graffiti_WalldorfJam2_2016-2.jpg?fit=1024%2C684&ssl=1&resize=525%2C300 1.5x, https:\/\/i0.wp.com\/mainstyle.org\/wp-content\/uploads\/Graffiti_WalldorfJam2_2016-2.jpg?fit=1024%2C684&ssl=1&resize=700%2C400 2x"},"classes":[]},{"id":4001742,"url":"https:\/\/mainstyle.org\/index.php\/2019\/09\/15\/walldorf-jam-2019-finale-bilder\/","url_meta":{"origin":1763924,"position":4},"title":"Walldorf JAM 2019! Finale Bilder!","author":"admin","date":"2019-09-15","format":"gallery","excerpt":"Anbei nun die finale Bilder vom Walldorf Jam 2019.Danke an die Damen und Herren, Ihr macht die Welt bunt! :)Es gab nebenbei nihct nur fette Beats sondern auch einen Mega coolen mobilen Pizza Ofen mit dem lecker Pizza frisch gebacken wurde, siehe Bilder, *Werbung*, Dank und liebe Gr\u00fc\u00dfe an die\u2026","rel":"","context":"In &quot;WalldorfJam&quot;","block_context":{"text":"WalldorfJam","link":"https:\/\/mainstyle.org\/index.php\/category\/walldorfjam\/"},"img":{"alt_text":"","src":"https:\/\/i0.wp.com\/mainstyle.org\/wp-content\/uploads\/WalldorfJam_2019_Teil2-28.jpg?fit=1200%2C800&ssl=1&resize=350%2C200","width":350,"height":200,"srcset":"https:\/\/i0.wp.com\/mainstyle.org\/wp-content\/uploads\/WalldorfJam_2019_Teil2-28.jpg?fit=1200%2C800&ssl=1&resize=350%2C200 1x, https:\/\/i0.wp.com\/mainstyle.org\/wp-content\/uploads\/WalldorfJam_2019_Teil2-28.jpg?fit=1200%2C800&ssl=1&resize=525%2C300 1.5x, https:\/\/i0.wp.com\/mainstyle.org\/wp-content\/uploads\/WalldorfJam_2019_Teil2-28.jpg?fit=1200%2C800&ssl=1&resize=700%2C400 2x, https:\/\/i0.wp.com\/mainstyle.org\/wp-content\/uploads\/WalldorfJam_2019_Teil2-28.jpg?fit=1200%2C800&ssl=1&resize=1050%2C600 3x"},"classes":[]},{"id":3944276,"url":"https:\/\/mainstyle.org\/index.php\/2019\/09\/10\/walldorf-jam-2019-erste-bilder\/","url_meta":{"origin":1763924,"position":5},"title":"Walldorf JAM 2019! Erste Bilder :)","author":"admin","date":"2019-09-10","format":false,"excerpt":"Anbei ein paar Impressionen vom Jam, mehr Bilder gibts die Woche. Beste low carb Pizza die ich kenne! Danke Jungs!","rel":"","context":"In &quot;Allgemein&quot;","block_context":{"text":"Allgemein","link":"https:\/\/mainstyle.org\/index.php\/category\/allgemein\/"},"img":{"alt_text":"","src":"https:\/\/i0.wp.com\/mainstyle.org\/wp-content\/uploads\/WalldorfJam2019-Teil1-6.jpg?fit=1200%2C800&ssl=1&resize=350%2C200","width":350,"height":200,"srcset":"https:\/\/i0.wp.com\/mainstyle.org\/wp-content\/uploads\/WalldorfJam2019-Teil1-6.jpg?fit=1200%2C800&ssl=1&resize=350%2C200 1x, https:\/\/i0.wp.com\/mainstyle.org\/wp-content\/uploads\/WalldorfJam2019-Teil1-6.jpg?fit=1200%2C800&ssl=1&resize=525%2C300 1.5x, https:\/\/i0.wp.com\/mainstyle.org\/wp-content\/uploads\/WalldorfJam2019-Teil1-6.jpg?fit=1200%2C800&ssl=1&resize=700%2C400 2x, https:\/\/i0.wp.com\/mainstyle.org\/wp-content\/uploads\/WalldorfJam2019-Teil1-6.jpg?fit=1200%2C800&ssl=1&resize=1050%2C600 3x"},"classes":[]}],"_links":{"self":[{"href":"https:\/\/mainstyle.org\/index.php\/wp-json\/wp\/v2\/posts\/1763924","targetHints":{"allow":["GET"]}}],"collection":[{"href":"https:\/\/mainstyle.org\/index.php\/wp-json\/wp\/v2\/posts"}],"about":[{"href":"https:\/\/mainstyle.org\/index.php\/wp-json\/wp\/v2\/types\/post"}],"author":[{"embeddable":true,"href":"https:\/\/mainstyle.org\/index.php\/wp-json\/wp\/v2\/users\/360"}],"replies":[{"embeddable":true,"href":"https:\/\/mainstyle.org\/index.php\/wp-json\/wp\/v2\/comments?post=1763924"}],"version-history":[{"count":7,"href":"https:\/\/mainstyle.org\/index.php\/wp-json\/wp\/v2\/posts\/1763924\/revisions"}],"predecessor-version":[{"id":1764058,"href":"https:\/\/mainstyle.org\/index.php\/wp-json\/wp\/v2\/posts\/1763924\/revisions\/1764058"}],"wp:featuredmedia":[{"embeddable":true,"href":"https:\/\/mainstyle.org\/index.php\/wp-json\/wp\/v2\/media\/1763964"}],"wp:attachment":[{"href":"https:\/\/mainstyle.org\/index.php\/wp-json\/wp\/v2\/media?parent=1763924"}],"wp:term":[{"taxonomy":"category","embeddable":true,"href":"https:\/\/mainstyle.org\/index.php\/wp-json\/wp\/v2\/categories?post=1763924"},{"taxonomy":"post_tag","embeddable":true,"href":"https:\/\/mainstyle.org\/index.php\/wp-json\/wp\/v2\/tags?post=1763924"}],"curies":[{"name":"wp","href":"https:\/\/api.w.org\/{rel}","templated":true}]}}