{"id":2155130,"date":"2019-03-08T00:29:05","date_gmt":"2019-03-07T23:29:05","guid":{"rendered":"http:\/\/www.mainstyle.org\/?p=2155130"},"modified":"2019-03-08T22:47:24","modified_gmt":"2019-03-08T21:47:24","slug":"strawberry-cheesecake-jam-2019-langen-ankuendigung-27-04-19","status":"publish","type":"post","link":"https:\/\/mainstyle.org\/index.php\/2019\/03\/08\/strawberry-cheesecake-jam-2019-langen-ankuendigung-27-04-19\/","title":{"rendered":"Strawberry Cheesecake JAM 2019 Langen HBF- Ank\u00fcndigung"},"content":{"rendered":"\n<p>Hier die erste Ank\u00fcndigung f\u00fcr einen Graffiti JAM in 2019!<br><br>Langen Bahnhof &#8211; Strawberry Cheesecake JAM &#8211; 27.04.2019<br><br>Mehr folgt in K\u00fcrze!<br><br><\/p>\n\n\n\n<figure class=\"wp-block-image\"><img data-recalc-dims=\"1\" loading=\"lazy\" decoding=\"async\" width=\"584\" height=\"438\" data-attachment-id=\"2155141\" data-permalink=\"https:\/\/mainstyle.org\/index.php\/2019\/03\/08\/strawberry-cheesecake-jam-2019-langen-ankuendigung-27-04-19\/529eddc5-75a2-407c-931e-32545c609f35\/\" data-orig-file=\"https:\/\/i0.wp.com\/mainstyle.org\/wp-content\/uploads\/529eddc5-75a2-407c-931e-32545c609f35.jpg?fit=1600%2C1200&amp;ssl=1\" data-orig-size=\"1600,1200\" data-comments-opened=\"1\" data-image-meta=\"{&quot;aperture&quot;:&quot;0&quot;,&quot;credit&quot;:&quot;&quot;,&quot;camera&quot;:&quot;&quot;,&quot;caption&quot;:&quot;&quot;,&quot;created_timestamp&quot;:&quot;0&quot;,&quot;copyright&quot;:&quot;&quot;,&quot;focal_length&quot;:&quot;0&quot;,&quot;iso&quot;:&quot;0&quot;,&quot;shutter_speed&quot;:&quot;0&quot;,&quot;title&quot;:&quot;&quot;,&quot;orientation&quot;:&quot;0&quot;}\" data-image-title=\"529eddc5-75a2-407c-931e-32545c609f35\" data-image-description=\"\" data-image-caption=\"\" data-large-file=\"https:\/\/i0.wp.com\/mainstyle.org\/wp-content\/uploads\/529eddc5-75a2-407c-931e-32545c609f35.jpg?fit=584%2C438&amp;ssl=1\" src=\"https:\/\/i0.wp.com\/www.mainstyle.org\/wp-content\/uploads\/529eddc5-75a2-407c-931e-32545c609f35-1024x768.jpg?resize=584%2C438&#038;ssl=1\" alt=\"\" class=\"wp-image-2155141\" srcset=\"https:\/\/i0.wp.com\/mainstyle.org\/wp-content\/uploads\/529eddc5-75a2-407c-931e-32545c609f35.jpg?resize=1024%2C768&amp;ssl=1 1024w, https:\/\/i0.wp.com\/mainstyle.org\/wp-content\/uploads\/529eddc5-75a2-407c-931e-32545c609f35.jpg?resize=300%2C225&amp;ssl=1 300w, https:\/\/i0.wp.com\/mainstyle.org\/wp-content\/uploads\/529eddc5-75a2-407c-931e-32545c609f35.jpg?resize=768%2C576&amp;ssl=1 768w, https:\/\/i0.wp.com\/mainstyle.org\/wp-content\/uploads\/529eddc5-75a2-407c-931e-32545c609f35.jpg?resize=400%2C300&amp;ssl=1 400w, https:\/\/i0.wp.com\/mainstyle.org\/wp-content\/uploads\/529eddc5-75a2-407c-931e-32545c609f35.jpg?w=1600&amp;ssl=1 1600w, https:\/\/i0.wp.com\/mainstyle.org\/wp-content\/uploads\/529eddc5-75a2-407c-931e-32545c609f35.jpg?w=1168&amp;ssl=1 1168w\" sizes=\"auto, (max-width: 584px) 100vw, 584px\" \/><\/figure>\n\n\n\n<figure class=\"wp-block-image\"><img data-recalc-dims=\"1\" loading=\"lazy\" decoding=\"async\" width=\"584\" height=\"779\" data-attachment-id=\"2155144\" data-permalink=\"https:\/\/mainstyle.org\/index.php\/2019\/03\/08\/strawberry-cheesecake-jam-2019-langen-ankuendigung-27-04-19\/a6bb6a72-e904-4609-b50c-49064f2ed99a\/\" data-orig-file=\"https:\/\/i0.wp.com\/mainstyle.org\/wp-content\/uploads\/a6bb6a72-e904-4609-b50c-49064f2ed99a.jpg?fit=1200%2C1600&amp;ssl=1\" data-orig-size=\"1200,1600\" data-comments-opened=\"1\" data-image-meta=\"{&quot;aperture&quot;:&quot;0&quot;,&quot;credit&quot;:&quot;&quot;,&quot;camera&quot;:&quot;&quot;,&quot;caption&quot;:&quot;&quot;,&quot;created_timestamp&quot;:&quot;0&quot;,&quot;copyright&quot;:&quot;&quot;,&quot;focal_length&quot;:&quot;0&quot;,&quot;iso&quot;:&quot;0&quot;,&quot;shutter_speed&quot;:&quot;0&quot;,&quot;title&quot;:&quot;&quot;,&quot;orientation&quot;:&quot;0&quot;}\" data-image-title=\"a6bb6a72-e904-4609-b50c-49064f2ed99a\" data-image-description=\"\" data-image-caption=\"\" data-large-file=\"https:\/\/i0.wp.com\/mainstyle.org\/wp-content\/uploads\/a6bb6a72-e904-4609-b50c-49064f2ed99a.jpg?fit=584%2C779&amp;ssl=1\" src=\"https:\/\/i0.wp.com\/www.mainstyle.org\/wp-content\/uploads\/a6bb6a72-e904-4609-b50c-49064f2ed99a-768x1024.jpg?resize=584%2C779&#038;ssl=1\" alt=\"\" class=\"wp-image-2155144\" srcset=\"https:\/\/i0.wp.com\/mainstyle.org\/wp-content\/uploads\/a6bb6a72-e904-4609-b50c-49064f2ed99a.jpg?resize=768%2C1024&amp;ssl=1 768w, https:\/\/i0.wp.com\/mainstyle.org\/wp-content\/uploads\/a6bb6a72-e904-4609-b50c-49064f2ed99a.jpg?resize=225%2C300&amp;ssl=1 225w, https:\/\/i0.wp.com\/mainstyle.org\/wp-content\/uploads\/a6bb6a72-e904-4609-b50c-49064f2ed99a.jpg?w=1200&amp;ssl=1 1200w\" sizes=\"auto, (max-width: 584px) 100vw, 584px\" \/><\/figure>\n\n\n\n<p>Verspricht viele Farben und ein gemischtes Writerteam, WIR SEHEN UNS DORT!<\/p>\n\n\n\n<p>Im wahrsten Sinne des Wortes, J\u00c4M, J\u00c4M J\u00c4M \ud83d\ude00<br>have phun!<\/p>\n","protected":false},"excerpt":{"rendered":"<p>Hier die erste Ank\u00fcndigung f\u00fcr einen Graffiti JAM in 2019! Langen Bahnhof &#8211; Strawberry Cheesecake JAM &#8211; 27.04.2019 Mehr folgt in K\u00fcrze! Verspricht viele Farben und ein gemischtes Writerteam, WIR SEHEN UNS DORT! Im wahrsten Sinne des Wortes, J\u00c4M, J\u00c4M &hellip; <a href=\"https:\/\/mainstyle.org\/index.php\/2019\/03\/08\/strawberry-cheesecake-jam-2019-langen-ankuendigung-27-04-19\/\">Weiterlesen <span class=\"meta-nav\">&rarr;<\/span><\/a><\/p>\n","protected":false},"author":360,"featured_media":0,"comment_status":"open","ping_status":"closed","sticky":false,"template":"","format":"standard","meta":{"jetpack_post_was_ever_published":false,"_jetpack_newsletter_access":"","_jetpack_dont_email_post_to_subs":false,"_jetpack_newsletter_tier_id":0,"_jetpack_memberships_contains_paywalled_content":false,"_jetpack_memberships_contains_paid_content":false,"footnotes":""},"categories":[1],"tags":[],"class_list":["post-2155130","post","type-post","status-publish","format-standard","hentry","category-allgemein"],"jetpack_featured_media_url":"","jetpack_shortlink":"https:\/\/wp.me\/p4RzNO-92Ea","jetpack_likes_enabled":true,"jetpack_sharing_enabled":true,"jetpack-related-posts":[{"id":2469983,"url":"https:\/\/mainstyle.org\/index.php\/2019\/04\/28\/strawberry-cheesecake-jam-langen-2019\/","url_meta":{"origin":2155130,"position":0},"title":"Strawberry Cheesecake Jam Langen 2019","author":"admin","date":"2019-04-28","format":"gallery","excerpt":"Anbei die ersten Bilder vom Jam und evtl. alten Bilder rund um den Langener Bahnhof, ein zwei kommen nach.Es waren ne Menge Maler an den Walls: RETRO, GOLD, TESA, DOIT, OSMO, KES, HOMBRE, KICK, DAWTOR.C. KAI LIPPOCK, SWAYZE, FNB,TOESER, LESS THA HERO, ROCKER, DOUT, MORE, M\u00c4EF, IROS. ATMO, MECIXO, TRAUBE,\u2026","rel":"","context":"In &quot;Allgemein&quot;","block_context":{"text":"Allgemein","link":"https:\/\/mainstyle.org\/index.php\/category\/allgemein\/"},"img":{"alt_text":"","src":"https:\/\/i0.wp.com\/mainstyle.org\/wp-content\/uploads\/Graffiti_Langen_2019-72.jpg?fit=1200%2C801&ssl=1&resize=350%2C200","width":350,"height":200,"srcset":"https:\/\/i0.wp.com\/mainstyle.org\/wp-content\/uploads\/Graffiti_Langen_2019-72.jpg?fit=1200%2C801&ssl=1&resize=350%2C200 1x, https:\/\/i0.wp.com\/mainstyle.org\/wp-content\/uploads\/Graffiti_Langen_2019-72.jpg?fit=1200%2C801&ssl=1&resize=525%2C300 1.5x, https:\/\/i0.wp.com\/mainstyle.org\/wp-content\/uploads\/Graffiti_Langen_2019-72.jpg?fit=1200%2C801&ssl=1&resize=700%2C400 2x, https:\/\/i0.wp.com\/mainstyle.org\/wp-content\/uploads\/Graffiti_Langen_2019-72.jpg?fit=1200%2C801&ssl=1&resize=1050%2C600 3x"},"classes":[]},{"id":3639603,"url":"https:\/\/mainstyle.org\/index.php\/2019\/08\/14\/ankuendigung-walldorf-jam-2019\/","url_meta":{"origin":2155130,"position":1},"title":"Ank\u00fcndigung: Walldorf JAM 2019!","author":"admin","date":"2019-08-14","format":false,"excerpt":"Auch dieses Jahr findet wieder die Walldorf Jam statt -und das nun schon zum f\u00fcnften Mal! Wie immer gibt es Graffiti, (Live) Musik, leckeres Essen und kalte Getr\u00e4nke sowie einige weitere kleine Attraktionen f\u00fcr die Besucher (u.a. Graffiti-Workshops f\u00fcr alle kleinen und interessierten G\u00e4ste). Der Gro\u00dfteil der K\u00fcnstlerInnen kommt aus\u2026","rel":"","context":"In &quot;Allgemein&quot;","block_context":{"text":"Allgemein","link":"https:\/\/mainstyle.org\/index.php\/category\/allgemein\/"},"img":{"alt_text":"","src":"https:\/\/i0.wp.com\/mainstyle.org\/wp-content\/uploads\/image-2.png?resize=350%2C200&ssl=1","width":350,"height":200},"classes":[]},{"id":624644,"url":"https:\/\/mainstyle.org\/index.php\/2017\/06\/17\/ankuendigung-lincoln-wall-jam-2017-darmstadt\/","url_meta":{"origin":2155130,"position":2},"title":"Ank\u00fcndigung &#8222;Lincoln Wall Jam&#8220; 2017 &#8211; Darmstadt","author":"admin","date":"2017-06-17","format":false,"excerpt":"Am 08.Juli und 09.Juli 2017 findet der LINCOLN WALL JAM in Darmstadt statt. 600m Wall, 70 Graffiti Writer, Hip Hop, DJ's, Essen und Trinken sowie Graffiti Workshops! Noakstra\u00dfe Ecke Franklinstra\u00dfe, N\u00e4he Haltestelle Landskronstra\u00dfe. Bilder mit freundlicher Unterst\u00fctzung von @lincolnwall.darmstadt Instagram UND\u00a0https:\/\/de-de.facebook.com\/LincolnWallDarmstadt\/","rel":"","context":"In &quot;Lincoln Wall&quot;","block_context":{"text":"Lincoln Wall","link":"https:\/\/mainstyle.org\/index.php\/category\/lincoln-wall\/"},"img":{"alt_text":"","src":"https:\/\/i0.wp.com\/mainstyle.org\/wp-content\/uploads\/18699933_1973643999521553_4132371480666533803_n.jpg?fit=960%2C529&ssl=1&resize=350%2C200","width":350,"height":200,"srcset":"https:\/\/i0.wp.com\/mainstyle.org\/wp-content\/uploads\/18699933_1973643999521553_4132371480666533803_n.jpg?fit=960%2C529&ssl=1&resize=350%2C200 1x, https:\/\/i0.wp.com\/mainstyle.org\/wp-content\/uploads\/18699933_1973643999521553_4132371480666533803_n.jpg?fit=960%2C529&ssl=1&resize=525%2C300 1.5x, https:\/\/i0.wp.com\/mainstyle.org\/wp-content\/uploads\/18699933_1973643999521553_4132371480666533803_n.jpg?fit=960%2C529&ssl=1&resize=700%2C400 2x"},"classes":[]},{"id":615775,"url":"https:\/\/mainstyle.org\/index.php\/2017\/06\/12\/ankuendigung-character-jam-2017-jgh-am-buegel\/","url_meta":{"origin":2155130,"position":3},"title":"Ank\u00fcndigung &#8222;Character Jam&#8220; 2017 &#8211; JGH am B\u00fcgel","author":"admin","date":"2017-06-12","format":false,"excerpt":"Es ist wieder soweit, am\u00a024. & 25 Juni - Sa & So jeweils ab 13:00 Uhr findet der Character Jam 2017 rund um das\u00a0Jugendhaus am B\u00fcgel statt, welches allj\u00e4hrlich neu gestaltet wird! Im Vordergrund stehen Character, Figuren, es sind aber immer wieder auch herrliche Styles dabei. In diesem Jahr wurden\u2026","rel":"","context":"In &quot;Character Jam&quot;","block_context":{"text":"Character Jam","link":"https:\/\/mainstyle.org\/index.php\/category\/character-jam\/"},"img":{"alt_text":"","src":"https:\/\/i0.wp.com\/mainstyle.org\/wp-content\/uploads\/3f7d509d7d9f75e44ca9acaf8944aa99-e1497295917473.jpg?fit=720%2C266&ssl=1&resize=350%2C200","width":350,"height":200,"srcset":"https:\/\/i0.wp.com\/mainstyle.org\/wp-content\/uploads\/3f7d509d7d9f75e44ca9acaf8944aa99-e1497295917473.jpg?fit=720%2C266&ssl=1&resize=350%2C200 1x, https:\/\/i0.wp.com\/mainstyle.org\/wp-content\/uploads\/3f7d509d7d9f75e44ca9acaf8944aa99-e1497295917473.jpg?fit=720%2C266&ssl=1&resize=525%2C300 1.5x, https:\/\/i0.wp.com\/mainstyle.org\/wp-content\/uploads\/3f7d509d7d9f75e44ca9acaf8944aa99-e1497295917473.jpg?fit=720%2C266&ssl=1&resize=700%2C400 2x"},"classes":[]},{"id":739437,"url":"https:\/\/mainstyle.org\/index.php\/2017\/08\/13\/ankuendigung-walldorf-jam-3-16-09-2017\/","url_meta":{"origin":2155130,"position":4},"title":"Ank\u00fcndigung Walldorf-Jam #3 16.09.2017","author":"admin","date":"2017-08-13","format":"gallery","excerpt":"Hallo zusammen, die Walldorf-Jam geht in die dritte Runde 16.09.2017\u00a0\u00a011:00\u00a0-\u00a021:00 Uhr! Okrifteler Str. 27 M\u00f6rfelden-Walldorf! Facebookveranstaltung: KLICK Es haben sich rund 40 hervorragende K\u00fcnstlerInnen angek\u00fcndigt, die dem Gel\u00e4nde ein neues Antlitz verpassen und euch mit Musik und sonstigen Annehmlichkeiten unterhalten werden. Neben zahlreichen Locals werden auch einige \u00fcberregionale K\u00fcnstler vor\u2026","rel":"","context":"In &quot;Allgemein&quot;","block_context":{"text":"Allgemein","link":"https:\/\/mainstyle.org\/index.php\/category\/allgemein\/"},"img":{"alt_text":"","src":"https:\/\/i0.wp.com\/mainstyle.org\/wp-content\/uploads\/Graffiti_WalldorfJam2_2016-2-1.jpg?fit=1024%2C684&ssl=1&resize=350%2C200","width":350,"height":200,"srcset":"https:\/\/i0.wp.com\/mainstyle.org\/wp-content\/uploads\/Graffiti_WalldorfJam2_2016-2-1.jpg?fit=1024%2C684&ssl=1&resize=350%2C200 1x, https:\/\/i0.wp.com\/mainstyle.org\/wp-content\/uploads\/Graffiti_WalldorfJam2_2016-2-1.jpg?fit=1024%2C684&ssl=1&resize=525%2C300 1.5x, https:\/\/i0.wp.com\/mainstyle.org\/wp-content\/uploads\/Graffiti_WalldorfJam2_2016-2-1.jpg?fit=1024%2C684&ssl=1&resize=700%2C400 2x"},"classes":[]},{"id":175354,"url":"https:\/\/mainstyle.org\/index.php\/2016\/07\/13\/ankuendigung-walldorf-jam-2-13-august-2016\/","url_meta":{"origin":2155130,"position":5},"title":"Ank\u00fcndigung Walldorf-Jam #2 13.August.2016","author":"admin","date":"2016-07-13","format":false,"excerpt":"Hallo zusammen, anbei die Ank\u00fcndigung f\u00fcr den Walldorf-Jam #2 sowie\u00a0weitere Informationen vom Veranstalter: Die Walldorf-Jam geht in diesem August in die zweite Runde. Da sie im letzten Jahr gro\u00dfen Anklang fand und da die Jugendpflege M\u00f6rfelden-Walldorf gute Erfahrungen mit verschiedenen graffitibezogenen Events gemacht hat, wird das Event folgerichtig auch in\u2026","rel":"","context":"In &quot;Allgemein&quot;","block_context":{"text":"Allgemein","link":"https:\/\/mainstyle.org\/index.php\/category\/allgemein\/"},"img":{"alt_text":"JUZ WALLDORF Walldorfjam #2 ","src":"https:\/\/i0.wp.com\/mainstyle.org\/wp-content\/uploads\/flyer-jam-Kopie-724x1024.jpg?resize=350%2C200&ssl=1","width":350,"height":200,"srcset":"https:\/\/i0.wp.com\/mainstyle.org\/wp-content\/uploads\/flyer-jam-Kopie-724x1024.jpg?resize=350%2C200&ssl=1 1x, https:\/\/i0.wp.com\/mainstyle.org\/wp-content\/uploads\/flyer-jam-Kopie-724x1024.jpg?resize=525%2C300&ssl=1 1.5x"},"classes":[]}],"_links":{"self":[{"href":"https:\/\/mainstyle.org\/index.php\/wp-json\/wp\/v2\/posts\/2155130","targetHints":{"allow":["GET"]}}],"collection":[{"href":"https:\/\/mainstyle.org\/index.php\/wp-json\/wp\/v2\/posts"}],"about":[{"href":"https:\/\/mainstyle.org\/index.php\/wp-json\/wp\/v2\/types\/post"}],"author":[{"embeddable":true,"href":"https:\/\/mainstyle.org\/index.php\/wp-json\/wp\/v2\/users\/360"}],"replies":[{"embeddable":true,"href":"https:\/\/mainstyle.org\/index.php\/wp-json\/wp\/v2\/comments?post=2155130"}],"version-history":[{"count":4,"href":"https:\/\/mainstyle.org\/index.php\/wp-json\/wp\/v2\/posts\/2155130\/revisions"}],"predecessor-version":[{"id":2157085,"href":"https:\/\/mainstyle.org\/index.php\/wp-json\/wp\/v2\/posts\/2155130\/revisions\/2157085"}],"wp:attachment":[{"href":"https:\/\/mainstyle.org\/index.php\/wp-json\/wp\/v2\/media?parent=2155130"}],"wp:term":[{"taxonomy":"category","embeddable":true,"href":"https:\/\/mainstyle.org\/index.php\/wp-json\/wp\/v2\/categories?post=2155130"},{"taxonomy":"post_tag","embeddable":true,"href":"https:\/\/mainstyle.org\/index.php\/wp-json\/wp\/v2\/tags?post=2155130"}],"curies":[{"name":"wp","href":"https:\/\/api.w.org\/{rel}","templated":true}]}}