{"id":5819972,"date":"2023-08-24T21:31:43","date_gmt":"2023-08-24T19:31:43","guid":{"rendered":"https:\/\/mainstyle.org\/?p=5819972"},"modified":"2023-08-25T14:27:06","modified_gmt":"2023-08-25T12:27:06","slug":"verlaengerung-graffiti-streetart-ausstellung-von-mind21-snc-cesarone-snc","status":"publish","type":"post","link":"https:\/\/mainstyle.org\/index.php\/2023\/08\/24\/verlaengerung-graffiti-streetart-ausstellung-von-mind21-snc-cesarone-snc\/","title":{"rendered":"Verl\u00e4ngerung! Graffiti- &amp; Streetart-Ausstellung von Mind21.SNC + CesarOne.SNC"},"content":{"rendered":"\n<p class=\"has-text-align-center\"><strong>Die Graffiti- &amp; Streetart-Ausstellung von <a href=\"https:\/\/www.instagram.com\/mind21_snccrew\/\">Mind21.SNC<\/a> + C<a href=\"https:\/\/www.instagram.com\/cesaronesnc\/\">esarOne.SNC<\/a> im <a href=\"https:\/\/www.ruesselsheim.de\/freiraumf3.html\">Kunstraum Freiraum f3<\/a> wurde verl\u00e4ngert bis Mittwoch den 30.08.2023!<\/strong><\/p>\n\n\n<div class=\"wp-block-image is-style-default\">\n<figure class=\"aligncenter size-full\"><img data-recalc-dims=\"1\" loading=\"lazy\" decoding=\"async\" width=\"525\" height=\"784\" data-attachment-id=\"5820753\" data-permalink=\"https:\/\/mainstyle.org\/index.php\/2023\/08\/24\/verlaengerung-graffiti-streetart-ausstellung-von-mind21-snc-cesarone-snc\/image0\/\" data-orig-file=\"https:\/\/i0.wp.com\/mainstyle.org\/wp-content\/uploads\/image0.jpeg?fit=525%2C784&amp;ssl=1\" data-orig-size=\"525,784\" data-comments-opened=\"1\" data-image-meta=\"{&quot;aperture&quot;:&quot;0&quot;,&quot;credit&quot;:&quot;&quot;,&quot;camera&quot;:&quot;&quot;,&quot;caption&quot;:&quot;&quot;,&quot;created_timestamp&quot;:&quot;0&quot;,&quot;copyright&quot;:&quot;&quot;,&quot;focal_length&quot;:&quot;0&quot;,&quot;iso&quot;:&quot;0&quot;,&quot;shutter_speed&quot;:&quot;0&quot;,&quot;title&quot;:&quot;&quot;,&quot;orientation&quot;:&quot;1&quot;}\" data-image-title=\"image0\" data-image-description=\"\" data-image-caption=\"\" data-large-file=\"https:\/\/i0.wp.com\/mainstyle.org\/wp-content\/uploads\/image0.jpeg?fit=525%2C784&amp;ssl=1\" src=\"https:\/\/i0.wp.com\/mainstyle.org\/wp-content\/uploads\/image0.jpeg?resize=525%2C784&#038;ssl=1\" alt=\"\" class=\"wp-image-5820753\" srcset=\"https:\/\/i0.wp.com\/mainstyle.org\/wp-content\/uploads\/image0.jpeg?w=525&amp;ssl=1 525w, https:\/\/i0.wp.com\/mainstyle.org\/wp-content\/uploads\/image0.jpeg?resize=201%2C300&amp;ssl=1 201w\" sizes=\"auto, (max-width: 525px) 100vw, 525px\" \/><\/figure>\n<\/div>\n\n\n<p class=\"has-text-align-center\"><strong>Wo: 65428 R\u00fcsselsheim, Freiraum f3, Frankfurter Stra\u00dfe 3<\/strong><\/p>\n\n\n\n<p class=\"has-text-align-center\"><strong>T\u00e4glich von 10:00-18:00 Uhr!<\/strong><\/p>\n\n\n\n<p class=\"has-text-align-center\"><strong>Have Phun!<\/strong><\/p>\n","protected":false},"excerpt":{"rendered":"<p>Die Graffiti- &amp; Streetart-Ausstellung von Mind21.SNC + CesarOne.SNC im Kunstraum Freiraum f3 wurde verl\u00e4ngert bis Mittwoch den 30.08.2023! Wo: 65428 R\u00fcsselsheim, Freiraum f3, Frankfurter Stra\u00dfe 3 T\u00e4glich von 10:00-18:00 Uhr! Have Phun!<\/p>\n","protected":false},"author":360,"featured_media":0,"comment_status":"open","ping_status":"closed","sticky":false,"template":"","format":"standard","meta":{"jetpack_post_was_ever_published":false,"_jetpack_newsletter_access":"","_jetpack_dont_email_post_to_subs":false,"_jetpack_newsletter_tier_id":0,"_jetpack_memberships_contains_paywalled_content":false,"_jetpack_memberships_contains_paid_content":false,"footnotes":""},"categories":[1],"tags":[622,329,3116,3117,810],"class_list":["post-5819972","post","type-post","status-publish","format-standard","hentry","category-allgemein","tag-ausstellung","tag-cesar","tag-cesarone","tag-freiraum-f3","tag-mind21"],"jetpack_featured_media_url":"","jetpack_shortlink":"https:\/\/wp.me\/p4RzNO-oq2w","jetpack_likes_enabled":true,"jetpack_sharing_enabled":true,"jetpack-related-posts":[{"id":3028710,"url":"https:\/\/mainstyle.org\/index.php\/2019\/06\/19\/blend-festival-2019\/","url_meta":{"origin":5819972,"position":0},"title":"Blend Festival 2019","author":"admin","date":"2019-06-19","format":false,"excerpt":"Kurz vorm Start eine Erinnerung, am Freitag gehts Blend Festival 2019 los!21.\u00a0\/\u00a022.\u00a0\/\u00a023. Juni 2019G\u00dcNES THEATER GEL\u00c4NDE FRANKFURT\/MAIN > > > Es sind noch ein paar Tickets f\u00fcr So zu haben! < < < STREETART AREA & LIVE GRAFFITIpres. by Loop Colors Germany, Sit Art, Engin Dogan & Glue Squad Knapp\u2026","rel":"","context":"In &quot;Allgemein&quot;","block_context":{"text":"Allgemein","link":"https:\/\/mainstyle.org\/index.php\/category\/allgemein\/"},"img":{"alt_text":"","src":"https:\/\/i0.wp.com\/mainstyle.org\/wp-content\/uploads\/image-1.png?resize=350%2C200&ssl=1","width":350,"height":200,"srcset":"https:\/\/i0.wp.com\/mainstyle.org\/wp-content\/uploads\/image-1.png?resize=350%2C200&ssl=1 1x, https:\/\/i0.wp.com\/mainstyle.org\/wp-content\/uploads\/image-1.png?resize=525%2C300&ssl=1 1.5x, https:\/\/i0.wp.com\/mainstyle.org\/wp-content\/uploads\/image-1.png?resize=700%2C400&ssl=1 2x"},"classes":[]},{"id":11436,"url":"https:\/\/mainstyle.org\/index.php\/2013\/08\/31\/streetart-brazil-frankfurt-schirn-preview-part-1-2013\/","url_meta":{"origin":5819972,"position":1},"title":"Street-Art Brazil Frankfurt SCHIRN \u2013 Preview Part 1 &#8211; 2013","author":"admin","date":"2013-08-31","format":false,"excerpt":"Hallo, anbei Impressionen von der Blogger Preview Street-Art Brazil - eine Ausstellung der SCHIRN Frankfurt\u00a0und der Kuratorin Carolin K\u00f6chling. Start der Ausstellung ist am 05.09.2013 . Den journalistischen Teil zur Ausstellung \u00fcberlasse ich den befreundeten Streetart Blogs:\u00a0Stadtkindffm\u00a0Dosenkunst\u00a0und nochmal\u00a0Stadtkindffm und\u00a0Dosenkunst\u00a0 Von mir nun die ersten Fotos von den beeindruckenden\u00a0Kunstwerken der K\u00fcnstler:\u2026","rel":"","context":"In &quot;Street Art Brazil Frankfurt&quot;","block_context":{"text":"Street Art Brazil Frankfurt","link":"https:\/\/mainstyle.org\/index.php\/category\/street-art-brazil-frankfurt-kunsthalle-schirn-2013\/"},"img":{"alt_text":"","src":"https:\/\/i0.wp.com\/mainstyle.org\/wp-content\/uploads\/Streetart_Brazil_Preview_-20-von-22.jpg?resize=350%2C200&ssl=1","width":350,"height":200,"srcset":"https:\/\/i0.wp.com\/mainstyle.org\/wp-content\/uploads\/Streetart_Brazil_Preview_-20-von-22.jpg?resize=350%2C200&ssl=1 1x, https:\/\/i0.wp.com\/mainstyle.org\/wp-content\/uploads\/Streetart_Brazil_Preview_-20-von-22.jpg?resize=525%2C300&ssl=1 1.5x, https:\/\/i0.wp.com\/mainstyle.org\/wp-content\/uploads\/Streetart_Brazil_Preview_-20-von-22.jpg?resize=700%2C400&ssl=1 2x, https:\/\/i0.wp.com\/mainstyle.org\/wp-content\/uploads\/Streetart_Brazil_Preview_-20-von-22.jpg?resize=1050%2C600&ssl=1 3x, https:\/\/i0.wp.com\/mainstyle.org\/wp-content\/uploads\/Streetart_Brazil_Preview_-20-von-22.jpg?resize=1400%2C800&ssl=1 4x"},"classes":[]},{"id":1883884,"url":"https:\/\/mainstyle.org\/index.php\/2018\/10\/26\/the-life-of-creis-ausstellung-von-art-und-graffiti-art-nachlese\/","url_meta":{"origin":5819972,"position":2},"title":"THE LIFE OF CREIS &#8211; Ausstellung von Art und Graffiti Art &#8211; Nachlese","author":"admin","date":"2018-10-26","format":false,"excerpt":"Hallo zusammen, am 06.10.2018 durfte ich Zeuge werden von einer k\u00fcnstlerisch extrem einzigartigen und dazu auch noch emotionalen Ausstellung werden, es war eher eine BEGEGNUNG! \"THE LIFE OF CREIS\" Der K\u00fcnstler \"malt\" als Graffiti Artist seit Jahren, f\u00fcr mich sehr ausgefeilte - was immer im Auge des Betrachters liegt -\u2026","rel":"","context":"In &quot;ART&quot;","block_context":{"text":"ART","link":"https:\/\/mainstyle.org\/index.php\/category\/art\/"},"img":{"alt_text":"","src":"https:\/\/i0.wp.com\/mainstyle.org\/wp-content\/uploads\/20180908-M2401309-1.jpg?fit=1200%2C802&ssl=1&resize=350%2C200","width":350,"height":200,"srcset":"https:\/\/i0.wp.com\/mainstyle.org\/wp-content\/uploads\/20180908-M2401309-1.jpg?fit=1200%2C802&ssl=1&resize=350%2C200 1x, https:\/\/i0.wp.com\/mainstyle.org\/wp-content\/uploads\/20180908-M2401309-1.jpg?fit=1200%2C802&ssl=1&resize=525%2C300 1.5x, https:\/\/i0.wp.com\/mainstyle.org\/wp-content\/uploads\/20180908-M2401309-1.jpg?fit=1200%2C802&ssl=1&resize=700%2C400 2x, https:\/\/i0.wp.com\/mainstyle.org\/wp-content\/uploads\/20180908-M2401309-1.jpg?fit=1200%2C802&ssl=1&resize=1050%2C600 3x"},"classes":[]},{"id":26552,"url":"https:\/\/mainstyle.org\/index.php\/2014\/07\/26\/erste-ausstellung-zum-thema-frankfurt-graffiti-1989-im-jgh-gallus-teil-12\/","url_meta":{"origin":5819972,"position":3},"title":"Erste Ausstellung zum Thema Frankfurt Graffiti 1989 im &#8222;JGH&#8220; Gallus Teil 1\/2","author":"admin","date":"2014-07-26","format":false,"excerpt":"Hallo zusammen, ich bin gerade auf ein 25 Jahre altes Plakat gesto\u00dfen was ziemlich gut zum Blog passt. Das Plakat f\u00fcr meine erste Graffiti - Foto - Ausstellung 1989 im Jugendhaus Gallus. (maybe die erste in Frankfurt am Main ?) Bild von den ZIP Brothers Kubic & Vision 1987 Zur\u2026","rel":"","context":"In &quot;Frankfurt Graffiti&quot;","block_context":{"text":"Frankfurt Graffiti","link":"https:\/\/mainstyle.org\/index.php\/category\/frankfurt-graffiti\/"},"img":{"alt_text":"","src":"https:\/\/i0.wp.com\/mainstyle.org\/wp-content\/uploads\/First-Jugendhaus-Gallus-17.03.1989-1-von-1.jpg?resize=350%2C200&ssl=1","width":350,"height":200,"srcset":"https:\/\/i0.wp.com\/mainstyle.org\/wp-content\/uploads\/First-Jugendhaus-Gallus-17.03.1989-1-von-1.jpg?resize=350%2C200&ssl=1 1x, https:\/\/i0.wp.com\/mainstyle.org\/wp-content\/uploads\/First-Jugendhaus-Gallus-17.03.1989-1-von-1.jpg?resize=525%2C300&ssl=1 1.5x, https:\/\/i0.wp.com\/mainstyle.org\/wp-content\/uploads\/First-Jugendhaus-Gallus-17.03.1989-1-von-1.jpg?resize=700%2C400&ssl=1 2x, https:\/\/i0.wp.com\/mainstyle.org\/wp-content\/uploads\/First-Jugendhaus-Gallus-17.03.1989-1-von-1.jpg?resize=1050%2C600&ssl=1 3x"},"classes":[]},{"id":1845264,"url":"https:\/\/mainstyle.org\/index.php\/2018\/09\/21\/the-life-of-creis-art-ausstellung-6-oktober-2018\/","url_meta":{"origin":5819972,"position":4},"title":"The Life of Creis &#8211; ART Ausstellung 6. Oktober 2018","author":"admin","date":"2018-09-21","format":false,"excerpt":"Hallo zusammen, ich m\u00f6chte hiermit und unbedingt auf diese Ausstellung aufmerksam machen. Die Inhalte entsprechen dem Titel, keine Bling Bling Veranstaltung sondern ein ernsthafter visueller Einblick in das Schaffen und somit auch Leben von Creis! Atelier Frankfurt - Eintritt frei! Wir sehen uns dort. Have Phun!Original Text von CREIS: Mit\u2026","rel":"","context":"In &quot;Frankfurt Graffiti&quot;","block_context":{"text":"Frankfurt Graffiti","link":"https:\/\/mainstyle.org\/index.php\/category\/frankfurt-graffiti\/"},"img":{"alt_text":"","src":"https:\/\/i0.wp.com\/mainstyle.org\/wp-content\/uploads\/20180908-M2401309-1.jpg?fit=1200%2C802&ssl=1&resize=350%2C200","width":350,"height":200,"srcset":"https:\/\/i0.wp.com\/mainstyle.org\/wp-content\/uploads\/20180908-M2401309-1.jpg?fit=1200%2C802&ssl=1&resize=350%2C200 1x, https:\/\/i0.wp.com\/mainstyle.org\/wp-content\/uploads\/20180908-M2401309-1.jpg?fit=1200%2C802&ssl=1&resize=525%2C300 1.5x, https:\/\/i0.wp.com\/mainstyle.org\/wp-content\/uploads\/20180908-M2401309-1.jpg?fit=1200%2C802&ssl=1&resize=700%2C400 2x, https:\/\/i0.wp.com\/mainstyle.org\/wp-content\/uploads\/20180908-M2401309-1.jpg?fit=1200%2C802&ssl=1&resize=1050%2C600 3x"},"classes":[]},{"id":11346,"url":"https:\/\/mainstyle.org\/index.php\/2013\/08\/31\/streetart-brazil-schirn-u-bahn-end2end-teaser\/","url_meta":{"origin":5819972,"position":5},"title":"Street-Art Brazil Frankfurt SCHIRN  &#8211; U-Bahn end2end Teaser :)","author":"admin","date":"2013-08-31","format":false,"excerpt":"Hallo zusammen, die SCHIRN pr\u00e4sentiert mit der Kuratorin \u00a0Carolin K\u00f6chling ab dem 05.09.2013 Street-Art Brazil an verschiedenen Lokationen in Frankfurt am Main. Wie bisher \u00fcberlasse ich den journalistischen Teil den befreundeten Streetart Blogs : Stadtkindffm\u00a0Dosenkunst\u00a0und nochmal Stadtkindffm und Dosenkunst :) Ich beschr\u00e4nke mich im Part 1 mal auf ein paar\u2026","rel":"","context":"In &quot;Street Art Brazil Frankfurt&quot;","block_context":{"text":"Street Art Brazil Frankfurt","link":"https:\/\/mainstyle.org\/index.php\/category\/street-art-brazil-frankfurt-kunsthalle-schirn-2013\/"},"img":{"alt_text":"","src":"https:\/\/i0.wp.com\/mainstyle.org\/wp-content\/uploads\/Streetart-Brazil-SCHIRN-Frankfurt-2013_-13-von-25.jpg?fit=1200%2C900&ssl=1&resize=350%2C200","width":350,"height":200,"srcset":"https:\/\/i0.wp.com\/mainstyle.org\/wp-content\/uploads\/Streetart-Brazil-SCHIRN-Frankfurt-2013_-13-von-25.jpg?fit=1200%2C900&ssl=1&resize=350%2C200 1x, https:\/\/i0.wp.com\/mainstyle.org\/wp-content\/uploads\/Streetart-Brazil-SCHIRN-Frankfurt-2013_-13-von-25.jpg?fit=1200%2C900&ssl=1&resize=525%2C300 1.5x, https:\/\/i0.wp.com\/mainstyle.org\/wp-content\/uploads\/Streetart-Brazil-SCHIRN-Frankfurt-2013_-13-von-25.jpg?fit=1200%2C900&ssl=1&resize=700%2C400 2x, https:\/\/i0.wp.com\/mainstyle.org\/wp-content\/uploads\/Streetart-Brazil-SCHIRN-Frankfurt-2013_-13-von-25.jpg?fit=1200%2C900&ssl=1&resize=1050%2C600 3x"},"classes":[]}],"_links":{"self":[{"href":"https:\/\/mainstyle.org\/index.php\/wp-json\/wp\/v2\/posts\/5819972","targetHints":{"allow":["GET"]}}],"collection":[{"href":"https:\/\/mainstyle.org\/index.php\/wp-json\/wp\/v2\/posts"}],"about":[{"href":"https:\/\/mainstyle.org\/index.php\/wp-json\/wp\/v2\/types\/post"}],"author":[{"embeddable":true,"href":"https:\/\/mainstyle.org\/index.php\/wp-json\/wp\/v2\/users\/360"}],"replies":[{"embeddable":true,"href":"https:\/\/mainstyle.org\/index.php\/wp-json\/wp\/v2\/comments?post=5819972"}],"version-history":[{"count":2,"href":"https:\/\/mainstyle.org\/index.php\/wp-json\/wp\/v2\/posts\/5819972\/revisions"}],"predecessor-version":[{"id":5820756,"href":"https:\/\/mainstyle.org\/index.php\/wp-json\/wp\/v2\/posts\/5819972\/revisions\/5820756"}],"wp:attachment":[{"href":"https:\/\/mainstyle.org\/index.php\/wp-json\/wp\/v2\/media?parent=5819972"}],"wp:term":[{"taxonomy":"category","embeddable":true,"href":"https:\/\/mainstyle.org\/index.php\/wp-json\/wp\/v2\/categories?post=5819972"},{"taxonomy":"post_tag","embeddable":true,"href":"https:\/\/mainstyle.org\/index.php\/wp-json\/wp\/v2\/tags?post=5819972"}],"curies":[{"name":"wp","href":"https:\/\/api.w.org\/{rel}","templated":true}]}}