{"id":6113118,"date":"2024-01-14T06:06:02","date_gmt":"2024-01-14T05:06:02","guid":{"rendered":"https:\/\/mainstyle.org\/?p=6113118"},"modified":"2024-01-14T06:15:24","modified_gmt":"2024-01-14T05:15:24","slug":"frohes-neues-jahr-2024","status":"publish","type":"post","link":"https:\/\/mainstyle.org\/index.php\/2024\/01\/14\/frohes-neues-jahr-2024\/","title":{"rendered":"FROHES NEUES JAHR 2024!"},"content":{"rendered":"\n<p>Neues Jahr, neuer Drive, neues (altes) LOGO!<br><br>Ich habe beschlossen das alte Web-Logo mit dem Character von Mode2 zu reduzieren auf reine Schrift mit dem zuletzt verwendeten Font aus den fr\u00fchen 90ern, weil der eine so &#8222;eigene&#8220; sch\u00f6ne Serifen hat.<\/p>\n\n\n\n<figure class=\"wp-block-image size-large\"><img data-recalc-dims=\"1\" loading=\"lazy\" decoding=\"async\" width=\"584\" height=\"209\" data-attachment-id=\"6113133\" data-permalink=\"https:\/\/mainstyle.org\/index.php\/2024\/01\/14\/frohes-neues-jahr-2024\/mainstyle_frankfurt_2024\/\" data-orig-file=\"https:\/\/i0.wp.com\/mainstyle.org\/wp-content\/uploads\/Mainstyle_Frankfurt_2024.png?fit=2053%2C735&amp;ssl=1\" data-orig-size=\"2053,735\" data-comments-opened=\"1\" data-image-meta=\"{&quot;aperture&quot;:&quot;0&quot;,&quot;credit&quot;:&quot;&quot;,&quot;camera&quot;:&quot;&quot;,&quot;caption&quot;:&quot;&quot;,&quot;created_timestamp&quot;:&quot;0&quot;,&quot;copyright&quot;:&quot;&quot;,&quot;focal_length&quot;:&quot;0&quot;,&quot;iso&quot;:&quot;0&quot;,&quot;shutter_speed&quot;:&quot;0&quot;,&quot;title&quot;:&quot;&quot;,&quot;orientation&quot;:&quot;0&quot;}\" data-image-title=\"Mainstyle_Frankfurt_2024\" data-image-description=\"\" data-image-caption=\"\" data-large-file=\"https:\/\/i0.wp.com\/mainstyle.org\/wp-content\/uploads\/Mainstyle_Frankfurt_2024.png?fit=584%2C209&amp;ssl=1\" src=\"https:\/\/i0.wp.com\/mainstyle.org\/wp-content\/uploads\/Mainstyle_Frankfurt_2024.png?resize=584%2C209&#038;ssl=1\" alt=\"\" class=\"wp-image-6113133\" srcset=\"https:\/\/i0.wp.com\/mainstyle.org\/wp-content\/uploads\/Mainstyle_Frankfurt_2024.png?resize=1024%2C367&amp;ssl=1 1024w, https:\/\/i0.wp.com\/mainstyle.org\/wp-content\/uploads\/Mainstyle_Frankfurt_2024.png?resize=300%2C107&amp;ssl=1 300w, https:\/\/i0.wp.com\/mainstyle.org\/wp-content\/uploads\/Mainstyle_Frankfurt_2024.png?resize=768%2C275&amp;ssl=1 768w, https:\/\/i0.wp.com\/mainstyle.org\/wp-content\/uploads\/Mainstyle_Frankfurt_2024.png?resize=1536%2C550&amp;ssl=1 1536w, https:\/\/i0.wp.com\/mainstyle.org\/wp-content\/uploads\/Mainstyle_Frankfurt_2024.png?resize=2048%2C733&amp;ssl=1 2048w, https:\/\/i0.wp.com\/mainstyle.org\/wp-content\/uploads\/Mainstyle_Frankfurt_2024.png?resize=500%2C179&amp;ssl=1 500w, https:\/\/i0.wp.com\/mainstyle.org\/wp-content\/uploads\/Mainstyle_Frankfurt_2024.png?w=1168&amp;ssl=1 1168w, https:\/\/i0.wp.com\/mainstyle.org\/wp-content\/uploads\/Mainstyle_Frankfurt_2024.png?w=1752&amp;ssl=1 1752w\" sizes=\"auto, (max-width: 584px) 100vw, 584px\" \/><\/figure>\n\n\n\n<p>Weiterhin am Start ist der aller erste Font, der auf den ersten Hip Hop Magazinen Anfang der 1990er genutzt wurde:<br><\/p>\n\n\n\n<figure class=\"wp-block-image size-full\"><img data-recalc-dims=\"1\" loading=\"lazy\" decoding=\"async\" width=\"584\" height=\"114\" data-attachment-id=\"6113143\" data-permalink=\"https:\/\/mainstyle.org\/index.php\/2024\/01\/14\/frohes-neues-jahr-2024\/mainstyle_2024_einzeiler\/\" data-orig-file=\"https:\/\/i0.wp.com\/mainstyle.org\/wp-content\/uploads\/mainstyle_2024_einzeiler.png?fit=842%2C164&amp;ssl=1\" data-orig-size=\"842,164\" data-comments-opened=\"1\" data-image-meta=\"{&quot;aperture&quot;:&quot;0&quot;,&quot;credit&quot;:&quot;&quot;,&quot;camera&quot;:&quot;&quot;,&quot;caption&quot;:&quot;&quot;,&quot;created_timestamp&quot;:&quot;0&quot;,&quot;copyright&quot;:&quot;&quot;,&quot;focal_length&quot;:&quot;0&quot;,&quot;iso&quot;:&quot;0&quot;,&quot;shutter_speed&quot;:&quot;0&quot;,&quot;title&quot;:&quot;&quot;,&quot;orientation&quot;:&quot;0&quot;}\" data-image-title=\"mainstyle_2024_einzeiler\" data-image-description=\"\" data-image-caption=\"\" data-large-file=\"https:\/\/i0.wp.com\/mainstyle.org\/wp-content\/uploads\/mainstyle_2024_einzeiler.png?fit=584%2C114&amp;ssl=1\" src=\"https:\/\/i0.wp.com\/mainstyle.org\/wp-content\/uploads\/mainstyle_2024_einzeiler.png?resize=584%2C114&#038;ssl=1\" alt=\"\" class=\"wp-image-6113143\" srcset=\"https:\/\/i0.wp.com\/mainstyle.org\/wp-content\/uploads\/mainstyle_2024_einzeiler.png?w=842&amp;ssl=1 842w, https:\/\/i0.wp.com\/mainstyle.org\/wp-content\/uploads\/mainstyle_2024_einzeiler.png?resize=300%2C58&amp;ssl=1 300w, https:\/\/i0.wp.com\/mainstyle.org\/wp-content\/uploads\/mainstyle_2024_einzeiler.png?resize=768%2C150&amp;ssl=1 768w, https:\/\/i0.wp.com\/mainstyle.org\/wp-content\/uploads\/mainstyle_2024_einzeiler.png?resize=500%2C97&amp;ssl=1 500w\" sizes=\"auto, (max-width: 584px) 100vw, 584px\" \/><\/figure>\n\n\n\n<p>Hinterlasst gerne Eure Meinungen, die Kommentare schalte ich frei sobald ich dazu komme, kann auch mal eine Woche dauern.<\/p>\n\n\n\n<p><br>Have Phun!<\/p>\n","protected":false},"excerpt":{"rendered":"<p>Neues Jahr, neuer Drive, neues (altes) LOGO! Ich habe beschlossen das alte Web-Logo mit dem Character von Mode2 zu reduzieren auf reine Schrift mit dem zuletzt verwendeten Font aus den fr\u00fchen 90ern, weil der eine so &#8222;eigene&#8220; sch\u00f6ne Serifen hat. &hellip; <a href=\"https:\/\/mainstyle.org\/index.php\/2024\/01\/14\/frohes-neues-jahr-2024\/\">Weiterlesen <span class=\"meta-nav\">&rarr;<\/span><\/a><\/p>\n","protected":false},"author":361,"featured_media":6113215,"comment_status":"open","ping_status":"closed","sticky":false,"template":"","format":"standard","meta":{"jetpack_post_was_ever_published":false,"_jetpack_newsletter_access":"","_jetpack_dont_email_post_to_subs":false,"_jetpack_newsletter_tier_id":0,"_jetpack_memberships_contains_paywalled_content":false,"_jetpack_memberships_contains_paid_content":false,"footnotes":""},"categories":[1],"tags":[],"class_list":["post-6113118","post","type-post","status-publish","format-standard","has-post-thumbnail","hentry","category-allgemein"],"jetpack_featured_media_url":"https:\/\/i0.wp.com\/mainstyle.org\/wp-content\/uploads\/Mainstyle_Frankfurt_2000_smal-1-e1705209309429.png?fit=2200%2C638&ssl=1","jetpack_shortlink":"https:\/\/wp.me\/p4RzNO-pEiG","jetpack_likes_enabled":true,"jetpack_sharing_enabled":true,"jetpack-related-posts":[{"id":119563,"url":"https:\/\/mainstyle.org\/index.php\/2015\/09\/15\/neues-graffiti-magazin-writing-hessisch-aus-frankfurt-am-main-angekuendigt\/","url_meta":{"origin":6113118,"position":0},"title":"Neues GRAFFITI Magazin &#8222;Writing Hessisch&#8220; aus Frankfurt am Main angek\u00fcndigt!","author":"admin","date":"2015-09-15","format":false,"excerpt":"Hallo zusammen, auf verschiedenen Seiten, hier erw\u00e4hnt, STADTKINDFRANKFURT und ILOVEGRAFFITI, wurde das neue Graffiti Magazin \"Writing Hessisch\" aus Frankfurt am Main mit einer ISSUU Preview\u00a0f\u00fcr die Ausgabe Nr.1 angek\u00fcndigt, mehr bei den Kollegen. Facts: - Nr.1 130 Seiten auf 500 Exemplare limitiert -\u00a01UP, CBC, CPUK, DENK, DEOR, DNS, GUDE, NASH,\u2026","rel":"","context":"In &quot;Frankfurt Graffiti&quot;","block_context":{"text":"Frankfurt Graffiti","link":"https:\/\/mainstyle.org\/index.php\/category\/frankfurt-graffiti\/"},"img":{"alt_text":"Neues Graffiti Magazin aus Frankfurt am Main","src":"https:\/\/i0.wp.com\/mainstyle.org\/wp-content\/uploads\/writing-hessisch-1024x524.jpg?resize=350%2C200&ssl=1","width":350,"height":200,"srcset":"https:\/\/i0.wp.com\/mainstyle.org\/wp-content\/uploads\/writing-hessisch-1024x524.jpg?resize=350%2C200&ssl=1 1x, https:\/\/i0.wp.com\/mainstyle.org\/wp-content\/uploads\/writing-hessisch-1024x524.jpg?resize=525%2C300&ssl=1 1.5x"},"classes":[]},{"id":464583,"url":"https:\/\/mainstyle.org\/index.php\/2017\/03\/23\/under-art-construction-2-0-erste-bilder-runde-2\/","url_meta":{"origin":6113118,"position":1},"title":"UNDER ART CONSTRUCTION 2.0 \u2013 erste Bilder vom 18. und 19.M\u00e4rz.2017","author":"admin","date":"2017-03-23","format":"gallery","excerpt":"Hallo zusammen, anbei die ersten Bilder von der neuen\u00a0Runde UNDER ART CONSTRUCTION 2.0 vom 18. und 19.M\u00e4rz.2017! Frankfurt HBF S\u00fcdseite. On da Walls: COR, MONKEY, PYC, INDIAN, SPEEDONE, ROCKER, XAVIER \u00a0 Am 18. und 19.M\u00e4rz.2017\u00a0wurde der Bauzaun am Frankfurter Hauptbahnhof S\u00fcdseite von verschiedenen Graffiti K\u00fcnstlern neu gestaltet! Have Phun!","rel":"","context":"In &quot;Under ART Construction&quot;","block_context":{"text":"Under ART Construction","link":"https:\/\/mainstyle.org\/index.php\/category\/under-art-construction-2\/"},"img":{"alt_text":"","src":"https:\/\/i0.wp.com\/mainstyle.org\/wp-content\/uploads\/Under_ART_Construction_Vol.2-1_2017-6.jpg?fit=1024%2C681&ssl=1&resize=350%2C200","width":350,"height":200,"srcset":"https:\/\/i0.wp.com\/mainstyle.org\/wp-content\/uploads\/Under_ART_Construction_Vol.2-1_2017-6.jpg?fit=1024%2C681&ssl=1&resize=350%2C200 1x, https:\/\/i0.wp.com\/mainstyle.org\/wp-content\/uploads\/Under_ART_Construction_Vol.2-1_2017-6.jpg?fit=1024%2C681&ssl=1&resize=525%2C300 1.5x, https:\/\/i0.wp.com\/mainstyle.org\/wp-content\/uploads\/Under_ART_Construction_Vol.2-1_2017-6.jpg?fit=1024%2C681&ssl=1&resize=700%2C400 2x"},"classes":[]},{"id":3905339,"url":"https:\/\/mainstyle.org\/index.php\/2019\/09\/07\/kunst-verbindet-graffiti-mit-70\/","url_meta":{"origin":6113118,"position":2},"title":"\u201eKunst verbindet!\u201c Graffiti mit 70","author":"admin","date":"2019-09-07","format":false,"excerpt":"Naxos Atelier 2019 :) Ja da geht was und wie!Generation Mixtur - Graffiti-Workshop in dem NaxosAtelier\/Jugendladen Bornheim der KJFH in Frankfurt am Main!Unter dem Motto \u201eKunst verbindet!\u201c hat das Team des NaxosAtelier der KJFH Frankfurt das GDA Frankfurt am Zoo den Versuch eine Br\u00fccke zwischen Jung und Alt zu schaffen\u2026","rel":"","context":"In &quot;Frankfurt Graffiti&quot;","block_context":{"text":"Frankfurt Graffiti","link":"https:\/\/mainstyle.org\/index.php\/category\/frankfurt-graffiti\/"},"img":{"alt_text":"","src":"https:\/\/i0.wp.com\/mainstyle.org\/wp-content\/uploads\/DSC06401.jpg?fit=1200%2C799&ssl=1&resize=350%2C200","width":350,"height":200,"srcset":"https:\/\/i0.wp.com\/mainstyle.org\/wp-content\/uploads\/DSC06401.jpg?fit=1200%2C799&ssl=1&resize=350%2C200 1x, https:\/\/i0.wp.com\/mainstyle.org\/wp-content\/uploads\/DSC06401.jpg?fit=1200%2C799&ssl=1&resize=525%2C300 1.5x, https:\/\/i0.wp.com\/mainstyle.org\/wp-content\/uploads\/DSC06401.jpg?fit=1200%2C799&ssl=1&resize=700%2C400 2x, https:\/\/i0.wp.com\/mainstyle.org\/wp-content\/uploads\/DSC06401.jpg?fit=1200%2C799&ssl=1&resize=1050%2C600 3x"},"classes":[]},{"id":26552,"url":"https:\/\/mainstyle.org\/index.php\/2014\/07\/26\/erste-ausstellung-zum-thema-frankfurt-graffiti-1989-im-jgh-gallus-teil-12\/","url_meta":{"origin":6113118,"position":3},"title":"Erste Ausstellung zum Thema Frankfurt Graffiti 1989 im &#8222;JGH&#8220; Gallus Teil 1\/2","author":"admin","date":"2014-07-26","format":false,"excerpt":"Hallo zusammen, ich bin gerade auf ein 25 Jahre altes Plakat gesto\u00dfen was ziemlich gut zum Blog passt. Das Plakat f\u00fcr meine erste Graffiti - Foto - Ausstellung 1989 im Jugendhaus Gallus. (maybe die erste in Frankfurt am Main ?) Bild von den ZIP Brothers Kubic & Vision 1987 Zur\u2026","rel":"","context":"In &quot;Frankfurt Graffiti&quot;","block_context":{"text":"Frankfurt Graffiti","link":"https:\/\/mainstyle.org\/index.php\/category\/frankfurt-graffiti\/"},"img":{"alt_text":"","src":"https:\/\/i0.wp.com\/mainstyle.org\/wp-content\/uploads\/First-Jugendhaus-Gallus-17.03.1989-1-von-1.jpg?resize=350%2C200&ssl=1","width":350,"height":200,"srcset":"https:\/\/i0.wp.com\/mainstyle.org\/wp-content\/uploads\/First-Jugendhaus-Gallus-17.03.1989-1-von-1.jpg?resize=350%2C200&ssl=1 1x, https:\/\/i0.wp.com\/mainstyle.org\/wp-content\/uploads\/First-Jugendhaus-Gallus-17.03.1989-1-von-1.jpg?resize=525%2C300&ssl=1 1.5x, https:\/\/i0.wp.com\/mainstyle.org\/wp-content\/uploads\/First-Jugendhaus-Gallus-17.03.1989-1-von-1.jpg?resize=700%2C400&ssl=1 2x, https:\/\/i0.wp.com\/mainstyle.org\/wp-content\/uploads\/First-Jugendhaus-Gallus-17.03.1989-1-von-1.jpg?resize=1050%2C600&ssl=1 3x"},"classes":[]},{"id":5657624,"url":"https:\/\/mainstyle.org\/index.php\/2023\/03\/12\/frankfurt-graffiti-stores-entwicklung-maerz-2023\/","url_meta":{"origin":6113118,"position":4},"title":"Frankfurt Graffiti Stores Entwicklung M\u00e4rz 2023","author":"admin","date":"2023-03-12","format":false,"excerpt":"Eine \u00c4ra ist zu Ende gegangen, das Canpire, der legend\u00e4re Montana Graffitistore der auch Artikel von Stoff aus Frankfurt und und und im Angebot hatte, wurde nach 12 \u00bd Jahren geschlossen. Marios Nachricht zum Abschied. Der letzte Tag, der letzte Abend war am 14.01.2023, der Abschied wurde gemeinsam mit vielen\u2026","rel":"","context":"In &quot;Frankfurt Graffiti&quot;","block_context":{"text":"Frankfurt Graffiti","link":"https:\/\/mainstyle.org\/index.php\/category\/frankfurt-graffiti\/"},"img":{"alt_text":"","src":"https:\/\/i0.wp.com\/mainstyle.org\/wp-content\/uploads\/Batschkap_Frankfurt_2011_BINDING-SQUAD_CANPIRE-e1678584056517.png?fit=1200%2C438&ssl=1&resize=350%2C200","width":350,"height":200,"srcset":"https:\/\/i0.wp.com\/mainstyle.org\/wp-content\/uploads\/Batschkap_Frankfurt_2011_BINDING-SQUAD_CANPIRE-e1678584056517.png?fit=1200%2C438&ssl=1&resize=350%2C200 1x, https:\/\/i0.wp.com\/mainstyle.org\/wp-content\/uploads\/Batschkap_Frankfurt_2011_BINDING-SQUAD_CANPIRE-e1678584056517.png?fit=1200%2C438&ssl=1&resize=525%2C300 1.5x, https:\/\/i0.wp.com\/mainstyle.org\/wp-content\/uploads\/Batschkap_Frankfurt_2011_BINDING-SQUAD_CANPIRE-e1678584056517.png?fit=1200%2C438&ssl=1&resize=700%2C400 2x, https:\/\/i0.wp.com\/mainstyle.org\/wp-content\/uploads\/Batschkap_Frankfurt_2011_BINDING-SQUAD_CANPIRE-e1678584056517.png?fit=1200%2C438&ssl=1&resize=1050%2C600 3x"},"classes":[]},{"id":131674,"url":"https:\/\/mainstyle.org\/index.php\/2015\/11\/15\/review-writing-hessisch-no1-das-neue-graffiti-magazin-aus-frankfurt-am-main\/","url_meta":{"origin":6113118,"position":5},"title":"Review &#8222;WRITING HESSISCH&#8220; No1 das neue GRAFFITI Magazin aus Frankfurt am Main","author":"admin","date":"2015-11-15","format":false,"excerpt":"Hallo, ich verliere ja eher ungern viele Worte, aber in diesem Fall muss\u00a0ich doch ein paar loswerden, so wie es aussieht, ist das neue Graffiti Mag aus Hessen voll angekommen! \"WRITING HESSISCH\" No1 das neue GRAFFITI Magazin aus Frankfurt am Main Eine Ausgabe habe ich erworben eine wurde mir von\u2026","rel":"","context":"In &quot;Frankfurt Graffiti&quot;","block_context":{"text":"Frankfurt Graffiti","link":"https:\/\/mainstyle.org\/index.php\/category\/frankfurt-graffiti\/"},"img":{"alt_text":"\"WRITING HESSISCH\" No.1 das neue GRAFFITI Magazin aus Frankfurt am Main","src":"https:\/\/i0.wp.com\/mainstyle.org\/wp-content\/uploads\/DSC_6004-1024x566.jpg?resize=350%2C200&ssl=1","width":350,"height":200,"srcset":"https:\/\/i0.wp.com\/mainstyle.org\/wp-content\/uploads\/DSC_6004-1024x566.jpg?resize=350%2C200&ssl=1 1x, https:\/\/i0.wp.com\/mainstyle.org\/wp-content\/uploads\/DSC_6004-1024x566.jpg?resize=525%2C300&ssl=1 1.5x"},"classes":[]}],"_links":{"self":[{"href":"https:\/\/mainstyle.org\/index.php\/wp-json\/wp\/v2\/posts\/6113118","targetHints":{"allow":["GET"]}}],"collection":[{"href":"https:\/\/mainstyle.org\/index.php\/wp-json\/wp\/v2\/posts"}],"about":[{"href":"https:\/\/mainstyle.org\/index.php\/wp-json\/wp\/v2\/types\/post"}],"author":[{"embeddable":true,"href":"https:\/\/mainstyle.org\/index.php\/wp-json\/wp\/v2\/users\/361"}],"replies":[{"embeddable":true,"href":"https:\/\/mainstyle.org\/index.php\/wp-json\/wp\/v2\/comments?post=6113118"}],"version-history":[{"count":2,"href":"https:\/\/mainstyle.org\/index.php\/wp-json\/wp\/v2\/posts\/6113118\/revisions"}],"predecessor-version":[{"id":6113217,"href":"https:\/\/mainstyle.org\/index.php\/wp-json\/wp\/v2\/posts\/6113118\/revisions\/6113217"}],"wp:featuredmedia":[{"embeddable":true,"href":"https:\/\/mainstyle.org\/index.php\/wp-json\/wp\/v2\/media\/6113215"}],"wp:attachment":[{"href":"https:\/\/mainstyle.org\/index.php\/wp-json\/wp\/v2\/media?parent=6113118"}],"wp:term":[{"taxonomy":"category","embeddable":true,"href":"https:\/\/mainstyle.org\/index.php\/wp-json\/wp\/v2\/categories?post=6113118"},{"taxonomy":"post_tag","embeddable":true,"href":"https:\/\/mainstyle.org\/index.php\/wp-json\/wp\/v2\/tags?post=6113118"}],"curies":[{"name":"wp","href":"https:\/\/api.w.org\/{rel}","templated":true}]}}